{"id":683,"date":"2014-04-05T13:18:50","date_gmt":"2014-04-05T12:18:50","guid":{"rendered":"https:\/\/www.skmisia.ch\/?p=683"},"modified":"2019-04-08T21:09:18","modified_gmt":"2019-04-08T20:09:18","slug":"683","status":"publish","type":"post","link":"https:\/\/www.skmisia.ch\/?p=683","title":{"rendered":"Zaostren\u00e9 na rodiny&#8230;prihl\u00e1\u0161ka"},"content":{"rendered":"<p style=\"text-align: left;\" align=\"center\"><a href=\"https:\/\/www.skmisia.ch\/wp-content\/uploads\/2014\/03\/Rodiinny-vikend1.pdf\">P<\/a>rihl\u00e1\u0161ka vo form\u00e9te pdf tu!<a href=\"https:\/\/www.skmisia.ch\/wp-content\/uploads\/2014\/03\/Prihlaska.stretnutie-rodin.pdf\">Prihlaska.stretnutie rodin<\/a><\/p>\n<p align=\"center\">Slovensk\u00e1\u00a0Katol\u00edcka Misia, Brauerstrasse\u00a099; 8004 Z\u00fcrich<\/p>\n<p align=\"center\">T\/F: 044 241 50 22,\u00a0www.skmisia.ch, misionar@skmisia.ch<\/p>\n<p style=\"text-align: left;\" align=\"center\"><span style=\"font-size: 14px; line-height: 1.5em;\">\u00a0Zaostren\u00e9 na rodiny&#8230;&#8230;.<\/span><\/p>\n<p style=\"text-align: center;\">\u00a0PRIHL\u00c1\u0160KA NA RODINN\u00c9 STRETNUTIE<\/p>\n<p align=\"center\">21. \u2013 22. J\u00daNA 2014<\/p>\n<p align=\"center\"><span style=\"font-size: 14px; line-height: 1.5em;\">\u00a0<\/span><span style=\"font-size: 14px; line-height: 1.5em;\">Miesto konania: Zentrum Eckstein, Langgasse 9, 6340 Baar<\/span><\/p>\n<p style=\"text-align: center;\">\u00a0\u00a0Pl\u00e1novan\u00fd program:<\/p>\n<p style=\"text-align: left;\">Sobota, 21. j\u00fana 2014 \u00a0\u00a0\u00a0\u00a0\u00a0\u00a0\u00a0\u00a0\u00a0\u00a0\u00a0\u00a0\u00a0\u00a0\u00a0\u00a0\u00a0\u00a0\u00a0\u00a0\u00a0\u00a0\u00a0\u00a0\u00a0\u00a0\u00a0\u00a0\u00a0\u00a0\u00a0\u00a0\u00a0\u00a0 Nede\u013ea, 22. j\u00fana 2014<\/p>\n<p>10:00 \u2013 pr\u00edchod \u00fa\u010dastn\u00edkov \u00a0 \u00a0 \u00a0 \u00a0 \u00a0 \u00a0 \u00a0 \u00a0 \u00a008:00 \u2013 ra\u0148ajky<\/p>\n<p>12:30 \u2013 obed \u00a0 \u00a0 \u00a0 \u00a0 \u00a0 \u00a0 \u00a0 \u00a0 \u00a0 \u00a0 \u00a0 \u00a0 \u00a0 \u00a0 \u00a0 \u00a0 \u00a0 \u00a0 \u00a0 \u00a0 \u00a0 \u00a0 \u00a0 \u00a009:00 \u2013 sv\u00e4t\u00e1 om\u0161a<\/p>\n<p>15:00 \u2013 n\u00e1v\u0161teva jaskyne \u00a0 \u00a0 \u00a0 \u00a0 \u00a0 \u00a0 \u00a0 \u00a0 \u00a0 \u00a0 \u00a0 12:30 \u2013 obed<\/p>\n<p>18:30 \u2013 ve\u010dera \u00a0 \u00a0 \u00a0 \u00a0 \u00a0 \u00a0 \u00a0 \u00a0 \u00a0 \u00a0 \u00a0 \u00a0 \u00a0 \u00a0 \u00a0 \u00a0 \u00a0 \u00a0 \u00a0 \u00a0 \u00a0 \u00a0 15:30 \u2013 n\u00e1vrat domov<\/p>\n<p>Medzit\u00fdm s\u00fa pl\u00e1novan\u00e9 r\u00f4zne diskusie<\/p>\n<p>Cena: \u00a0\u00a0\u00a0\u00a0\u00a0\u00a0\u00a0\u00a0\u00a0\u00a0\u00a0\u00a0 dospel\u00ed: Sfr. 120.- na osobu \u00a0\u00a0\u00a0\u00a0\u00a0\u00a0\u00a0\u00a0 deti do 15 rokov: zdarma \u00a0 \u00a0 \u00a0 \u00a0 \u00a0 \u00a0 \u00a0 \u00a0 \u00a0 \u00a0 \u00a0 \u00a0 \u00a0 \u00a0 \u00a0 \u00a0 \u00a0 \u00a0 \u00a0 \u00a0 \u00a0 \u00a0 \u00a0 \u00a0 \u00a0 \u00a0 \u00a0 \u00a0 \u00a0 \u00a0 \u00a0 \u00a0 \u00a0 \u00a0 \u00a0 \u00a0 \u00a0 \u00a0 \u00a0 \u00a0 \u00a0 \u00a0 \u00a0 \u00a0 \u00a0 \u00a0 \u00a0 \u00a0 \u00a0 \u00a0 \u00a0 \u00a0 \u00a0 \u00a0 \u00a0 \u00a0 \u00a0 \u00a0 \u00a0 \u00a0 \u00a0 \u00a0 \u00a0 \u00a0 \u00a0 \u00a0 \u00a0 \u00a0 \u00a0 \u00a0nad 15 rokov: Sfr. 50.-\u00a0\u00a0\u00a0\u00a0\u00a0\u00a0\u00a0\u00a0 \u00a0\u00a0\u00a0\u00a0\u00a0\u00a0\u00a0\u00a0\u00a0 (pr\u00edpade potreby z\u013eava SKM)<\/p>\n<p>&nbsp;<\/p>\n<div>\n<table cellspacing=\"0\" cellpadding=\"0\">\n<tbody>\n<tr>\n<td bgcolor=\"white\" width=\"743\" height=\"289\">\n<table width=\"100%\" cellspacing=\"0\" cellpadding=\"0\">\n<tbody>\n<tr>\n<td>\n<div>\n<p>&nbsp;<\/p>\n<p>Prihl\u00e1\u0161ku je nutn\u00e9 odovzda\u0165 do 30. aprila 2014<\/p>\n<p>Z\u00e1v\u00e4zne sa prihlasujeme na rodinn\u00e9 stretnutie d\u0148a 21.- 22.06. 2014 v<\/p>\n<p>centre Eckstein, Baar<\/p>\n<p>&nbsp;<\/p>\n<p>Priezvisko.\u2026\u2026\u2026\u2026\u2026\u2026\u2026\u2026\u2026\u2026\u2026\u2026\u2026\u2026\u2026\u2026\u2026..Meno\u2026\u2026&#8230;\u2026\u2026\u2026\u2026\u2026\u2026\u2026\u2026\u2026\u2026\u2026\u2026\u2026\u2026\u2026\u2026\u2026<\/p>\n<p>Deti-Meno (vek)\u2026\u2026\u2026\u2026\u2026\u2026\u2026\u2026\u2026\u2026\u2026\u2026\u2026\u2026\u2026\u2026\u2026\u2026\u2026\u2026\u2026\u2026\u2026\u2026\u2026\u2026\u2026.\u2026\u2026\u2026\u2026\u2026\u2026\u2026\u2026\u2026\u2026.<\/p>\n<p>&#8230;&#8230;&#8230;&#8230;&#8230;&#8230;&#8230;&#8230;&#8230;&#8230;&#8230;&#8230;&#8230;&#8230;&#8230;&#8230;&#8230;&#8230;&#8230;&#8230;&#8230;&#8230;&#8230;&#8230;&#8230;&#8230;&#8230;&#8230;&#8230;&#8230;&#8230;&#8230;&#8230;.<\/p>\n<p>&#8230;&#8230;&#8230;&#8230;&#8230;&#8230;&#8230;&#8230;&#8230;&#8230;&#8230;&#8230;&#8230;&#8230;&#8230;&#8230;&#8230;&#8230;&#8230;&#8230;.<\/p>\n<p>Adresa\u2026\u2026\u2026\u2026\u2026\u2026\u2026\u2026\u2026\u2026\u2026\u2026\u2026\u2026\u2026\u2026\u2026\u2026\u2026\u2026\u2026\u2026\u2026\u2026\u2026\u2026\u2026\u2026\u2026\u2026\u2026\u2026\u2026\u2026\u2026\u2026\u2026\u2026\u2026\u2026&#8230;&#8230;&#8230;<\/p>\n<p>Telef\u00f3n..\u2026\u2026\u2026\u2026\u2026\u2026\u2026\u2026\u2026\u2026\u2026\u2026\u2026&#8230;.\u2026\u2026\u2026\u2026..Email\u2026\u2026\u2026\u2026\u2026\u2026\u2026\u2026\u2026\u2026\u2026\u2026\u2026\u2026\u2026\u2026\u2026\u2026\u2026..<\/p>\n<p>D\u00e1tum\u2026\u2026\u2026\u2026\u2026\u2026\u2026\u2026&#8230;Cena celkom\u2026\u2026\u2026\u2026\u2026\u2026\u2026\u2026.Podpis\u2026\u2026\u2026&#8230;..\u2026\u2026\u2026\u2026\u2026\u2026\u2026\u2026<\/p>\n<\/div>\n<\/td>\n<\/tr>\n<\/tbody>\n<\/table>\n<p>&nbsp;<\/td>\n<\/tr>\n<\/tbody>\n<\/table>\n<p>&nbsp;<\/p>\n<p>&nbsp;<\/p>\n<\/div>\n<h2 align=\"center\"><img decoding=\"async\" loading=\"lazy\" class=\" wp-image-685 alignleft\" style=\"font-size: 14.44444465637207px; font-weight: normal; text-align: start;\" alt=\"logo-misiaB (1)\" src=\"https:\/\/www.skmisia.ch\/wp-content\/uploads\/2014\/02\/logo-misiaB-1-300x288.png\" width=\"300\" height=\"288\" srcset=\"https:\/\/www.skmisia.ch\/wp-content\/uploads\/2014\/02\/logo-misiaB-1-300x288.png 300w, https:\/\/www.skmisia.ch\/wp-content\/uploads\/2014\/02\/logo-misiaB-1-1024x983.png 1024w, https:\/\/www.skmisia.ch\/wp-content\/uploads\/2014\/02\/logo-misiaB-1.png 1408w\" sizes=\"(max-width: 300px) 100vw, 300px\" \/><\/h2>\n<p>&nbsp;<\/p>\n<h2 align=\"center\"><\/h2>\n<h2 align=\"center\"><span style=\"font-size: 14px; line-height: 1.5em;\">\u00a0<\/span><\/h2>\n<h3 align=\"center\"><b>Slovensk\u00e1<\/b><b>\u00a0Katol\u00edcka Misia, Brauerstrass<\/b><b>e<\/b><b>\u00a099; 8004 Z\u00fcrich;<\/b><b><\/b><\/h3>\n<h3 align=\"center\"><b>T\/F: 0041 44 241 50 22<\/b><b><\/b><\/h3>\n<h3 align=\"center\"><span style=\"font-size: 14px; line-height: 1.5em;\">\u00a0<\/span><\/h3>\n<hr align=\"center\" size=\"2\" width=\"100%\" \/>\n<p><strong>\u00a0<\/strong><\/p>\n<p><strong>Mil\u00ed rodi\u010dia a\u00a0rodiny s\u00a0ratoles\u0165ami!<\/strong><\/p>\n<p><strong>Slovensk\u00e1 katol\u00edcka misia po\u010das svojej hist\u00f3rie tu vo \u0160vaj\u010diarsku pon\u00fakala pestr\u00e9 rodinn\u00e9 a\u00a0v\u00fdchovn\u00e9 podujatia. Najm\u00e4 v\u00a0obdob\u00ed totality spolo\u010denstvo zdru\u017een\u00e9 okolo otca Ban\u00edka organizovalo t\u00e1bory, \u010di v\u00fdlety rodinn\u00e9ho typu. Hoci dnes je spolo\u010densk\u00e1 situ\u00e1cia zna\u010dne pozmenen\u00e1, st\u00e1le zost\u00e1va v\u00fdzvou pre t\u00fato dobu ochrana kres\u0165anskej rodiny a\u00a0pomoc a podpora pri zdravej kres\u0165anskej, kult\u00farnej v\u00fdchove.<\/strong><\/p>\n<p><strong>Obr\u00e1tili sa na m\u0148a nieko\u013ek\u00e9 rodiny s\u00a0iniciat\u00edvou usporiada\u0165 nejak\u00e9 podujatie rodinn\u00e9ho typu, za \u00fa\u010delom zozn\u00e1menia sa, povzbudenia a oddychu. Uva\u017eujem preto nad mo\u017enos\u0165ou v\u00edkendov\u00e9ho pobytu, ktor\u00e9ho cie\u013eom by bolo vytvorenie radostn\u00e9ho spolo\u010denstva viery, podelenie o\u00a0potreb\u00e1ch slovensk\u00fdch rod\u00edn v\u00a0na\u0161om prostred\u00ed, oddych, ale i\u00a0pr\u00edprava a\u00a0pl\u00e1novanie podujatia v\u00a0roku 2015, ktor\u00e9 by bolo hodnotnou ponukou pre upevnenie rod\u00edn. Do bud\u00facnosti m\u00f4\u017eeme zva\u017eova\u0165 \u0161irok\u00fa paletu n\u00e1vrhov, napr.: rodinn\u00e1 dovolenka s\u00a0duchovn\u00fdm obohaten\u00edm, rodinn\u00e1 p\u00fa\u0165, rodinn\u00fd t\u00e1bor, putovn\u00fd t\u00e1bor, at\u010f. Av\u0161ak, pri ka\u017edom z t\u00fdchto podujat\u00ed sa budeme musie\u0165 spolieha\u0165 najm\u00e4 na vlastn\u00e9 sily, spolupr\u00e1cu a\u00a0zaanga\u017eovanos\u0165.<\/strong><\/p>\n<p><strong>Ak V\u00e1s oslovilo toto pozvanie, nev\u00e1hajte zap\u00edsa\u0165 svoj z\u00e1ujem do pl\u00e1novacieho kalend\u00e1ra \u201edoodle\u201c. V\u00a0z\u00e1sade predpoklad\u00e1me stretnutie po\u010das leta v rozmedz\u00ed\u00a0mesiacov j\u00fan \u2013 august. Prednostne sme orienta\u010dne navrhli d\u00e1tumy 20.-22.6. a\u00a09.-10.8. 2014, ale m\u00f4\u017eete navrhn\u00fa\u0165 i\u00a0in\u00fd term\u00edn. Presn\u00fd d\u00e1tum rodinn\u00e9ho pobytu stanov\u00edme pod\u013ea najvyhovuj\u00facej\u0161ieho term\u00ednu.<\/strong><\/p>\n<p><strong>\u00da\u010das\u0165 viacpo\u010detn\u00fdch rod\u00edn je mo\u017en\u00e9 podpori\u0165 aj z\u00a0misijn\u00e9ho rozpo\u010dtu a\u00a0zoh\u013eadn\u00edme\u00a0va\u0161e mo\u017enosti.<\/strong><\/p>\n<p><strong>Ver\u00edm, \u017ee t\u00e1to ponuka, je mo\u017enos\u0165ou\u00a0spolo\u010dn\u00fdmi n\u00e1padmi i\u00a0silami rozvin\u00fa\u0165 po\u017eehnan\u00e9 dielo.<\/strong><\/p>\n<p><strong>S\u00a0pozdravom v\u00a0modlitbe otec Pavol N.<a href=\"https:\/\/www.skmisia.ch\/wp-content\/uploads\/2014\/01\/logo-sdb.jpg\"><img decoding=\"async\" loading=\"lazy\" class=\" wp-image-272 alignright\" alt=\"logo sdb\" src=\"https:\/\/www.skmisia.ch\/wp-content\/uploads\/2014\/01\/logo-sdb.jpg\" width=\"153\" height=\"162\" \/><\/a><\/strong><\/p>\n<p>&nbsp;<\/p>\n<p><strong><\/strong><strong>V\u00e1\u0161 z\u00e1ujem m\u00f4\u017eete zazna\u010di\u0165 do pl\u00e1novacieho\u00a0kalend\u00e1ra\u00a0na tomto linku:<\/strong><\/p>\n<p><a href=\"http:\/\/www.doodle.com\/daurviuwz7if42kb\">http:\/\/www.doodle.com\/daurviuwz7if42kb<\/a><\/p>\n<p><strong>\u00a0Uz\u00e1vierka prieskumu je 15.3. 2014!<\/strong><\/p>\n","protected":false},"excerpt":{"rendered":"<p>Prihl\u00e1\u0161ka vo form\u00e9te pdf tu!Prihlaska.stretnutie rodin Slovensk\u00e1\u00a0Katol\u00edcka Misia, Brauerstrasse\u00a099; 8004 Z\u00fcrich T\/F: 044 241 50 22,\u00a0www.skmisia.ch, misionar@skmisia.ch \u00a0Zaostren\u00e9 na rodiny&#8230;&#8230;. \u00a0PRIHL\u00c1\u0160KA NA RODINN\u00c9 STRETNUTIE 21. \u2013 22. J\u00daNA 2014 \u00a0Miesto konania: Zentrum Eckstein, Langgasse&#46;&#46;&#46;<\/p>\n","protected":false},"author":3,"featured_media":686,"comment_status":"open","ping_status":"open","sticky":false,"template":"","format":"standard","meta":{"ngg_post_thumbnail":0},"categories":[8,5,6,24,1,7,4],"tags":[],"_links":{"self":[{"href":"https:\/\/www.skmisia.ch\/index.php?rest_route=\/wp\/v2\/posts\/683"}],"collection":[{"href":"https:\/\/www.skmisia.ch\/index.php?rest_route=\/wp\/v2\/posts"}],"about":[{"href":"https:\/\/www.skmisia.ch\/index.php?rest_route=\/wp\/v2\/types\/post"}],"author":[{"embeddable":true,"href":"https:\/\/www.skmisia.ch\/index.php?rest_route=\/wp\/v2\/users\/3"}],"replies":[{"embeddable":true,"href":"https:\/\/www.skmisia.ch\/index.php?rest_route=%2Fwp%2Fv2%2Fcomments&post=683"}],"version-history":[{"count":16,"href":"https:\/\/www.skmisia.ch\/index.php?rest_route=\/wp\/v2\/posts\/683\/revisions"}],"predecessor-version":[{"id":927,"href":"https:\/\/www.skmisia.ch\/index.php?rest_route=\/wp\/v2\/posts\/683\/revisions\/927"}],"wp:featuredmedia":[{"embeddable":true,"href":"https:\/\/www.skmisia.ch\/index.php?rest_route=\/wp\/v2\/media\/686"}],"wp:attachment":[{"href":"https:\/\/www.skmisia.ch\/index.php?rest_route=%2Fwp%2Fv2%2Fmedia&parent=683"}],"wp:term":[{"taxonomy":"category","embeddable":true,"href":"https:\/\/www.skmisia.ch\/index.php?rest_route=%2Fwp%2Fv2%2Fcategories&post=683"},{"taxonomy":"post_tag","embeddable":true,"href":"https:\/\/www.skmisia.ch\/index.php?rest_route=%2Fwp%2Fv2%2Ftags&post=683"}],"curies":[{"name":"wp","href":"https:\/\/api.w.org\/{rel}","templated":true}]}}