{"id":6817,"date":"2016-09-15T18:18:47","date_gmt":"2016-09-15T17:18:47","guid":{"rendered":"https:\/\/www.skmisia.ch\/?p=6817"},"modified":"2019-04-08T21:08:48","modified_gmt":"2019-04-08T20:08:48","slug":"slavnost-1-sv-prijimania","status":"publish","type":"post","link":"https:\/\/www.skmisia.ch\/?p=6817","title":{"rendered":"Sl\u00e1vnos\u0165 1. sv. prij\u00edmania"},"content":{"rendered":"<p align=\"JUSTIFY\"><span style=\"color: #4a4b4d;\"><span style=\"font-family: Arial,serif;\"><span style=\"font-size: medium;\">11. september 2016 bol v\u00fdnimo\u010dn\u00fd a\u00a0mimoriadny de\u0148 pre Janku, Jacquelin a\u00a0Sophiu. Mlad\u00e9 diev\u010datk\u00e1 po prv\u00fdkr\u00e1t prijali do svojho srdie\u010dka P\u00e1na Je\u017ei\u0161a. <\/span><\/span><\/span><\/p>\n<p align=\"JUSTIFY\"><span style=\"color: #4a4b4d;\"> <span style=\"font-family: Arial,serif;\"><span style=\"font-size: medium;\">De\u0148 s\u00a0ve\u013ek\u00fdm D \u2013 de\u0148, kedy sa pribl\u00ed\u017eili o\u00a0krok bli\u017e\u0161ie k\u00a0P\u00e1novi. Po pr\u00edprave k\u00a0tejto sviatosti, ktor\u00e1 prebiehala pod z\u00e1\u0161titou Ani\u010dky a\u00a0Julky Macejkov\u00fdch, otvorili svoje vn\u00fatro Je\u017ei\u0161ovi- Kr\u00e1\u013eovi v\u0161etk\u00fdch s\u0155dc a\u00a0uk\u00e1zali, \u017ee spoznali a\u00a0pochopili obsah a\u00a0podstatu Eucharistie. <\/span><\/span><\/span><\/p>\n<p align=\"JUSTIFY\"><a name=\"_GoBack\"><\/a><span style=\"color: #4a4b4d;\"> <span style=\"font-family: Arial,serif;\"><span style=\"font-size: medium;\">Po\u010das sv. hom\u00edlie sa otec Pavol k\u00a0nim prihovoril a\u00a0pouk\u00e1zal na to, ak\u00e9 je d\u00f4le\u017eit\u00e9 stretnutie a\u00a0priate\u013estvo s\u00a0Je\u017ei\u0161om. Uistil ich, \u017ee ak bud\u00fa siln\u00e9 vo viere, tak ich du\u0161i\u010dky nikdy neostan\u00fa pr\u00e1zdne, ale naopak, aby z\u00a0viery \u010derpali silu a v\u017edy s\u00a0rados\u0165ou a\u00a0\u0161\u0165ast\u00edm sa z\u00fa\u010dastnili na bar\u00e1nkovej hostine.<\/span><\/span><\/span><\/p>\n<p align=\"JUSTIFY\"><span style=\"color: #4a4b4d;\"> <span style=\"font-family: Arial,serif;\"><span style=\"font-size: medium;\">Cel\u00fd priebeh sv. om\u0161e skr\u00e1\u0161lil spevom detsk\u00fd spev\u00e1cky zbor a\u00a0sl\u00e1vnos\u0165 sa hlboko zap\u00edsala do s\u0155dc v\u0161etk\u00fdch veriacich.<\/span><\/span><\/span><\/p>\n","protected":false},"excerpt":{"rendered":"<p>11. september 2016 bol v\u00fdnimo\u010dn\u00fd a\u00a0mimoriadny de\u0148 pre Janku, Jacquelin a\u00a0Sophiu. Mlad\u00e9 diev\u010datk\u00e1 po prv\u00fdkr\u00e1t prijali do svojho srdie\u010dka P\u00e1na Je\u017ei\u0161a. De\u0148 s\u00a0ve\u013ek\u00fdm D \u2013 de\u0148, kedy sa pribl\u00ed\u017eili o\u00a0krok bli\u017e\u0161ie k\u00a0P\u00e1novi. Po pr\u00edprave&#46;&#46;&#46;<\/p>\n","protected":false},"author":8,"featured_media":6849,"comment_status":"open","ping_status":"closed","sticky":false,"template":"","format":"gallery","meta":{"ngg_post_thumbnail":0},"categories":[24,1],"tags":[],"_links":{"self":[{"href":"https:\/\/www.skmisia.ch\/index.php?rest_route=\/wp\/v2\/posts\/6817"}],"collection":[{"href":"https:\/\/www.skmisia.ch\/index.php?rest_route=\/wp\/v2\/posts"}],"about":[{"href":"https:\/\/www.skmisia.ch\/index.php?rest_route=\/wp\/v2\/types\/post"}],"author":[{"embeddable":true,"href":"https:\/\/www.skmisia.ch\/index.php?rest_route=\/wp\/v2\/users\/8"}],"replies":[{"embeddable":true,"href":"https:\/\/www.skmisia.ch\/index.php?rest_route=%2Fwp%2Fv2%2Fcomments&post=6817"}],"version-history":[{"count":1,"href":"https:\/\/www.skmisia.ch\/index.php?rest_route=\/wp\/v2\/posts\/6817\/revisions"}],"predecessor-version":[{"id":6853,"href":"https:\/\/www.skmisia.ch\/index.php?rest_route=\/wp\/v2\/posts\/6817\/revisions\/6853"}],"wp:featuredmedia":[{"embeddable":true,"href":"https:\/\/www.skmisia.ch\/index.php?rest_route=\/wp\/v2\/media\/6849"}],"wp:attachment":[{"href":"https:\/\/www.skmisia.ch\/index.php?rest_route=%2Fwp%2Fv2%2Fmedia&parent=6817"}],"wp:term":[{"taxonomy":"category","embeddable":true,"href":"https:\/\/www.skmisia.ch\/index.php?rest_route=%2Fwp%2Fv2%2Fcategories&post=6817"},{"taxonomy":"post_tag","embeddable":true,"href":"https:\/\/www.skmisia.ch\/index.php?rest_route=%2Fwp%2Fv2%2Ftags&post=6817"}],"curies":[{"name":"wp","href":"https:\/\/api.w.org\/{rel}","templated":true}]}}