{"id":6806,"date":"2016-09-12T12:54:17","date_gmt":"2016-09-12T11:54:17","guid":{"rendered":"https:\/\/www.skmisia.ch\/?p=6806"},"modified":"2019-04-08T21:08:48","modified_gmt":"2019-04-08T20:08:48","slug":"pochod-za-zivot-2","status":"publish","type":"post","link":"https:\/\/www.skmisia.ch\/?p=6806","title":{"rendered":"Pochod za \u017eivot"},"content":{"rendered":"<p><a href=\"https:\/\/www.skmisia.ch\/wp-content\/uploads\/2016\/09\/Pochod.za_.zivot_.2016.png\"><img decoding=\"async\" loading=\"lazy\" class=\"alignnone size-full wp-image-6807\" src=\"https:\/\/www.skmisia.ch\/wp-content\/uploads\/2016\/09\/Pochod.za_.zivot_.2016.png\" alt=\"Pochod za \u017eivot 2016\" width=\"851\" height=\"315\" srcset=\"https:\/\/www.skmisia.ch\/wp-content\/uploads\/2016\/09\/Pochod.za_.zivot_.2016.png 851w, https:\/\/www.skmisia.ch\/wp-content\/uploads\/2016\/09\/Pochod.za_.zivot_.2016-300x111.png 300w\" sizes=\"(max-width: 851px) 100vw, 851px\" \/><\/a><\/p>\n<p>Ahojte moji mil\u00ed<\/p>\n<p>V sobotu, 17. septembra sa v Berne kon\u00e1 Pochod za \u017eivot. Mo\u017eno ste sa podobn\u00fdch pochodov u\u017e z\u00fa\u010dastnili tu vo \u0160vaj\u010diarsku, alebo na Slovensku, alebo v in\u00fdch krajin\u00e1ch Eur\u00f3py.\u00a0Pochodom chceme vyjadri\u0165 svoj postoj k \u017eivotu, od jeho po\u010diatku a\u017e do prirodzen\u00e9ho konca. Vyjadri\u0165 nes\u00fahlas s potratmi, eutan\u00e1ziou a in\u00fdmi sp\u00f4sobmi, ak\u00fdmi sa spolo\u010dnos\u0165 zbavuje t\u00fdch, ktor\u00ed s\u00fa azda na pr\u00ed\u0165a\u017e.\u00a0\u013dudsk\u00fd \u017eivot je pre n\u00e1s kres\u0165anov darom od Boha a On s\u00e1m chce, aby sme na\u0161e \u017eivoty pre\u017e\u00edvali v plnosti (Jn. 10,10).<\/p>\n<p>Nev\u00e1hajte a pr\u00ed\u010fte podpori\u0165 \u017eivot! Nezabudnite zavola\u0165 aj svojich priate\u013eov a zn\u00e1mych, ktor\u00ed s\u00fahlasia s my\u0161lienkov pochodu. Stretneme sa o 14:15 pri Zytglogge. Te\u0161\u00edme sa na spolo\u010dn\u00e9 stretnutie&#8230; \ud83d\ude42<\/p>\n<p>E\u0161te prip\u00e1jam link na ofici\u00e1lny flyer, kde sa dozviete viac:\u00a0<a href=\"http:\/\/www.marschfuerslaebe.ch\/fileadmin\/sites\/mfl\/files\/Bilder-Marsch-2016\/Marsch_fuers_Laebe_2016.pdf\" target=\"_blank\" rel=\"noopener noreferrer\">Marsch fuers Laebe 2016<\/a><\/p>\n","protected":false},"excerpt":{"rendered":"<p>Ahojte moji mil\u00ed V sobotu, 17. septembra sa v Berne kon\u00e1 Pochod za \u017eivot. Mo\u017eno ste sa podobn\u00fdch pochodov u\u017e z\u00fa\u010dastnili tu vo \u0160vaj\u010diarsku, alebo na Slovensku, alebo v in\u00fdch krajin\u00e1ch Eur\u00f3py.\u00a0Pochodom chceme vyjadri\u0165&#46;&#46;&#46;<\/p>\n","protected":false},"author":4,"featured_media":6807,"comment_status":"open","ping_status":"closed","sticky":false,"template":"","format":"standard","meta":{"ngg_post_thumbnail":0},"categories":[24,1],"tags":[],"_links":{"self":[{"href":"https:\/\/www.skmisia.ch\/index.php?rest_route=\/wp\/v2\/posts\/6806"}],"collection":[{"href":"https:\/\/www.skmisia.ch\/index.php?rest_route=\/wp\/v2\/posts"}],"about":[{"href":"https:\/\/www.skmisia.ch\/index.php?rest_route=\/wp\/v2\/types\/post"}],"author":[{"embeddable":true,"href":"https:\/\/www.skmisia.ch\/index.php?rest_route=\/wp\/v2\/users\/4"}],"replies":[{"embeddable":true,"href":"https:\/\/www.skmisia.ch\/index.php?rest_route=%2Fwp%2Fv2%2Fcomments&post=6806"}],"version-history":[{"count":2,"href":"https:\/\/www.skmisia.ch\/index.php?rest_route=\/wp\/v2\/posts\/6806\/revisions"}],"predecessor-version":[{"id":9311,"href":"https:\/\/www.skmisia.ch\/index.php?rest_route=\/wp\/v2\/posts\/6806\/revisions\/9311"}],"wp:featuredmedia":[{"embeddable":true,"href":"https:\/\/www.skmisia.ch\/index.php?rest_route=\/wp\/v2\/media\/6807"}],"wp:attachment":[{"href":"https:\/\/www.skmisia.ch\/index.php?rest_route=%2Fwp%2Fv2%2Fmedia&parent=6806"}],"wp:term":[{"taxonomy":"category","embeddable":true,"href":"https:\/\/www.skmisia.ch\/index.php?rest_route=%2Fwp%2Fv2%2Fcategories&post=6806"},{"taxonomy":"post_tag","embeddable":true,"href":"https:\/\/www.skmisia.ch\/index.php?rest_route=%2Fwp%2Fv2%2Ftags&post=6806"}],"curies":[{"name":"wp","href":"https:\/\/api.w.org\/{rel}","templated":true}]}}