{"id":5854,"date":"2016-09-09T09:44:56","date_gmt":"2016-09-09T08:44:56","guid":{"rendered":"https:\/\/www.skmisia.ch\/?p=5854"},"modified":"2019-04-08T21:08:48","modified_gmt":"2019-04-08T20:08:48","slug":"pohlad-z-bicykla-na-putovanie-do-einsiedelnu","status":"publish","type":"post","link":"https:\/\/www.skmisia.ch\/?p=5854","title":{"rendered":"Poh\u013ead z bicykla na putovanie do Einsiedelnu"},"content":{"rendered":"<p>Dlho som\u00a0 uva\u017eovala, \u010di sa znova odhodla\u0165 na tradi\u010dn\u00fa p\u00fa\u0165 slovenskej katol\u00edckej misie do Einsiedeln. Ke\u010f som v\u0161ak na\u0161la na domovskej str\u00e1nke misie oznam o\u00a0pe\u0161iej t\u00fare a\u00a0po\u017eehnanie otca Niznera p\u00fatnikom, padlo\u00a0 rozhodnutie \u2013 pokra\u010dova\u0165, \u0161\u013eapa\u0165.<\/p>\n<p>Ide\u00e1lne podmienky u\u017e zr\u00e1na, slab\u00e1 prem\u00e1vka vo Winterthure a\u00a0i\u00a0popri rie\u010dke T\u00f6ss. R\u00fdchlo naskakovali kilometre, tich\u00fa\u010dko, v\u00a0rannej pr\u00edrode vyasfaltovan\u00e1 cyklistick\u00e1 trasa nap\u013a\u0148ala du\u0161u rados\u0165ou a\u00a0odvahou \u2013 \u0161\u013eapa\u0165. Po\u010das mojej prvej prest\u00e1vky na obvyklom mieste \u00a0zarazili ma zaparkovan\u00e9\u00a0 vyle\u0161ten\u00e9 a\u00a0kvetmi oven\u010den\u00e9\u00a0 traktory \u2013 Porsche \u00a0Diesel. S\u00a0neistotou som h\u013eadela na skvosty techniky minul\u00fdch rokov, poh\u013ead \u00a0z\u013eava, zprava, ale sadn\u00fa\u0165 si za volant a\u00a0vysk\u00fa\u0161a\u0165 sedadlo, nato \u00a0som sa neodv\u00e1\u017eila. Hrobov\u00e9 ticho a\u00a0predo mnou bohatstvo star\u00fdch traktorov. V\u00a0pr\u00edpade, \u017eeby sa nie\u010do prihodilo, po\u0161kodilo, nemienila\u00a0 som nies\u0165 zodpovednos\u0165. Nasadla som \u00a0do m\u00f4jho vysk\u00fa\u0161an\u00e9ho sedadla a\u00a0za\u010dala \u2013 \u0161\u013eapa\u0165. Po\u010das kr\u00fatenia kolies v T\u00f6sstal som takmer nezbadala, \u017ee som u\u017e pred dvan\u00e1stou dosiahla najvy\u0161\u0161\u00ed bod t\u00fary dopolud\u0148aj\u0161ej trasy. Mnoho t\u00e9m sa mi podarilo vyjasni\u0165, spomienkami nav\u0161t\u00edvila mnoh\u00fdch priate\u013eov a\u00a0o\u017eivila zabudnut\u00e9.\u00a0 A\u017e v\u00a0Rapperswil-Jona som musela pozorne sledova\u0165 cyklistick\u00fa trasu \u010d\u00edslo 53 a\u00a0riadi\u0165 sa semaformi.\u00a0 Patr\u00ed sa i\u00a0po\u010das \u017eivota d\u00f4js\u0165 k\u00a0\u010dervenej : \u010daka\u0165, rozm\u00fd\u0161\u013ea\u0165, sledova\u0165, pozrie\u0165 na suseda, prehodi\u0165 r\u00fdchlos\u0165, of\u00faknu\u0165 prach, prejs\u0165 si rukou po tv\u00e1ri. Skracuj\u00fa semafory \u010das? Je dobr\u00e9 \u017ei\u0165 len na zelen\u00fa?<\/p>\n<p>Kone\u010dne odpo\u010d\u00edvadlo pri Hurden, kde si ka\u017edoro\u010dne v\u00a0prest\u00e1vke zmyjem upoten\u00fa tv\u00e1r, odd\u00fdchnem, pochutn\u00e1m na dobrom chleb\u00edku a\u00a0ovoc\u00ed. I\u00a0tu boli v\u0161etky miesta na lavi\u010dk\u00e1ch vo\u013en\u00e9, nik mi nerobil spolo\u010dnos\u0165, len zabudnut\u00fd kab\u00e1t\u00a0 a\u00a0sveter prehoden\u00fd cez lavi\u010dku\u00a0 zmenili moje my\u0161lienky. Ve\u013emi som si priala, aby oble\u010denie na\u0161lo svojho majite\u013ea. Po\u010dasie st\u00e1le vhodn\u00e9 na bicyklovanie, ale teplota st\u00fapla a\u00a0predomnou dvojhodinov\u00e9 \u0161\u013eapanie na bezmotorovom bicykli. Neodolala som sk\u00fa\u0161ke autobusu s\u00a0\u010d\u00edslom 190 zastaven\u00fdm na autobusovom n\u00e1dra\u017e\u00ed v\u00a0Pf\u00e4ffikone.\u00a0 Ak ma \u0161of\u00e9r zoberie, zveziem sa. Ak v\u0161ak nast\u00fapia ko\u010diare, budem musie\u0165 \u0161\u013eapa\u0165. Priala som si, aby mami\u010dky zostali e\u0161te na n\u00e1kupoch, \u010do sa i\u00a0stalo. Zo sk\u00fasenosti pozn\u00e1m, \u017ee cesta je n\u00e1ro\u010dn\u00e1, ale hlavne z\u00a0Pf\u00e4ffikonu\u00a0 do Schindellegi\u00a0 hlu\u010dn\u00e1, nepr\u00edjemn\u00e1, \u0161kodliv\u00e9 v\u00fdfuky \u00e1ut u\u017e nepotrebujem, sp\u00f4sobuj\u00fa i\u00a0tak len hlavy bolenia. Na stanici v\u00a0Schindellegi som d\u00fafala stretn\u00fa\u0165 skupinu z\u00fcri\u0161sk\u00fdch p\u00fatnikov, nik v\u0161ak ne\u010dakal. Nesklamala som sa, d\u00f4verovala som, \u017ee ml\u00e1de\u017e je u\u017e r\u00fdchlej\u0161ia a\u00a0pravdepodobne u\u017e takmer pred cie\u013eom. Posledn\u00fdch 5 km je v\u017edy rados\u0165ou, treba u\u017e len pohodlne \u2013 \u0161\u013eapa\u0165. Cie\u013e sa bl\u00ed\u017ei, mal\u00e9 st\u00fapanie je hra\u010dkou, automobilisti prejavuj\u00fa re\u0161pekt, c\u00edti\u0165 uvo\u013enenie svalstva a\u00a0\u00fasmev, pocit radosti\u00a0 sa vy\u010daruje\u00a0 na tv\u00e1ri dobrovo\u013ene. Pri poslednom obchvate v\u00a0Einsiedeln nepoci\u0165ujem \u017eiadnu n\u00e1mahu, \u017eiadnu boles\u0165, len v\u010fa\u010dnos\u0165 za silu, pomoc a\u00a0ochranu. Kone\u010dne m\u00f4\u017eem zosadn\u00fa\u0165 z\u00a0bicykla, kone\u010dne m\u00f4\u017eem pi\u0165 vodu z\u00a0marianskej studne\u00a0 a\u00a0h\u013eadie\u0165 na priestranstvo pred bazilikou. Netrvalo dlho, ke\u010f jedno \u00a0luxusn\u00e9 auto za druh\u00fdm zap\u013a\u0148alo vo\u013en\u00e9 priestranstvo pri marianskej studni. Dokonca ma po\u017eiadali, aby som si na\u0161la in\u00e9 miesto na bicykel, ve\u013ek\u00e1 Autorallye 2016 potrebuje cel\u00fd priestor. Spravi\u0165 r\u00fdchlo z\u00e1bery, uk\u00e1za\u0165 pr\u00edtomn\u00fdm luxusn\u00e9 oldtimeri, vypi\u0165 k\u00e1vi\u010dku a\u00a0\u0161tartova\u0165 \u010falej, rallye pokra\u010duje. Prezle\u010den\u00e1, umyt\u00e1, som vst\u00fapila do baziliky a\u00a0vykonala svoje rallye; najsk\u00f4r pred \u010diernou madonou, pred hlavn\u00fdm olt\u00e1rom a\u00a0na koniec v\u00a0dolnej kaplnke zaplnenej \u00a0nemeck\u00fdmi p\u00fatnikmi. Znova ticho, tich\u00fa\u010dko, pokoj, sv. om\u0161a s\u00a0meditat\u00edvnou hom\u00edliou.\u00a0 Po absolvovan\u00ed \u00a0kres\u0165anskej rallye som stretla pred bazilikou unaven\u00fdch mlad\u00fdch slovensk\u00fdch p\u00fatnikov a\u00a0pomaly sa rozl\u00fa\u010dila s\u00a0Einsiedeln, \u00a0no s \u00a0n\u00e1dejou a\u00a0\u017eelan\u00edm: do skor\u00e9ho videnia.<\/p>\n<p>Pre ktor\u00fa rallye sa rozhodne\u0161 Ty ?<\/p>\n<p>Marta van Ooijen<\/p>\n<p><a href=\"https:\/\/www.skmisia.ch\/wp-content\/uploads\/2016\/09\/Autorallye-2016.jpg\" target=\"_blank\" rel=\"noopener noreferrer\"><img decoding=\"async\" loading=\"lazy\" class=\"aligncenter wp-image-5855 size-large\" src=\"https:\/\/www.skmisia.ch\/wp-content\/uploads\/2016\/09\/Autorallye-2016-1024x768.jpg\" alt=\"autorallye-2016\" width=\"720\" height=\"540\" srcset=\"https:\/\/www.skmisia.ch\/wp-content\/uploads\/2016\/09\/Autorallye-2016-1024x768.jpg 1024w, https:\/\/www.skmisia.ch\/wp-content\/uploads\/2016\/09\/Autorallye-2016-300x225.jpg 300w\" sizes=\"(max-width: 720px) 100vw, 720px\" \/><\/a><\/p>\n","protected":false},"excerpt":{"rendered":"<p>Dlho som\u00a0 uva\u017eovala, \u010di sa znova odhodla\u0165 na tradi\u010dn\u00fa p\u00fa\u0165 slovenskej katol\u00edckej misie do Einsiedeln. Ke\u010f som v\u0161ak na\u0161la na domovskej str\u00e1nke misie oznam o\u00a0pe\u0161iej t\u00fare a\u00a0po\u017eehnanie otca Niznera p\u00fatnikom, padlo\u00a0 rozhodnutie \u2013 pokra\u010dova\u0165,&#46;&#46;&#46;<\/p>\n","protected":false},"author":3,"featured_media":5855,"comment_status":"open","ping_status":"closed","sticky":false,"template":"","format":"standard","meta":{"ngg_post_thumbnail":0},"categories":[24,1],"tags":[],"_links":{"self":[{"href":"https:\/\/www.skmisia.ch\/index.php?rest_route=\/wp\/v2\/posts\/5854"}],"collection":[{"href":"https:\/\/www.skmisia.ch\/index.php?rest_route=\/wp\/v2\/posts"}],"about":[{"href":"https:\/\/www.skmisia.ch\/index.php?rest_route=\/wp\/v2\/types\/post"}],"author":[{"embeddable":true,"href":"https:\/\/www.skmisia.ch\/index.php?rest_route=\/wp\/v2\/users\/3"}],"replies":[{"embeddable":true,"href":"https:\/\/www.skmisia.ch\/index.php?rest_route=%2Fwp%2Fv2%2Fcomments&post=5854"}],"version-history":[{"count":2,"href":"https:\/\/www.skmisia.ch\/index.php?rest_route=\/wp\/v2\/posts\/5854\/revisions"}],"predecessor-version":[{"id":9312,"href":"https:\/\/www.skmisia.ch\/index.php?rest_route=\/wp\/v2\/posts\/5854\/revisions\/9312"}],"wp:featuredmedia":[{"embeddable":true,"href":"https:\/\/www.skmisia.ch\/index.php?rest_route=\/wp\/v2\/media\/5855"}],"wp:attachment":[{"href":"https:\/\/www.skmisia.ch\/index.php?rest_route=%2Fwp%2Fv2%2Fmedia&parent=5854"}],"wp:term":[{"taxonomy":"category","embeddable":true,"href":"https:\/\/www.skmisia.ch\/index.php?rest_route=%2Fwp%2Fv2%2Fcategories&post=5854"},{"taxonomy":"post_tag","embeddable":true,"href":"https:\/\/www.skmisia.ch\/index.php?rest_route=%2Fwp%2Fv2%2Ftags&post=5854"}],"curies":[{"name":"wp","href":"https:\/\/api.w.org\/{rel}","templated":true}]}}