{"id":5802,"date":"2017-06-20T06:00:04","date_gmt":"2017-06-20T05:00:04","guid":{"rendered":"https:\/\/www.skmisia.ch\/?p=5802"},"modified":"2019-04-08T21:08:47","modified_gmt":"2019-04-08T20:08:47","slug":"oznamy-na-19-a-20-nedelu-31-7-6-8-2016","status":"publish","type":"post","link":"https:\/\/www.skmisia.ch\/?p=5802","title":{"rendered":"Oznamy na 11. nede\u013eu v obdob\u00ed cez rok (18.6.)"},"content":{"rendered":"<p style=\"text-align: center;\"><span style=\"color: #333333;\"><strong>SLOVENSK<\/strong><strong>\u00c1 KATOL\u00cdCKA MISIA, BRAUERSTRA<\/strong><strong>SSE<\/strong><strong>\u00a0<\/strong><strong>99,<\/strong><\/span><\/p>\n<p style=\"text-align: center;\"><span style=\"color: #333333;\"><strong> 8004 Z\u00dcRICH;\u00a0<\/strong><strong>T\/F: 0041 44 241 50 22<\/strong><\/span><\/p>\n<p>&nbsp;<\/p>\n<p><span style=\"color: #333333;\">\u00a0Oznamy na 11. nede\u013eu v obdob\u00ed cez rok.<\/span><\/p>\n<p>&nbsp;<\/p>\n<p><span style=\"color: #333333;\">Liturgick\u00fd kalend\u00e1r:<\/span><\/p>\n<p>&nbsp;<\/p>\n<p><span style=\"color: #333333;\">V stredu je spomienka sv. Alojza Gonz\u00e1gu, reho\u013en\u00edka.<\/span><\/p>\n<p><span style=\"color: #333333;\">Vo \u0161tvrtok je \u013eubovo\u013en\u00e1 spomienka sv. J\u00e1na Fi\u0161era, biskupa a Tom\u00e1\u0161a Morusa, mu\u010den\u00edkov.<\/span><\/p>\n<p><span style=\"color: #333333;\">V piatok je sl\u00e1vnos\u0165 Najsv\u00e4tetej\u0161ieho Srdca Je\u017ei\u0161ovho.<\/span><\/p>\n<p><span style=\"color: #333333;\">V sobotu je sl\u00e1vnos\u0165 narodenia J\u00e1na Krstite\u013ea<\/span><\/p>\n<p><span style=\"color: #333333;\">Bud\u00faca nede\u013ea 12. nede\u013ea v obdob\u00ed cez rok.<\/span><\/p>\n<p>&nbsp;<\/p>\n<p><span style=\"color: #333333;\">Program sv. om\u0161\u00ed po\u010das t\u00fd\u017ed\u0148a:<\/span><\/p>\n<p>&nbsp;<\/p>\n<p><span style=\"color: #333333;\">Streda <strong>ml\u00e1de\u017en\u00edcka sv. om\u0161a o 20:00<\/strong> na Talianskej misii. Stretnutie spevokolu je \u00bd hodinku pred sv. om\u0161ou. Po sv. om\u0161i mal\u00e9 agap\u00e9.<\/span><\/p>\n<p>&nbsp;<\/p>\n<p><span style=\"color: #333333;\">V\u00a0piatok je sv. om\u0161a &#8211; Najsv\u00e4tetej\u0161ieho Srdca Je\u017ei\u0161ovho o <strong>19:30 v Krypte<\/strong>.<\/span><\/p>\n<p>&nbsp;<\/p>\n<p>&nbsp;<\/p>\n<ol>\n<li><span style=\"color: #333333;\">Dnes po sv\u00e4tej om\u0161i je:<\/span><\/li>\n<\/ol>\n<p><span style=\"color: #333333;\">&#8211; posedenie pri k\u00e1ve, ako obvykle v pastora\u010dn\u00fdch priestoroch oproti kostolu. V\u0161etci sme srde\u010dne pozvan\u00ed. V\u010faka sn\u00fabencom za pomoc.<\/span><\/p>\n<p><span style=\"color: #333333;\">&#8211; katech\u00e9za dospel\u00fdch s Tonkom<\/span><\/p>\n<p>&nbsp;<\/p>\n<ol start=\"2\">\n<li><span style=\"color: #333333;\">V\u00a0utorok, ako obvykle je biblick\u00e9-diskusn\u00e9 stretko o\u00a019:00 na Talianskej misii.<\/span><\/li>\n<\/ol>\n<p>&nbsp;<\/p>\n<ol start=\"3\">\n<li><span style=\"color: #333333;\">Vo \u0161tvrtok je \u0161portov\u00fd kr\u00fa\u017eok.<\/span><\/li>\n<\/ol>\n<p>&nbsp;<\/p>\n<ol start=\"4\">\n<li><span style=\"color: #333333;\">Na bud\u00facu nede\u013eu ma zast\u00fapi don Bago, idem krsti\u0165 b\u00e1b\u00e4tko z\u00a0rodiny na Slovensko.<\/span><\/li>\n<\/ol>\n<p>&nbsp;<\/p>\n<ol start=\"5\">\n<li><span style=\"color: #333333;\">Srde\u010dne V\u00e1m avizujeme a poz\u00fdvame V\u00e1s na p\u00fa\u0165 do Reichenau, ktor\u00e1 bude u\u017e o 2 t\u00fd\u017edne, v sobotu 1. J\u00fala 2017 o 17:00. T\u00ed, ktor\u00ed m\u00f4\u017eete pon\u00faknu\u0165 odvoz zap\u00ed\u0161te sa na n\u00e1stenke.<\/span><\/li>\n<\/ol>\n<p>&nbsp;<\/p>\n<ol start=\"6\">\n<li><span style=\"color: #333333;\">Avizujem dopredu, \u017ee v nede\u013eu 9. J\u00fala 2017 nedbude slovensk\u00e1 sv. om\u0161a z d\u00f4vodu, \u017ee vo farnosti Liebfrauen bude prebieha\u0165 Nazional Jugenttag. Ml\u00e1de\u017e vo veku 15 &#8211; 30 rokov je pozvan\u00e1 na sl\u00e1vnostn\u00fa sv. om\u0161u o 10:30 do horn\u00e9ho kostola, ktor\u00fa povedie Mons. Marian Eleganti. Mini\u0161tranti prijdite mini\u0161trova\u0165.<\/span><\/li>\n<\/ol>\n<p>&nbsp;<\/p>\n<ol start=\"7\">\n<li>V\u010faka za v\u00e1\u0161 milodar pri dne\u0161nej sv. om\u0161i, ktor\u00fd je ur\u010den\u00fd na Charitu. P\u00e1n Boh zapla\u0165.<\/li>\n<\/ol>\n<p style=\"text-align: center;\">*<\/p>\n<p style=\"text-align: center;\"><span style=\"color: #808080;\"><strong>SLOVENSK<\/strong><strong>\u00c1 KATOL\u00cdCKA MISIA, BRAUERSTRA<\/strong><strong>SSE<\/strong><strong>\u00a0<\/strong><strong>99;<\/strong><\/span><\/p>\n<p style=\"text-align: center;\"><span style=\"color: #808080;\"><strong> 8004 Z\u00dcRICH,\u00a0<\/strong><strong>T\/F: 0041 44 241 50 22<\/strong><\/span><\/p>\n<p>&nbsp;<\/p>\n<p><span style=\"color: #808080;\">Oznamy na 10. nede\u013eu &#8211; Sl\u00e1vnos\u0165 Najsv\u00e4tej\u0161ej Trojice.<\/span><\/p>\n<p>&nbsp;<\/p>\n<p><span style=\"color: #808080;\">Liturgick\u00fd kalend\u00e1r:<\/span><\/p>\n<p><span style=\"color: #808080;\">V utorok je spomienka sv. Antona Padu\u00e1nskeho, k\u0148aza a u\u010dite\u013ea Cirkvi.<\/span><\/p>\n<p><span style=\"color: #808080;\">Vo \u0161tvrtok je liturgick\u00e1 sl\u00e1vnos\u0165 Najsv\u00e4tej\u0161ieho Kristovho Tela a Krvi.<\/span><\/p>\n<p><span style=\"color: #808080;\">V sobotu je \u013eubovo\u013en\u00e1 spomienka Panny M\u00e1rie v sobotu.<\/span><\/p>\n<p><span style=\"color: #808080;\">Bud\u00faca nede\u013ea je 11. nede\u013ea v obdob\u00ed cez rok.<\/span><\/p>\n<p>&nbsp;<\/p>\n<p>&nbsp;<\/p>\n<p><span style=\"color: #808080;\">Program sv. om\u0161\u00ed po\u010das t\u00fd\u017ed\u0148a:<\/span><\/p>\n<p><span style=\"color: #808080;\">Streda <strong>ml\u00e1de\u017en\u00edcka sv. om\u0161a o 20:00<\/strong> na Talianskej misii. Stretnutie spevokolu je \u00bd hodinku pred sv. om\u0161ou. Po sv. om\u0161i je mal\u00e9 agap\u00e9.<\/span><\/p>\n<p>&nbsp;<\/p>\n<p><span style=\"color: #808080;\">Vo \u0161tvrtok je sv. om\u0161a o\u00a019:30 v\u00a0Krypte kostola Liebfrauen- Bo\u017eieho Tela a Krvi.<\/span><\/p>\n<p>&nbsp;<\/p>\n<p><span style=\"color: #808080;\">Dnes po sv. om\u0161i je:<\/span><\/p>\n<p><span style=\"color: #808080;\">&#8211; Dnes po sv\u00e4tej om\u0161i je posedenie pri k\u00e1ve- ako obvykle v pastora\u010dn\u00fdch priestoroch oproti kostolu. V\u0161etci sme srde\u010dne pozvan\u00ed.<\/span><\/p>\n<p><span style=\"color: #808080;\">\u00a0<\/span><\/p>\n<ol>\n<li><span style=\"color: #808080;\">V\u00a0utorok je biblicko-diskusn\u00e9 stretko na t\u00e9mu Modlitba vo vz\u0165ahu. Bude ako obvykle na Talianskej misii so za\u010diatkom o 19:00. Vedie ho Roman a Andrea.<\/span><\/li>\n<\/ol>\n<p>&nbsp;<\/p>\n<ol start=\"2\">\n<li><span style=\"color: #808080;\">Srde\u010dne V\u00e1m avizujeme a poz\u00fdvame V\u00e1s na p\u00fa\u0165 do Reichenau, ktor\u00e1 bude u\u017e o 3 t\u00fd\u017edne, v sobotu 1. J\u00fala 2017 o 17:00. T\u00ed, ktor\u00ed m\u00f4\u017eete pon\u00faknu\u0165 odvoz zap\u00ed\u0161te sa na n\u00e1stenke.<\/span><\/li>\n<\/ol>\n<p>&nbsp;<\/p>\n<ol start=\"3\">\n<li><span style=\"color: #808080;\">Pripom\u00ednam, \u017ee pri modlitebn\u00fdch kn\u00ed\u017ekach je prihl\u00e1\u0161ka na pr\u00edpravu na 1. Sv\u00e4t\u00e9 prij\u00edmanie a Birmovku na nov\u00fd \u0161kolsk\u00fd rok. Vyplnen\u00fa a potvrden\u00fa prihl\u00e1\u0161ku je potrebn\u00e9 odovzda\u0165 do 30. J\u00fana 2016. N\u00e1jdete ju aj na web. str\u00e1nke skmisia.ch<\/span><\/li>\n<\/ol>\n<p>&nbsp;<\/p>\n<ol start=\"4\">\n<li><span style=\"color: #808080;\">Uz\u00e1vierka MI \u2013 posledn\u00e9 pr\u00edspevky.<\/span><\/li>\n<\/ol>\n<p>&nbsp;<\/p>\n<ol start=\"5\">\n<li><span style=\"color: #808080;\">V\u010faka za v\u00e1\u0161 milodar pri sv. om\u0161i, ktor\u00fd je ur\u010den\u00fd pre semin\u00e1r v\u00a0Chure. Bud\u00facu nede\u013eu je zbierka na Charitu. P\u00e1n Boh zapla\u0165.<\/span><\/li>\n<\/ol>\n","protected":false},"excerpt":{"rendered":"<p>SLOVENSK\u00c1 KATOL\u00cdCKA MISIA, BRAUERSTRASSE\u00a099, 8004 Z\u00dcRICH;\u00a0T\/F: 0041 44 241 50 22 &nbsp; \u00a0Oznamy na 11. nede\u013eu v obdob\u00ed cez rok. &nbsp; Liturgick\u00fd kalend\u00e1r: &nbsp; V stredu je spomienka sv. Alojza Gonz\u00e1gu, reho\u013en\u00edka. Vo \u0161tvrtok&#46;&#46;&#46;<\/p>\n","protected":false},"author":3,"featured_media":3594,"comment_status":"open","ping_status":"closed","sticky":false,"template":"","format":"standard","meta":{"ngg_post_thumbnail":0},"categories":[24,1],"tags":[],"_links":{"self":[{"href":"https:\/\/www.skmisia.ch\/index.php?rest_route=\/wp\/v2\/posts\/5802"}],"collection":[{"href":"https:\/\/www.skmisia.ch\/index.php?rest_route=\/wp\/v2\/posts"}],"about":[{"href":"https:\/\/www.skmisia.ch\/index.php?rest_route=\/wp\/v2\/types\/post"}],"author":[{"embeddable":true,"href":"https:\/\/www.skmisia.ch\/index.php?rest_route=\/wp\/v2\/users\/3"}],"replies":[{"embeddable":true,"href":"https:\/\/www.skmisia.ch\/index.php?rest_route=%2Fwp%2Fv2%2Fcomments&post=5802"}],"version-history":[{"count":68,"href":"https:\/\/www.skmisia.ch\/index.php?rest_route=\/wp\/v2\/posts\/5802\/revisions"}],"predecessor-version":[{"id":7521,"href":"https:\/\/www.skmisia.ch\/index.php?rest_route=\/wp\/v2\/posts\/5802\/revisions\/7521"}],"wp:featuredmedia":[{"embeddable":true,"href":"https:\/\/www.skmisia.ch\/index.php?rest_route=\/wp\/v2\/media\/3594"}],"wp:attachment":[{"href":"https:\/\/www.skmisia.ch\/index.php?rest_route=%2Fwp%2Fv2%2Fmedia&parent=5802"}],"wp:term":[{"taxonomy":"category","embeddable":true,"href":"https:\/\/www.skmisia.ch\/index.php?rest_route=%2Fwp%2Fv2%2Fcategories&post=5802"},{"taxonomy":"post_tag","embeddable":true,"href":"https:\/\/www.skmisia.ch\/index.php?rest_route=%2Fwp%2Fv2%2Ftags&post=5802"}],"curies":[{"name":"wp","href":"https:\/\/api.w.org\/{rel}","templated":true}]}}