{"id":5799,"date":"2016-07-27T15:35:15","date_gmt":"2016-07-27T14:35:15","guid":{"rendered":"https:\/\/www.skmisia.ch\/?p=5799"},"modified":"2019-04-08T21:08:49","modified_gmt":"2019-04-08T20:08:49","slug":"v-nitre-zomrel-arcibiskup-dominik-hrusovsky","status":"publish","type":"post","link":"https:\/\/www.skmisia.ch\/?p=5799","title":{"rendered":"V Nitre zomrel arcibiskup Dominik Hru\u0161ovsk\u00fd"},"content":{"rendered":"<p>Vo veku 90 rokov zomrel dnes r\u00e1no arcibiskup Dominik Hru\u0161ovsk\u00fd. Zomrel v Nitre na Samovej ulici, kde posledn\u00e9 roky svojho \u017eivota pre\u017eil na odpo\u010dinku, agent\u00faru SITA o tom informovala Tla\u010dov\u00e1 kancel\u00e1ria Konferencie biskupov Slovenska (KBS). Posledn\u00e1 rozl\u00fa\u010dka so z\u00e1du\u0161nou sv\u00e4tou om\u0161ou za zosnul\u00e9ho arcibiskupa bude pod\u013ea inform\u00e1ci\u00ed z Nitrianskeho biskupstva v nede\u013eu 31. j\u00fala o 9:00 v katedr\u00e1le sv. Emer\u00e1ma v Nitre a pohreb bude v pondelok 1. augusta o 10:00 v Mani.<\/p>\n<p>Po\u010das akt\u00edvnych rokov svojho \u017eivota Hru\u0161ovsk\u00fd p\u00f4sobil okrem in\u00e9ho ako rektor P\u00e1pe\u017esk\u00e9ho slovensk\u00e9ho \u00fastavu sv. Cyrila a Metoda v R\u00edme. Po p\u00e1de komunistick\u00e9ho re\u017eimu v roku 1989 bol vik\u00e1rom niekdaj\u0161ej Trnavskej arcidiec\u00e9zy pre Bratislavu a nesk\u00f4r z poverenia p\u00e1pe\u017ea J\u00e1na Pavla II. ako apo\u0161tolsk\u00fd nuncius v Bielorusku.<\/p>\n<p>Ako \u010falej informovala KBS, Dominik Hru\u0161ovsk\u00fd (1. j\u00fana 1926, Ve\u013ek\u00e1 Ma\u0148a, dnes Ma\u0148a, okr. Nov\u00e9 Z\u00e1mky &#8211; 27. j\u00fala 2016, Nitra) sa po maturite v roku 1945 prihl\u00e1sil za klerika do trnavsk\u00e9ho semin\u00e1ra. Najprv za\u010dal \u0161tudova\u0165 na bohosloveckej fakulte v Bratislave a v roku 1946 ho ako nadan\u00e9ho \u0161tudenta poslal biskup Pavol Jantausch na bohosloveck\u00e9 \u0161t\u00fadia do R\u00edma, kde nav\u0161tevoval Later\u00e1nsku univerzitu. Po tom, ako sa v roku 1948 dostali v \u010ceskoslovensku k moci komunisti, sa u\u017e na Slovensko nevr\u00e1til.<\/p>\n<p>K\u0148azsk\u00fa vysviacku prijal 23. decembra 1950. Vykon\u00e1val pastora\u010dn\u00fa slu\u017ebu v severnom Taliansku, potom p\u00f4sobil ako profesor dogmatickej teol\u00f3gie, v rokoch 1955 a\u017e 1959 predn\u00e1\u0161al filozofiu a potom dogmatiku. V rokoch 1962 a\u017e 1966 p\u00f4sobil ako \u010dlen slovenskej katol\u00edckej misie v Par\u00ed\u017ei. Od roku 1966 p\u00f4sobil v Slovenskom \u00fastave sv. Cyrila a Metoda v R\u00edme a 1. marca 1973 sa stal jeho rektorom. V tejto funkcii zostal a\u017e do 31. decembra 1992. S\u00fa\u010dasne pracoval ako v\u00fdkonn\u00fd redaktor \u010dasopisu Slovensk\u00e9 hlasy z R\u00edma. Vzh\u013eadom na bohat\u00e9 sk\u00fasenosti so Slov\u00e1kmi mimo vlasti ho Sv\u00e4t\u00e1 stolica 17. j\u00fana 1975 vymenovala za ved\u00faceho duchovnej slu\u017eby pre Slov\u00e1kov v zahrani\u010d\u00ed. K jeho 50-ro\u010dn\u00e9mu jubileu ho p\u00e1pe\u017e Pavol VI. pov\u00fd\u0161il na p\u00e1pe\u017esk\u00e9ho prel\u00e1ta.<\/p>\n<p>P\u00e1pe\u017e J\u00e1n Pavol II. ho 18. decembra 1982 vymenoval za titul\u00e1rneho biskupa tubijsk\u00e9ho. Biskupsk\u00fa vysviacku prijal v R\u00edme z jeho r\u00fak 6. janu\u00e1ra 1983. P\u00e1d komunistick\u00e9ho re\u017eimu v novembri 1989 priniesol obrat v jeho \u017eivote. D\u0148a 24. septembra 1992 ho vymenovali za pomocn\u00e9ho biskupa Trnavskej arcidiec\u00e9zy, s osobitn\u00fdm pastora\u010dn\u00fdm povolen\u00edm pre hlavn\u00e9 mesto Slovenska &#8211; Bratislavu. N\u00e1sledne, 17. decembra 1992, bol Dominik Hru\u0161ovsk\u00fd sl\u00e1vnostne ustanoven\u00fd za auxili\u00e1ra a vik\u00e1ra Trnavskej arcidiec\u00e9zy pre Bratislavu. Na prvom zasadan\u00ed samostatnej Konferencie biskupov Slovenska 4. apr\u00edla 1993 ho zvolili za gener\u00e1lneho tajomn\u00edka KBS a predsedu Komisie pre Slov\u00e1kov v zahrani\u010d\u00ed. Hru\u0161ovsk\u00e9ho p\u00e1pe\u017e J\u00e1n Pavol II. 15. apr\u00edla 1996 vymenoval za apo\u0161tolsk\u00e9ho nuncia v Bielorusku a s\u00fa\u010dasne ho pov\u00fd\u0161il na arcibiskupa. Od j\u00fala 2007 \u017eil v svojom rodisku, v Mani (okr. Nov\u00e9 Z\u00e1mky), nesk\u00f4r v nitrianskom podhrad\u00ed na Samovej ulici.<\/p>\n","protected":false},"excerpt":{"rendered":"<p>Vo veku 90 rokov zomrel dnes r\u00e1no arcibiskup Dominik Hru\u0161ovsk\u00fd. Zomrel v Nitre na Samovej ulici, kde posledn\u00e9 roky svojho \u017eivota pre\u017eil na odpo\u010dinku, agent\u00faru SITA o tom informovala Tla\u010dov\u00e1 kancel\u00e1ria Konferencie biskupov Slovenska&#46;&#46;&#46;<\/p>\n","protected":false},"author":3,"featured_media":5800,"comment_status":"open","ping_status":"closed","sticky":false,"template":"","format":"standard","meta":{"ngg_post_thumbnail":0},"categories":[24,1],"tags":[],"_links":{"self":[{"href":"https:\/\/www.skmisia.ch\/index.php?rest_route=\/wp\/v2\/posts\/5799"}],"collection":[{"href":"https:\/\/www.skmisia.ch\/index.php?rest_route=\/wp\/v2\/posts"}],"about":[{"href":"https:\/\/www.skmisia.ch\/index.php?rest_route=\/wp\/v2\/types\/post"}],"author":[{"embeddable":true,"href":"https:\/\/www.skmisia.ch\/index.php?rest_route=\/wp\/v2\/users\/3"}],"replies":[{"embeddable":true,"href":"https:\/\/www.skmisia.ch\/index.php?rest_route=%2Fwp%2Fv2%2Fcomments&post=5799"}],"version-history":[{"count":1,"href":"https:\/\/www.skmisia.ch\/index.php?rest_route=\/wp\/v2\/posts\/5799\/revisions"}],"predecessor-version":[{"id":5801,"href":"https:\/\/www.skmisia.ch\/index.php?rest_route=\/wp\/v2\/posts\/5799\/revisions\/5801"}],"wp:featuredmedia":[{"embeddable":true,"href":"https:\/\/www.skmisia.ch\/index.php?rest_route=\/wp\/v2\/media\/5800"}],"wp:attachment":[{"href":"https:\/\/www.skmisia.ch\/index.php?rest_route=%2Fwp%2Fv2%2Fmedia&parent=5799"}],"wp:term":[{"taxonomy":"category","embeddable":true,"href":"https:\/\/www.skmisia.ch\/index.php?rest_route=%2Fwp%2Fv2%2Fcategories&post=5799"},{"taxonomy":"post_tag","embeddable":true,"href":"https:\/\/www.skmisia.ch\/index.php?rest_route=%2Fwp%2Fv2%2Ftags&post=5799"}],"curies":[{"name":"wp","href":"https:\/\/api.w.org\/{rel}","templated":true}]}}