{"id":5622,"date":"2016-06-30T14:27:43","date_gmt":"2016-06-30T13:27:43","guid":{"rendered":"https:\/\/www.skmisia.ch\/?p=5622"},"modified":"2019-04-08T21:08:49","modified_gmt":"2019-04-08T20:08:49","slug":"put-ku-cti-sv-cyrila-a-metoda-v-reichenau","status":"publish","type":"post","link":"https:\/\/www.skmisia.ch\/?p=5622","title":{"rendered":"P\u00fa\u0165 ku cti sv. Cyrila a Metoda v Reichenau"},"content":{"rendered":"<p>V posledn\u00fa j\u00fanov\u00fa sobotu putovali Slov\u00e1ci \u017eij\u00faci vo \u0160vaj\u010diarsku na p\u00fa\u0165 do nemeck\u00e9ho meste\u010dka Reichenau, aby si uctili vierozvestcov sv. Cyrila a Metoda. Dejiny n\u00e1\u0161ho n\u00e1roda maj\u00fa na pam\u00e4ti, \u017ee pr\u00e1ve t\u00edto sv\u00e4tci priniesli k n\u00e1m dary kres\u0165anstva a ich misia bola predov\u0161etk\u00fdm n\u00e1bo\u017eensky orientovan\u00e1, no nem\u00f4\u017eeme zab\u00fada\u0165 na historick\u00e9 s\u00favislosti a ich v\u00fdznam pre rozvoj n\u00e1\u0161ho p\u00edsomn\u00edctva, literat\u00fary, politick\u00e9ho, ob\u010dianskeho a mravn\u00e9ho \u017eivota.<\/p>\n<p>Sl\u00e1vnostn\u00e1 sv. om\u0161a sa sa konala v najstar\u0161om kostole ostrova Reichenau &#8211; Munster st. Maria und Marcus. Vysluhovali ju P. Pavol Nizner, SDB \u2013 mision\u00e1r pre Slov\u00e1kov vo \u0160vaj\u010diarsku a duchovn\u00fd otec Mgr. Du\u0161an Mes\u00edk z farnosti \u010cer\u00edn z Banskobystrickej diec\u00e9zy.<\/p>\n<p>V k\u00e1zni otec Du\u0161an pouk\u00e1zal hlavne na hist\u00f3riu \u017eivota svetcov a ich \u00a0z\u00e1sluhy pri \u0161\u00edren\u00ed kres\u0165anstva a kult\u00fary. V my\u0161lienkach n\u00e1s preniesol do obdobia roku 863 kedy Kon\u0161tant\u00edn a Metod spolu s nieko\u013ek\u00fdmi spolo\u010dn\u00edkmi &#8211; (Kliment, Sava, Angel\u00e1r, Naum, Vavrinec a \u010fal\u0161\u00ed) opustili svoju rodn\u00fa zem, aby pri\u0161li na Ve\u013ek\u00fa Moravu a \u0161\u00edrili tu kres\u0165anstvo. Spr\u00e1vne pochopili, \u017ee ak chc\u00fa by\u0165 \u00faspe\u0161n\u00ed, musia sa prisp\u00f4sobi\u0165 re\u010dou i kult\u00farou miestnemu obyvate\u013estvu. Kon\u0161tant\u00edn, e\u0161te predt\u00fdm, ako odi\u0161li na svoju misiu, zostavil pre Slovanov p\u00edsmo, ktor\u00e9 je dnes zn\u00e1me ako hlaholika. Do jazyka star\u00fdch Slovanov prelo\u017eili dokonca aj cel\u00fa liturgiu a aj \u010das\u0165 Biblie. Bola to ve\u013ek\u00e1 revol\u00facia\u00a0 v tom \u010dase, ke\u010f\u017ee sa pri bohoslu\u017eb\u00e1ch pou\u017e\u00edvali len tri jazyky &#8211; gr\u00e9\u010dtina, latin\u010dina a hebrej\u010dina.\u00a0 Ich sviatok u n\u00e1s sa stal sl\u00e1vnos\u0165ou. Uctievame si ich ako vierozvestcov, ktor\u00ed st\u00e1li pri kres\u0165anskom zrode n\u00e1\u0161ho n\u00e1roda. Ich vplyv &#8211; dedi\u010dstvo otcov, ako zvykneme hovorieva\u0165 &#8211; c\u00edti\u0165 dodnes.<\/p>\n<p>Hudobn\u00fd doprovod pri sv. om\u0161i vytvorila skupinka veriacich z farnosti \u010cer\u00edn, ktor\u00ed pri\u0161li s otcom Du\u0161anom. Kr\u00e1sa starobyl\u00e9ho chr\u00e1mu, vr\u00facny spev veriacich, pokojn\u00e1 atmosf\u00e9ra po\u010das sv. om\u0161e a priate\u013esk\u00e9 stretnutie pri spolo\u010dnom stretnut\u00ed pri ve\u010deri zanechali v srdciach veriacich nezabudnute\u013en\u00e9 z\u00e1\u017eitky.<\/p>\n<p><a href=\"https:\/\/www.skmisia.ch\/wp-content\/uploads\/2016\/06\/DSC02660.jpg\"><br \/>\n<\/a> <a href=\"https:\/\/www.skmisia.ch\/wp-content\/uploads\/2016\/06\/DSC02621.jpg\"><img decoding=\"async\" loading=\"lazy\" class=\"alignnone size-medium wp-image-5625\" src=\"https:\/\/www.skmisia.ch\/wp-content\/uploads\/2016\/06\/DSC02621-300x225.jpg\" alt=\"DSC02621\" width=\"300\" height=\"225\" srcset=\"https:\/\/www.skmisia.ch\/wp-content\/uploads\/2016\/06\/DSC02621-300x225.jpg 300w, https:\/\/www.skmisia.ch\/wp-content\/uploads\/2016\/06\/DSC02621-1024x768.jpg 1024w\" sizes=\"(max-width: 300px) 100vw, 300px\" \/><\/a> <a href=\"https:\/\/www.skmisia.ch\/wp-content\/uploads\/2016\/06\/DSC02622.jpg\"><img decoding=\"async\" loading=\"lazy\" class=\"alignnone size-medium wp-image-5626\" src=\"https:\/\/www.skmisia.ch\/wp-content\/uploads\/2016\/06\/DSC02622-300x225.jpg\" alt=\"DSC02622\" width=\"300\" height=\"225\" srcset=\"https:\/\/www.skmisia.ch\/wp-content\/uploads\/2016\/06\/DSC02622-300x225.jpg 300w, https:\/\/www.skmisia.ch\/wp-content\/uploads\/2016\/06\/DSC02622-1024x768.jpg 1024w\" sizes=\"(max-width: 300px) 100vw, 300px\" \/><\/a><\/p>\n<p>&nbsp;<\/p>\n<p><strong>\u00a0 Modlitba k sv. Cyrilovi a Metodovi<\/strong><\/p>\n<p>Sv\u00e4t\u00fd Cyrila a Metod, vy ste s obdivuhodnou obetavos\u0165ou priniesli vieru n\u00e1rodom sm\u00e4dn\u00fdm po pravde a svetle, prispejte svoj\u00edm orodovan\u00edm, aby cel\u00e1 Cirkev bez prestania ohlasovala tajomstvo ukri\u017eovan\u00e9ho a vzkriesen\u00e9ho Krista, Vykupite\u013ea a \u010dloveka. Sv\u00e4t\u00fd Cyrila a Metod, nadchnut\u00ed Kristovou l\u00e1skou ste zanechali v\u0161etko, aby ste sl\u00fa\u017eili evanjeliu, ochra\u0148ujte Bo\u017eiu Cirkev i Petrovho n\u00e1stupcu na r\u00edmskom stolci, ochra\u0148ujte biskupov a k\u0148azov, reho\u013en\u00edkov a reho\u013en\u00e9 sestry, mision\u00e1rov a mision\u00e1rky, otcov a matky, mlad\u00edkov a devy, deti, chudobn\u00fdch, chor\u00fdch a trpiacich, aby ka\u017ed\u00fd z n\u00e1s na tom mieste, kam ho postavila Bo\u017eia prozrete\u013enos\u0165, bol stato\u010dn\u00fdm robotn\u00edkom na P\u00e1novej \u017eatve. Amen.<\/p>\n","protected":false},"excerpt":{"rendered":"<p>V posledn\u00fa j\u00fanov\u00fa sobotu putovali Slov\u00e1ci \u017eij\u00faci vo \u0160vaj\u010diarsku na p\u00fa\u0165 do nemeck\u00e9ho meste\u010dka Reichenau, aby si uctili vierozvestcov sv. Cyrila a Metoda. Dejiny n\u00e1\u0161ho n\u00e1roda maj\u00fa na pam\u00e4ti, \u017ee pr\u00e1ve t\u00edto sv\u00e4tci priniesli&#46;&#46;&#46;<\/p>\n","protected":false},"author":3,"featured_media":5623,"comment_status":"open","ping_status":"closed","sticky":false,"template":"","format":"gallery","meta":{"ngg_post_thumbnail":0},"categories":[24,1],"tags":[],"_links":{"self":[{"href":"https:\/\/www.skmisia.ch\/index.php?rest_route=\/wp\/v2\/posts\/5622"}],"collection":[{"href":"https:\/\/www.skmisia.ch\/index.php?rest_route=\/wp\/v2\/posts"}],"about":[{"href":"https:\/\/www.skmisia.ch\/index.php?rest_route=\/wp\/v2\/types\/post"}],"author":[{"embeddable":true,"href":"https:\/\/www.skmisia.ch\/index.php?rest_route=\/wp\/v2\/users\/3"}],"replies":[{"embeddable":true,"href":"https:\/\/www.skmisia.ch\/index.php?rest_route=%2Fwp%2Fv2%2Fcomments&post=5622"}],"version-history":[{"count":3,"href":"https:\/\/www.skmisia.ch\/index.php?rest_route=\/wp\/v2\/posts\/5622\/revisions"}],"predecessor-version":[{"id":5634,"href":"https:\/\/www.skmisia.ch\/index.php?rest_route=\/wp\/v2\/posts\/5622\/revisions\/5634"}],"wp:featuredmedia":[{"embeddable":true,"href":"https:\/\/www.skmisia.ch\/index.php?rest_route=\/wp\/v2\/media\/5623"}],"wp:attachment":[{"href":"https:\/\/www.skmisia.ch\/index.php?rest_route=%2Fwp%2Fv2%2Fmedia&parent=5622"}],"wp:term":[{"taxonomy":"category","embeddable":true,"href":"https:\/\/www.skmisia.ch\/index.php?rest_route=%2Fwp%2Fv2%2Fcategories&post=5622"},{"taxonomy":"post_tag","embeddable":true,"href":"https:\/\/www.skmisia.ch\/index.php?rest_route=%2Fwp%2Fv2%2Ftags&post=5622"}],"curies":[{"name":"wp","href":"https:\/\/api.w.org\/{rel}","templated":true}]}}