{"id":5355,"date":"2016-06-05T23:12:10","date_gmt":"2016-06-05T22:12:10","guid":{"rendered":"https:\/\/www.skmisia.ch\/?p=5355"},"modified":"2019-04-08T21:08:49","modified_gmt":"2019-04-08T20:08:49","slug":"den-deti-v-zeneve","status":"publish","type":"post","link":"https:\/\/www.skmisia.ch\/?p=5355","title":{"rendered":"De\u0148 det\u00ed v \u017deneve"},"content":{"rendered":"<h4>Slovensk\u00e1 sv\u00e4t\u00e1 om\u0161a animovan\u00e1 na\u0161\u00edm \u00fa\u017easne \u0161ikovn\u00fdm mini zborom \u00a0a\u00a0po nej vydaren\u00e1\u00a0 palacinkov\u00e1 akcia pln\u00e1 hier pre deti pri pr\u00edle\u017eitosti MDD v\u00a0\u017deneve \u00a0vo farnosti St. Julien, Meyrin village.<\/h4>\n<p>V\u010faka v\u0161etk\u00fdm, ktor\u00ed sa prihl\u00e1sili, zapojili \u00a0a\u00a0ak\u00fdmko\u013evek sp\u00f4sobom pomohli pri tejto akcii, \u010di u\u017e s\u00a0pr\u00edpravou, pr\u00edtomnos\u0165ou \u00a0na stanovi\u0161tiach, ob\u010derstven\u00edm, hudbou, n\u00e1padmi, v\u00a0kuchyni, mil\u00fdm slovom&#8230; .<\/p>\n<p>Pre \u00a036 deti bolo pripravenych 8 s\u00fa\u0165a\u017en\u00fdch stanov\u00ed\u0161\u0165 a\u00a0na ka\u017edom za \u00faspe\u0161n\u00e9 zvl\u00e1dnutie dostali deti 1 \u017eet\u00f3n. Za 5 nazbieran\u00fdch \u017eet\u00f3nov \u00a0sa pod\u00e1vala palacinka pod\u013ea vlastn\u00e9ho v\u00fdberu, \u010di u\u017e na sladko, s\u00a0nutelou, d\u017eemom, \u0161\u013eaha\u010dkou alebo na slano, s\u00a0vajcom, \u0161unkou a\u00a0syrom.\u00a0 Deti boli ve\u013emi \u0161ikovn\u00e9 a\u00a0niektor\u00e9 si pri\u0161li pre palacinku aj 7 kr\u00e1t. To sa nas\u00fa\u0165a\u017eili \ud83d\ude42<\/p>\n<p>A\u00a0ked\u017ee sme v\u0161etci deti Bo\u017eie palacinky boli samozrejme aj pre dospel\u00fdch. \u00a0Kto akur\u00e1t\u00a0 nemal n\u00e1hodou na palacinky chu\u0165 mohol si vybra\u0165 z\u00a0ovocia, \u0161al\u00e9tov, a\u00a0v\u00fdborn\u00fdch chleb\u00ed\u010dkov \u010di kol\u00e1\u010dov&#8230;<\/p>\n<p>Pozrite si zop\u00e1r fotiek a\u00a0uvid\u00edte sami ak\u00e9 pekn\u00e9 spolo\u010denstvo sme vytvorili.<\/p>\n<p>V\u010faka Ti Bo\u017ee\u00a0 za po\u017eehnanie tohto podujatia a\u00a0pekne pre\u017eit\u00fdch chv\u00ed\u013e.<\/p>\n","protected":false},"excerpt":{"rendered":"<p>Slovensk\u00e1 sv\u00e4t\u00e1 om\u0161a animovan\u00e1 na\u0161\u00edm \u00fa\u017easne \u0161ikovn\u00fdm mini zborom \u00a0a\u00a0po nej vydaren\u00e1\u00a0 palacinkov\u00e1 akcia pln\u00e1 hier pre deti pri pr\u00edle\u017eitosti MDD v\u00a0\u017deneve \u00a0vo farnosti St. Julien, Meyrin village. V\u010faka v\u0161etk\u00fdm, ktor\u00ed sa prihl\u00e1sili, zapojili&#46;&#46;&#46;<\/p>\n","protected":false},"author":1,"featured_media":5378,"comment_status":"open","ping_status":"closed","sticky":false,"template":"","format":"gallery","meta":{"ngg_post_thumbnail":0},"categories":[24,7],"tags":[],"_links":{"self":[{"href":"https:\/\/www.skmisia.ch\/index.php?rest_route=\/wp\/v2\/posts\/5355"}],"collection":[{"href":"https:\/\/www.skmisia.ch\/index.php?rest_route=\/wp\/v2\/posts"}],"about":[{"href":"https:\/\/www.skmisia.ch\/index.php?rest_route=\/wp\/v2\/types\/post"}],"author":[{"embeddable":true,"href":"https:\/\/www.skmisia.ch\/index.php?rest_route=\/wp\/v2\/users\/1"}],"replies":[{"embeddable":true,"href":"https:\/\/www.skmisia.ch\/index.php?rest_route=%2Fwp%2Fv2%2Fcomments&post=5355"}],"version-history":[{"count":3,"href":"https:\/\/www.skmisia.ch\/index.php?rest_route=\/wp\/v2\/posts\/5355\/revisions"}],"predecessor-version":[{"id":5385,"href":"https:\/\/www.skmisia.ch\/index.php?rest_route=\/wp\/v2\/posts\/5355\/revisions\/5385"}],"wp:featuredmedia":[{"embeddable":true,"href":"https:\/\/www.skmisia.ch\/index.php?rest_route=\/wp\/v2\/media\/5378"}],"wp:attachment":[{"href":"https:\/\/www.skmisia.ch\/index.php?rest_route=%2Fwp%2Fv2%2Fmedia&parent=5355"}],"wp:term":[{"taxonomy":"category","embeddable":true,"href":"https:\/\/www.skmisia.ch\/index.php?rest_route=%2Fwp%2Fv2%2Fcategories&post=5355"},{"taxonomy":"post_tag","embeddable":true,"href":"https:\/\/www.skmisia.ch\/index.php?rest_route=%2Fwp%2Fv2%2Ftags&post=5355"}],"curies":[{"name":"wp","href":"https:\/\/api.w.org\/{rel}","templated":true}]}}