{"id":5268,"date":"2016-07-22T12:00:28","date_gmt":"2016-07-22T11:00:28","guid":{"rendered":"https:\/\/www.skmisia.ch\/?p=5268"},"modified":"2019-04-08T21:08:49","modified_gmt":"2019-04-08T20:08:49","slug":"5268","status":"publish","type":"post","link":"https:\/\/www.skmisia.ch\/?p=5268","title":{"rendered":"Oznamy na 17. nede\u013eu v obdob\u00ed cez rok (24.7.2016)"},"content":{"rendered":"<p style=\"text-align: center;\"><strong>SLOVENSK<\/strong><strong>\u00c1 KATOL\u00cdCKA MISIA, BRAUERSTRA<\/strong><strong>SSE<\/strong><strong>\u00a0<\/strong><strong>99;<\/strong><\/p>\n<p style=\"text-align: center;\"><strong>8004 Z\u00dcRICH,\u00a0<\/strong><strong>T\/F: 0041 44 241 50 22<\/strong><\/p>\n<p>&nbsp;<\/p>\n<p><span style=\"color: #000000;\">Oznamy na 17. nede\u013eu v obdob\u00ed cez rok.<\/span><\/p>\n<p><span style=\"color: #000000;\">Liturgick\u00fd kalend\u00e1r:<\/span><\/p>\n<p>&nbsp;<\/p>\n<p><span style=\"color: #000000;\">V pondelok je sviatok sv. Jakuba, apo\u0161tola.<\/span><\/p>\n<p><span style=\"color: #000000;\">V utorok je spomienka sv. Joachima a Anny, rodi\u010dov Panny M\u00e1rie.<\/span><\/p>\n<p><span style=\"color: #000000;\">V stredu je spomienka sv. Gorazda a spolo\u010dn\u00edkov.<\/span><\/p>\n<p><span style=\"color: #000000;\">V\u00a0piatok je spomienka sv. Marty.<\/span><\/p>\n<p><span style=\"color: #000000;\">V sobotu je \u013eubovo\u013en\u00e1 spomienka Panny M\u00e1rie.<\/span><\/p>\n<p><span style=\"color: #000000;\">Bud\u00faca nede\u013ea je 18. nede\u013ea v obdob\u00ed cez rok.<\/span><\/p>\n<p>Sv. om\u0161a je na bud\u00facu nede\u013eu o 9:30. V stredu sv. om\u0161a nie je.<\/p>\n<p>&nbsp;<\/p>\n<ol>\n<li><span style=\"color: #000000;\">Dnes po sv\u00e4tej om\u0161i je organiza\u010dn\u00e9 stretnutie oh\u013eadom p\u00fate do R\u00edma. Bude na pr\u00edzem\u00ed pastora\u010dn\u00e9ho centra v C miestnosti.<\/span><\/li>\n<\/ol>\n<p>&nbsp;<\/p>\n<ol start=\"2\">\n<li><span style=\"color: #000000;\">Posedenie pri k\u00e1ve cez pr\u00e1zdniny neb\u00fdva.<\/span><\/li>\n<\/ol>\n<p>&nbsp;<\/p>\n<ol start=\"3\">\n<li><span style=\"color: #000000;\">V piatok odch\u00e1dzam na Duchovn\u00e9 cvi\u010denia a vr\u00e1tim sa o\u00a010 dn\u00ed. Po 2 nedele ma zast\u00fapi otec Jozef Bago.\u00a0 Pros\u00edm V\u00e1s o modlitby po\u010das duchovn\u00fdch cvi\u010den\u00ed. Tie\u017e V\u00e1m prajem pokojn\u00fd a\u00a0po\u017eehnan\u00fd t\u00fd\u017ede\u0148.<\/span><\/li>\n<\/ol>\n<p>&nbsp;<\/p>\n<p>Oznamy na 16. nede\u013eu v obdob\u00ed cez rok.<\/p>\n<p>&nbsp;<\/p>\n<p>Liturgick\u00fd kalend\u00e1r:<\/p>\n<p>&nbsp;<\/p>\n<p>Vo \u0161tvrtok je \u013eubovo\u013en\u00e1 spomienka sv. Vavrinca z Brindisi, k\u0148aza a u\u010dite\u013ea Cirkvi.<\/p>\n<p>V piatok je sviatok sv. M\u00e1rie Magdal\u00e9ny.<\/p>\n<p>V sobotu je sviatok sv. Brigity, reho\u013en\u00ed\u010dky; patr\u00f3nky Eur\u00f3py<\/p>\n<p>Bud\u00faca nede\u013ea je 17. nede\u013ea v obdob\u00ed cez rok.<\/p>\n<p>&nbsp;<\/p>\n<p>Nastupuje pr\u00e1zdninov\u00fd re\u017eim:<\/p>\n<p>Utorkov\u00e9 stretk\u00e1, stredaj\u0161ie sv\u00e4t\u00e9 om\u0161e a futbalov\u00fd kr\u00fa\u017eok cez pr\u00e1zdniny nie s\u00fa.<\/p>\n<p>Dnes po sv\u00e4tej om\u0161i nie je ani posedenie pri k\u00e1ve, cez pr\u00e1zdniny neb\u00fdva.<\/p>\n<ul>\n<li>Po sv\u00e4tej om\u0161i je stretnutie sn\u00fabencov- predman\u017eelsk\u00e1 n\u00e1uka B v miestnosti C na pr\u00edzem\u00ed pastora\u010dn\u00e9ho centra.<\/li>\n<\/ul>\n<p>&nbsp;<\/p>\n<ol>\n<li>Organiza\u010dn\u00e9 stretnutie oh\u013eadom p\u00fate do R\u00edma bude 24.7. 2015 po nede\u013enej sv. om\u0161i. M\u00f4\u017eete pr\u00eds\u0165 sa obozn\u00e1mi\u0165 s\u00a0programom a\u00a0bude mo\u017enos\u0165 zodpoveda\u0165 va\u0161e ot\u00e1zky, pripomienky.<\/li>\n<\/ol>\n<p>&nbsp;<\/p>\n<ol start=\"2\">\n<li>Dostali sme mil\u00e9 slov\u00e1 po\u010fakovanie ku nede\u013enej sl\u00e1vnosti. Citujem &#8230;<\/li>\n<\/ol>\n<p>R\u00e1d by som sa ku t\u00fdmto slov\u00e1m v\u010faky aj ja pridal po\u010fakoval za pru\u017enos\u0165,\u00a0ochotu i obetavos\u0165 zvl\u00e1\u0161\u0165 spev\u00e1kom a krojovancom.<\/p>\n<ul>\n<li>R\u00e1d by som pouk\u00e1zal, \u017ee to bolo ve\u013ek\u00fdm obohaten\u00edm a\u00a0to nielen pre \u0160vaj\u010diarov, ale aj pre n\u00e1s. Neviem, \u010di ste si v\u0161imli \u0161vaj\u010diarskych dobrovo\u013en\u00edkov (d\u00f4chodcov), z\u00a0ktor\u00fdch tieklo pri klob\u00e1sach, &#8230;aby zachovali \u017eiv\u00fa vieru vo vlasti, n\u00e1rode.<\/li>\n<\/ul>\n<p>&nbsp;<\/p>\n<p style=\"text-align: center;\"><span style=\"color: #000000;\"><strong>SLOVENSK<\/strong><strong>\u00c1 KATOL\u00cdCKA MISIA, BRAUERSTRA<\/strong><strong>SSe<\/strong><strong>\u00a0<\/strong><strong>99;<\/strong><\/span><\/p>\n<p style=\"text-align: center;\"><span style=\"color: #000000;\"><strong>8004 Z\u00dcRICH,\u00a0<\/strong><strong>T\/F: 0041 44 241 50 22<\/strong><\/span><\/p>\n<p><span style=\"color: #000000;\">\u00a0Oznamy na 15. nede\u013eu v obdob\u00ed cez rok.<\/span><\/p>\n<p><span style=\"color: #000000;\">Liturgick\u00fd kalend\u00e1r:<\/span><\/p>\n<p>&nbsp;<\/p>\n<p><span style=\"color: #000000;\">V pondelok je sv. Benedikta, op\u00e1ta, patr\u00f3na Eur\u00f3py.<\/span><\/p>\n<p><span style=\"color: #000000;\">V piatok je spomienka sv. Bonavent\u00faru, biskupa a u\u010dite\u013ea Cirkvi.<\/span><\/p>\n<p><span style=\"color: #000000;\">V sobotu je \u013eubovo\u013en\u00e1 spomienka Preblahoslavenej Panny M\u00e1rie Karmelskej.<\/span><\/p>\n<p><span style=\"color: #000000;\">Bud\u00faca nede\u013ea je 16. nede\u013ea v obdob\u00ed cez rok.<\/span><\/p>\n<p>&nbsp;<\/p>\n<p><span style=\"color: #000000;\">Program sv. om\u0161\u00ed po\u010das t\u00fd\u017ed\u0148a:<\/span><\/p>\n<p>&nbsp;<\/p>\n<p><span style=\"color: #000000;\">Streda <strong>posledn\u00e1<\/strong> <strong>ml\u00e1de\u017en\u00edcka sv. om\u0161a v\u00a0tomto \u0161kolskom roku bude o 20:00<\/strong> na Talianskej misii. Stretnutie spevokolu je \u00bd hodinku pred sv. om\u0161ou. Po sv. om\u0161i mal\u00e9 agape. Po n\u00e1vrate z\u00a0pr\u00e1zdnin a dovoleniek prv\u00e1 pravideln\u00e1 STREDAJ\u0160IA sv. om\u0161a za\u010dne od 24. augusta 2015.<\/span><\/p>\n<p>&nbsp;<\/p>\n<p><span style=\"color: #000000;\">Program v\u00a0t\u00fd\u017edni:<\/span><\/p>\n<p>&nbsp;<\/p>\n<ol>\n<li><span style=\"color: #000000;\">V\u00a0utorok je posledn\u00e9 stretko pred pr\u00e1zdninami. V\u0161etci s\u00fa srde\u010dne pozvan\u00ed.<\/span><\/li>\n<\/ol>\n<p>&nbsp;<\/p>\n<ol start=\"2\">\n<li><span style=\"color: #000000;\">V\u00a0stredu pred sv. om\u0161ou o\u00a018:30 je stretnutie birmovancov.<\/span><\/li>\n<\/ol>\n<p>&nbsp;<\/p>\n<ol start=\"3\">\n<li><span style=\"color: #000000;\">Vo \u0161tvrtok je \u0161portov\u00fd kr\u00fa\u017eok.<\/span><\/li>\n<\/ol>\n<p>&nbsp;<\/p>\n<ol start=\"4\">\n<li><span style=\"color: #000000;\">Dnes po sv\u00e4tej om\u0161i nie je posedenie pri k\u00e1ve, preto\u017ee v\u0161etci srde\u010dne pozvan\u00ed na farsk\u00fd d\u00f4r to poriadne osl\u00e1vi\u0165.<\/span><\/li>\n<\/ol>\n<p>&nbsp;<\/p>\n<ol start=\"5\">\n<li><span style=\"color: #000000;\">Organiza\u010dn\u00e9 stretnutie oh\u013eadom p\u00fate do R\u00edma bude 24.7. 2015 po nede\u013enej sv. om\u0161i. M\u00f4\u017eete pr\u00eds\u0165 sa obozn\u00e1mi\u0165 s\u00a0programom a\u00a0bude mo\u017enos\u0165 zodpoveda\u0165 va\u0161e ot\u00e1zky, pripomienky.<\/span><\/li>\n<\/ol>\n<p style=\"text-align: center;\">*<\/p>\n<p style=\"text-align: center;\"><span style=\"color: #808080;\"><strong>SLOVENSK<\/strong><strong>\u00c1 KATOL\u00cdCKA MISIA, BRAUERSTRA<\/strong><strong>SSE<\/strong><strong>\u00a0<\/strong><strong>99;<\/strong><\/span><\/p>\n<p style=\"text-align: center;\"><span style=\"color: #808080;\"><strong>8004 Z\u00dcRICH, T\/F: 0041 44 241 50 22<\/strong><\/span><\/p>\n<p>&nbsp;<\/p>\n<p><span style=\"color: #808080;\">Oznamy na 14. nede\u013ea v obdob\u00ed cez rok.<\/span><\/p>\n<p>&nbsp;<\/p>\n<p><span style=\"color: #808080;\">Liturgick\u00fd kalend\u00e1r:<\/span><\/p>\n<p>&nbsp;<\/p>\n<p><span style=\"color: #808080;\">V pondelok je \u013eubovo\u013en\u00e1 spomienka sv. Al\u017ebety Portugalskej.<\/span><\/p>\n<p><span style=\"color: #808080;\">V utorok je sl\u00e1vnos\u0165 sv. Cyrila a Metoda, Slovansk\u00fdch vierozvestcov.<\/span><\/p>\n<p><span style=\"color: #808080;\">V stredu je \u013eubovo\u013en\u00e1 spomienka sv. M\u00e1rie Goretti, panny a mu\u010denice.<\/span><\/p>\n<p><span style=\"color: #808080;\">V sobotu je \u013eubovo\u013en\u00e1 spomienka Panny M\u00e1rie v sobotu.<\/span><\/p>\n<p><span style=\"color: #808080;\">Bud\u00faca nede\u013eu je 15. nede\u013ea v obdob\u00ed cez rok.<\/span><\/p>\n<p>&nbsp;<\/p>\n<p>&nbsp;<\/p>\n<p><span style=\"color: #808080;\">Program sv. om\u0161\u00ed po\u010das t\u00fd\u017ed\u0148a:<\/span><\/p>\n<p>&nbsp;<\/p>\n<p><span style=\"color: #808080;\">Streda <strong>ml\u00e1de\u017en\u00edcka sv. om\u0161a o 20:00<\/strong> na Talianskej misii. Stretnutie spevokolu je \u00bd hodinku pred sv. om\u0161ou. Po sv. om\u0161i je mo\u017enos\u0165 rozpt\u00fdlenia a\u00a0rozhovorov s\u00a0salezi\u00e1nskom centre.<\/span><\/p>\n<p><span style=\"color: #808080;\">Upozor\u0148ujem, \u017ee je posledn\u00e1 sv. om\u0161a v\u00a0tomto \u0161kolskom roku bude 13. j\u00fala 2016. V mesiaci j\u00fal \u2013 august sa na mesiac vynech\u00e1vaj\u00fa utorkov\u00e9 stretnutia a\u00a0sv\u00e4t\u00e9 om\u0161e v stredu! Najbli\u017e\u0161ia stredaj\u0161ia sv. om\u0161a bude 24. Augusta 2016.<\/span><\/p>\n<p>&nbsp;<\/p>\n<p><span style=\"color: #808080;\">Na bud\u00facu nede\u013eu bude slovensko-\u0161vaj\u010diarska sv. om\u0161a o\u00a011:00 a\u00a0to v\u00a0hornom kostole Liebfrauen. Sv. om\u0161a o\u00a09:30 nie je. Po nej bude ob\u010derstvenie a\u00a0z\u00e1bavn\u00e9 aktivity. Poz\u00fdvam v\u00e1s, aby sme sa z\u00fa\u010dastnili v\u00a0hojnom po\u010dte. Pri modlitebn\u00fdch kni\u017ek\u00e1ch s\u00fa aj let\u00e1\u010diky.<\/span><\/p>\n<p>&nbsp;<\/p>\n<p>&nbsp;<\/p>\n<ol>\n<li><span style=\"color: #808080;\">V utorok bude diskusno-biblick\u00e9 stretko ako obvykle na Talianskej misii o 19:00. E\u0161te bude 2x a potom za\u010d\u00ednaj\u00fa pr\u00e1zdniny. (posledn\u00e9 stretko bude 12. j\u00fala)<\/span><\/li>\n<\/ol>\n<p>&nbsp;<\/p>\n<ol start=\"2\">\n<li><span style=\"color: #808080;\">Vo \u0161tvrtok je \u0161portov\u00fd kr\u00fa\u017eok.<\/span><\/li>\n<\/ol>\n<p>&nbsp;<\/p>\n<ol start=\"3\">\n<li><span style=\"color: #808080;\">Dnes po sv\u00e4tej om\u0161i je posedenie pri k\u00e1ve- ako obvykle v pastora\u010dn\u00fdch priestoroch oproti kostolu. V\u0161etci sme srde\u010dne pozvan\u00ed.<\/span><\/li>\n<\/ol>\n<p style=\"text-align: center;\"><span style=\"color: #808080;\">*<\/span><\/p>\n<p><span style=\"color: #808080;\"><strong>SLOVENSK<\/strong><strong>\u00c1 KATOL\u00cdCKA MISIA, BRAUERSTRA<\/strong><strong>SSE<\/strong><strong>\u00a0<\/strong><strong>99;<\/strong><\/span><\/p>\n<p><span style=\"color: #808080;\"><strong>8004 Z\u00dcRICH, T\/F: 0041 44 241 50 22<\/strong><\/span><\/p>\n<p>&nbsp;<\/p>\n<p><span style=\"color: #808080;\">Oznamy na 12. nede\u013eu v obdob\u00ed cez rok.<\/span><\/p>\n<p>&nbsp;<\/p>\n<p><span style=\"color: #808080;\">Liturgick\u00fd kalend\u00e1r:<\/span><\/p>\n<p>&nbsp;<\/p>\n<p><span style=\"color: #808080;\">V utorok je spomienka sv. Alojza Gonz\u00e1gu, reho\u013en\u00edka.<\/span><\/p>\n<p><span style=\"color: #808080;\">V stredu je \u013eubovo\u013en\u00e1 spomienka sv. J\u00e1na Fishera, biskupa a Tom\u00e1\u0161a Morusa, mu\u010den\u00edkov.<\/span><\/p>\n<p><span style=\"color: #808080;\">V piatok je sl\u00e1vnos\u0165 Narodenia sv. J\u00e1na Krstite\u013ea.<\/span><\/p>\n<p><span style=\"color: #808080;\">V sobotu je \u013eubovo\u013en\u00e1 spomienka Panny M\u00e1rie v sobotu.<\/span><\/p>\n<p><span style=\"color: #808080;\">Bud\u00faca nede\u013ea je 13. nede\u013ea v obdob\u00ed cez rok.<\/span><\/p>\n<p>&nbsp;<\/p>\n<p><span style=\"color: #808080;\">Program sv. om\u0161\u00ed po\u010das t\u00fd\u017ed\u0148a:<\/span><\/p>\n<p>&nbsp;<\/p>\n<p><span style=\"color: #808080;\">Streda <strong>ml\u00e1de\u017en\u00edcka sv. om\u0161a o 20:00<\/strong> na Talianskej misii. Stretnutie spevokolu je \u00bd hodinku pred sv. om\u0161ou. Po sv. om\u0161i mal\u00e9 agap\u00e9.<\/span><\/p>\n<p>&nbsp;<\/p>\n<ul>\n<li><span style=\"color: #808080;\">Po sv. om\u0161i N\u00e1cvik Detsk\u00e9ho zboru \u2013 ve\u013ek\u00e1 v\u00fdzva bude \u00favodn\u00e1 piese\u0148 na spolo\u010dnej sv.<\/span><\/li>\n<\/ul>\n<p><span style=\"color: #808080;\">om\u0161i 10. j\u00fala 2016.<\/span><\/p>\n<p><span style=\"color: #808080;\">Ob\u010derstvenie pri k\u00e1ve.<\/span><\/p>\n<p>&nbsp;<\/p>\n<ol>\n<li><span style=\"color: #808080;\">V\u00a0pondelok je stretnutie mami\u010diek spojen\u00e9 s\u00a0Ador\u00e1ciou tu v\u00a0centre Liebfrauen o\u00a09:30.<\/span><\/li>\n<\/ol>\n<p>&nbsp;<\/p>\n<ol start=\"2\">\n<li><span style=\"color: #808080;\">V utorok bude diskusno-biblick\u00e9 stretko ako obvykle na Talianskej misii o 19:00. Za\u010diname hodnoti\u0165 \u0161kolsk\u00fd rok.<\/span><\/li>\n<\/ol>\n<p>&nbsp;<\/p>\n<ol start=\"3\">\n<li><span style=\"color: #808080;\">Vo \u0161tvrtok nie je \u0161portov\u00fd kr\u00fa\u017eok. Z\u00a0technick\u00fdch pr\u00ed\u010din je telocvi\u010d\u0148a uzavret\u00e1.<\/span><\/li>\n<\/ol>\n<p>&nbsp;<\/p>\n<ol start=\"4\">\n<li><span style=\"color: #808080;\"><u>Srde\u010dne V\u00e1s poz\u00fdvame na p\u00fa\u0165 do Reichenau, ktor\u00e1 bude v sobotu 25. J\u00fana 2016. Sv. om\u0161a za\u010dne o 17:00. Po sv. om\u0161i je mal\u00e9 stretnutie pri ob\u010derstven\u00ed.<\/u><\/span><\/li>\n<\/ol>\n<p>&nbsp;<\/p>\n<ol start=\"5\">\n<li><span style=\"color: #808080;\">Po sv. om\u0161i o\u00a011:15 sa stretne misijn\u00e1 rada v\u00a0spodnej B miestnosti.<\/span><\/li>\n<\/ol>\n<p>&nbsp;<\/p>\n<ol start=\"6\">\n<li><span style=\"color: #808080;\">P\u00e1n far\u00e1r Karber so svojou radou n\u00e1s srde\u010dne poz\u00fdva na De\u0148 Farnosti Liebfrauen. Uskuto\u010dn\u00ed sa 10. j\u00fala a\u00a0bude spo\u010d\u00edva\u0165 v\u00a0jednej spolo\u010dnej sv. om\u0161i hornom kostole o\u00a011:00 a\u00a0po nej bude ob\u010derstvenie a\u00a0z\u00e1bavn\u00e9 aktivity. Slovensk\u00e1 sv. om\u0161a nebude. V\u0161etk\u00fdch pros\u00edm o\u00a0\u00fa\u010das\u0165 a\u00a0zapojenie sa v\u00a0r\u00e1mci svojich mo\u017enost\u00ed. Oslovili n\u00e1s aj s\u00a0prosbou o\u00a0pomoc pri v\u00fddaji jed\u00e1l a\u00a0n\u00e1pojov. Ochotn\u00ed z\u00e1ujemcovia prihl\u00e1ste sa pros\u00edm u\u00a0pani Katky Grman. Pri modlitebn\u00fdch kni\u017ek\u00e1ch s\u00fa aj let\u00e1\u010diky.<\/span><\/li>\n<\/ol>\n<p style=\"text-align: center;\"><span style=\"color: #808080;\">*<\/span><\/p>\n<p style=\"text-align: center;\"><span style=\"color: #808080;\"><strong>SLOVENSK<\/strong><strong>\u00c1 KATOL\u00cdCKA MISIA, BRAUERSTRA<\/strong><strong>SSe<\/strong><strong>\u00a0<\/strong><strong>99;<\/strong><\/span><\/p>\n<p style=\"text-align: center;\"><span style=\"color: #808080;\"><strong>8004 Z\u00dcRICH,\u00a0<\/strong><strong>T\/F: 0041 44 241 50 22<\/strong><\/span><\/p>\n<p><span style=\"color: #808080;\">\u00a0Oznamy na 10. nede\u013eu v obdob\u00ed cez rok.<\/span><\/p>\n<p>&nbsp;<\/p>\n<p><span style=\"color: #808080;\">Liturgick\u00fd kalend\u00e1r:<\/span><\/p>\n<p>&nbsp;<\/p>\n<p><span style=\"color: #808080;\">V pondelok je \u013eubovo\u013en\u00e1 spomienka sv. Norberta, biskupa.<\/span><\/p>\n<p><span style=\"color: #808080;\">V sobotu je spomienka sv. Barnab\u00e1\u0161a, apo\u0161tola.<\/span><\/p>\n<p><span style=\"color: #808080;\">Bud\u00facu nede\u013eu je 11. nede\u013eu v obdob\u00ed cez rok.<\/span><\/p>\n<p>&nbsp;<\/p>\n<p>&nbsp;<\/p>\n<p><span style=\"color: #808080;\">Program sv. om\u0161\u00ed po\u010das t\u00fd\u017ed\u0148a:<\/span><\/p>\n<p>&nbsp;<\/p>\n<p><span style=\"color: #808080;\">Streda <strong>ml\u00e1de\u017en\u00edcka sv. om\u0161a o 20:00<\/strong> na Talianskej misii. Stretnutie spevokolu je \u00bd hodinku pred sv. om\u0161ou. Po sv. om\u0161i je ako v\u017edy mal\u00e9 agape. Pozor, sv. om\u0161a je v\u00a0divadelnej s\u00e1le Talianskej misie, parkova\u0165 m\u00f4\u017eete v\u00a0sakristii.<\/span><\/p>\n<p>&nbsp;<\/p>\n<p>&nbsp;<\/p>\n<ol>\n<li><span style=\"color: #808080;\">Dnes po sv\u00e4tej om\u0161i je:<\/span><\/li>\n<\/ol>\n<ul>\n<li><span style=\"color: #808080;\">katechizmus pre dospel\u00fdch.<\/span><\/li>\n<li><span style=\"color: #808080;\">posedenie pri k\u00e1ve ako obvykle v pastora\u010dn\u00fdch priestoroch oproti kostolu.<\/span><\/li>\n<\/ul>\n<p>&nbsp;<\/p>\n<ol start=\"2\">\n<li><span style=\"color: #808080;\">Utorkov\u00e9 stretko za\u010d\u00edname u\u017e o\u00a018:30 na dvore Talianskej misii, preto\u017ee potom sa pres\u00favame do Walenstadtu.<\/span><\/li>\n<\/ol>\n<p>&nbsp;<\/p>\n<ol start=\"3\">\n<li><span style=\"color: #808080;\">Vo \u0161tvrtkok je \u0161portov\u00fd kr\u00fa\u017eok.<\/span><\/li>\n<\/ol>\n<p>&nbsp;<\/p>\n<ol start=\"4\">\n<li><span style=\"color: #808080;\">V\u00a0piatok o\u00a019:00 je \u010fal\u0161ie stretnutie sn\u00fabencov na talianskej misii, Preman\u017eelsk\u00e1 n\u00e1uka B.<\/span><\/li>\n<\/ol>\n<p>&nbsp;<\/p>\n<ol start=\"5\">\n<li><span style=\"color: #808080;\">Srde\u010dne V\u00e1m avizujeme a poz\u00fdvame V\u00e1s na p\u00fa\u0165 do Reichenau, ktor\u00e1 bude u\u017e o 3 t\u00fd\u017edne, v sobotu 25. J\u00fana 2016 o 17:00.<\/span><\/li>\n<\/ol>\n<p>&nbsp;<\/p>\n<ol start=\"6\">\n<li><span style=\"color: #808080;\">P\u00e1n far\u00e1r Karber so svojou radou n\u00e1s srde\u010dne poz\u00fdva na De\u0148 Farnosti Liebfrauen. Uskuto\u010dn\u00ed sa 10. j\u00fala a\u00a0bude spo\u010d\u00edva\u0165 v\u00a0jednej spolo\u010dnej sv. om\u0161i hornom kostole o\u00a011:00 a\u00a0po nej bude ob\u010derstvenie a\u00a0z\u00e1bavn\u00e9 aktivity. Slovensk\u00e1 sv. om\u0161a nebude. V\u0161etk\u00fdch pros\u00edm o\u00a0\u00fa\u010das\u0165 a\u00a0zapojenie sa v\u00a0r\u00e1mci svojich mo\u017enost\u00ed. Oslovili n\u00e1s aj s\u00a0prosbou o\u00a0pomoc pri v\u00fddaji jed\u00e1l a\u00a0n\u00e1pojov. Ochotn\u00ed z\u00e1ujemcovia prihl\u00e1ste sa pros\u00edm u\u00a0pani Katky Grman. Pri modlitebn\u00fdch kni\u017ek\u00e1ch s\u00fa aj let\u00e1\u010diky.<\/span><\/li>\n<\/ol>\n<p>&nbsp;<\/p>\n<ol start=\"7\">\n<li><span style=\"color: #808080;\">V\u00a0nede\u013eu 19.6. t.j. o\u00a02 t\u00fd\u017edne po sv. om\u0161i by som r\u00e1d spravil stretnutie misijnej rady. Pros\u00edm o\u00a0sp\u00e4tn\u00fa v\u00e4zbu, \u010di je to vhodn\u00fd term\u00edn.<\/span><\/li>\n<\/ol>\n<p style=\"text-align: center;\"><span style=\"color: #808080;\">*<\/span><\/p>\n<p style=\"text-align: center;\"><span style=\"color: #666699;\"><strong>SLOVENSK<\/strong><strong>\u00c1 KATOL\u00cdCKA MISIA, BRAUERSTRA<\/strong><strong>SSe<\/strong><strong>\u00a0<\/strong><strong>99;<\/strong><\/span><\/p>\n<p style=\"text-align: center;\"><span style=\"color: #666699;\"><strong>8004 Z\u00dcRICH,\u00a0<\/strong><strong>T\/F: 0041 44 241 50 22<\/strong><\/span><\/p>\n<p>&nbsp;<\/p>\n<p><span style=\"color: #666699;\">\u00a0Oznamy na 9. nede\u013eu v obdob\u00ed cez rok.<\/span><\/p>\n<p>&nbsp;<\/p>\n<p><span style=\"color: #666699;\">Liturgick\u00fd kalend\u00e1r:<\/span><\/p>\n<p>&nbsp;<\/p>\n<p><span style=\"color: #666699;\">V stredu je spomienka sv. Just\u00edna, mu\u010den\u00edka<\/span><\/p>\n<p><span style=\"color: #666699;\">V piatok je Sl\u00e1vnos\u0165 Najsv\u00e4tetej\u0161ieho Srdca Je\u017ei\u0161ovho a prv\u00fd piatok v mesiaci.<\/span><\/p>\n<p><span style=\"color: #666699;\">V sobotu je spomienka Nepo\u0161kvrnen\u00e9ho srdca Panny M\u00e1rie.<\/span><\/p>\n<p><span style=\"color: #666699;\">Bud\u00faca nede\u013ea 10. nede\u013ea v obdob\u00ed cez rok.<\/span><\/p>\n<p>&nbsp;<\/p>\n<p>&nbsp;<\/p>\n<p><span style=\"color: #666699;\">Program sv. om\u0161\u00ed po\u010das t\u00fd\u017ed\u0148a:<\/span><\/p>\n<p>&nbsp;<\/p>\n<p><span style=\"color: #666699;\">Streda <strong>ml\u00e1de\u017en\u00edcka sv. om\u0161a o 20:00<\/strong> na Talianskej misii. Stretnutie spevokolu je \u00bd hodinku pred sv. om\u0161ou.<\/span><\/p>\n<p>&nbsp;<\/p>\n<p><span style=\"color: #666699;\">V piatok je <strong>prv\u00fd piatok v mesiaci<\/strong>. Spoveda\u0165 budem \u00bd hodinu pred sv. Om\u0161ou. Sv. om\u0161a bude o 20:00 v\u00a0kostole dona Bosca a po nej bude nasledova\u0165 prvopiatkov\u00e1 pobo\u017enos\u0165, po\u010das ktorej bude mo\u017enos\u0165 sv. spoved\u00ed.<\/span><\/p>\n<p>&nbsp;<\/p>\n<p><span style=\"color: #666699;\">Na bud\u00facu nede\u013eu s\u00fa 2 sv. om\u0161e, o\u00a09:30 a\u00a0detsk\u00e1 sv. om\u0161a o\u00a011:30.<\/span><\/p>\n<p>&nbsp;<\/p>\n<p>&nbsp;<\/p>\n<ol>\n<li><span style=\"color: #666699;\">Dnes po sv\u00e4tej om\u0161i je:<\/span><\/li>\n<\/ol>\n<ul>\n<li><span style=\"color: #666699;\">posedenie pri k\u00e1ve- ako obvykle v pastora\u010dn\u00fdch priestoroch oproti kostolu. V\u0161etci sme srde\u010dne pozvan\u00ed.<\/span><\/li>\n<li><span style=\"color: #666699;\">katechizmus pre deti.<\/span><\/li>\n<\/ul>\n<p>&nbsp;<\/p>\n<ol start=\"2\">\n<li><span style=\"color: #666699;\">V\u00a0\u00fatorok je diskusno-biblick\u00e9 stretko o\u00a019:00 na talianskej misii.<\/span><\/li>\n<\/ol>\n<p>&nbsp;<\/p>\n<ol start=\"3\">\n<li><span style=\"color: #666699;\">Vo \u0161tvrtkoch je \u0161portov\u00fd kr\u00fa\u017eok.<\/span><\/li>\n<\/ol>\n<p>&nbsp;<\/p>\n<ol start=\"4\">\n<li><span style=\"color: #666699;\">Srde\u010dne V\u00e1m avizujeme a poz\u00fdvame V\u00e1s na p\u00fa\u0165 do Reichenau, ktor\u00e1 bude u\u017e o 3 t\u00fd\u017edne, v sobotu 25. J\u00fana 2016 o 17:00.<\/span><\/li>\n<\/ol>\n","protected":false},"excerpt":{"rendered":"<p>SLOVENSK\u00c1 KATOL\u00cdCKA MISIA, BRAUERSTRASSE\u00a099; 8004 Z\u00dcRICH,\u00a0T\/F: 0041 44 241 50 22 &nbsp; Oznamy na 17. nede\u013eu v obdob\u00ed cez rok. Liturgick\u00fd kalend\u00e1r: &nbsp; V pondelok je sviatok sv. Jakuba, apo\u0161tola. V utorok je spomienka&#46;&#46;&#46;<\/p>\n","protected":false},"author":3,"featured_media":439,"comment_status":"open","ping_status":"closed","sticky":false,"template":"","format":"standard","meta":{"ngg_post_thumbnail":0},"categories":[24,1],"tags":[],"_links":{"self":[{"href":"https:\/\/www.skmisia.ch\/index.php?rest_route=\/wp\/v2\/posts\/5268"}],"collection":[{"href":"https:\/\/www.skmisia.ch\/index.php?rest_route=\/wp\/v2\/posts"}],"about":[{"href":"https:\/\/www.skmisia.ch\/index.php?rest_route=\/wp\/v2\/types\/post"}],"author":[{"embeddable":true,"href":"https:\/\/www.skmisia.ch\/index.php?rest_route=\/wp\/v2\/users\/3"}],"replies":[{"embeddable":true,"href":"https:\/\/www.skmisia.ch\/index.php?rest_route=%2Fwp%2Fv2%2Fcomments&post=5268"}],"version-history":[{"count":19,"href":"https:\/\/www.skmisia.ch\/index.php?rest_route=\/wp\/v2\/posts\/5268\/revisions"}],"predecessor-version":[{"id":5797,"href":"https:\/\/www.skmisia.ch\/index.php?rest_route=\/wp\/v2\/posts\/5268\/revisions\/5797"}],"wp:featuredmedia":[{"embeddable":true,"href":"https:\/\/www.skmisia.ch\/index.php?rest_route=\/wp\/v2\/media\/439"}],"wp:attachment":[{"href":"https:\/\/www.skmisia.ch\/index.php?rest_route=%2Fwp%2Fv2%2Fmedia&parent=5268"}],"wp:term":[{"taxonomy":"category","embeddable":true,"href":"https:\/\/www.skmisia.ch\/index.php?rest_route=%2Fwp%2Fv2%2Fcategories&post=5268"},{"taxonomy":"post_tag","embeddable":true,"href":"https:\/\/www.skmisia.ch\/index.php?rest_route=%2Fwp%2Fv2%2Ftags&post=5268"}],"curies":[{"name":"wp","href":"https:\/\/api.w.org\/{rel}","templated":true}]}}