{"id":5231,"date":"2016-04-26T10:06:00","date_gmt":"2016-04-26T09:06:00","guid":{"rendered":"https:\/\/www.skmisia.ch\/?p=5231"},"modified":"2019-04-08T21:08:49","modified_gmt":"2019-04-08T20:08:49","slug":"ucast-na-vyskumnom-projekte-o-nabozenskej-tolerancii-a-xenofobii","status":"publish","type":"post","link":"https:\/\/www.skmisia.ch\/?p=5231","title":{"rendered":"\u00da\u010das\u0165 na v\u00fdskumnom projekte o n\u00e1bo\u017eenskej tolerancii a xenof\u00f3bii"},"content":{"rendered":"<p><span style=\"color: #000000;\">\u201eAko m\u00f4\u017eu prispie\u0165 n\u00e1bo\u017eenstv\u00e1 k mierov\u00e9mu spoluna\u017e\u00edvaniu \u013eud\u00ed vo \u0160vaj\u010diarsku?\u201d T\u00e1to ot\u00e1zka zamestn\u00e1va v\u00fdskumn\u00fa skupinu na Univerzite Bern. Troj\u010dlenn\u00fd t\u00edm pod veden\u00edm prof. Stefana Hubera vyu\u017e\u00edva internetov\u00e9 dotazn\u00edky, ako aj osobn\u00e9 rozhovory s kres\u0165anmi, moslimami a \u017eidmi, pri\u010dom sa zauj\u00edma najm\u00e4 o to, ako veriaci \u010dlovek vn\u00edma in\u00e9 n\u00e1bo\u017eenstv\u00e1. Vedci tie\u017e sk\u00famaj\u00fa, za ak\u00fdch podmienok \u010dlovek pova\u017euje stretnutie s in\u00fdm n\u00e1bo\u017eenstvom za obohacuj\u00face a pr\u00ednosn\u00e9. V\u00fdsledkom v\u00fdskumu by mali by\u0165 aj praktick\u00e9 n\u00e1vrhy, ako by sa dali v spolo\u010dnosti potla\u010di\u0165 vplyvy ved\u00face k n\u00e1bo\u017eenskej diskrimin\u00e1cii a podpori\u0165 tie, \u010do ved\u00fa k vz\u00e1jomnej tolerancii.<\/span><br \/>\n<span style=\"color: #000000;\"> Vedcov zauj\u00edma aj n\u00e1zor slovensk\u00fdch kres\u0165anov a za vyplnenie internetov\u00e9ho dotazn\u00edka V\u00e1m bud\u00fa ve\u013emi v\u010fa\u010dn\u00ed. Ka\u017ed\u00fd u\u010dastn\u00edk z\u00edska na z\u00e1ver zhodnotenie jeho vlastnej religiozity z vedeck\u00e9ho h\u013eadiska. Dotazn\u00edk (v \u00f4smych jazykoch, nie v sloven\u010dine) a \u010fal\u0161ie inform\u00e1cie n\u00e1jdete na <a href=\"http:\/\/www.xeno.unibe.ch\" target=\"_blank\" rel=\"noopener noreferrer\">www.xeno.unibe.ch<\/a><\/span><span style=\"color: #000000;\">.<\/span><br \/>\n<span style=\"color: #000000;\"> Za Va\u0161u podporu a \u00fa\u010das\u0165 na projekte vopred \u010fakuje za cel\u00fd v\u00fdskumn\u00fd t\u00edm<\/span><\/p>\n<p><span style=\"color: #000000;\">Prof. Dr. Stefan Huber<\/span><br \/>\n<span style=\"color: #000000;\"> AGER &#8211; Arbeitsgruppe f\u00fcr empirische Religionsforschung<\/span><br \/>\n<span style=\"color: #000000;\"> Universit\u00e4t Bern<\/span><\/p>\n","protected":false},"excerpt":{"rendered":"<p>\u201eAko m\u00f4\u017eu prispie\u0165 n\u00e1bo\u017eenstv\u00e1 k mierov\u00e9mu spoluna\u017e\u00edvaniu \u013eud\u00ed vo \u0160vaj\u010diarsku?\u201d T\u00e1to ot\u00e1zka zamestn\u00e1va v\u00fdskumn\u00fa skupinu na Univerzite Bern. Troj\u010dlenn\u00fd t\u00edm pod veden\u00edm prof. Stefana Hubera vyu\u017e\u00edva internetov\u00e9 dotazn\u00edky, ako aj osobn\u00e9 rozhovory s kres\u0165anmi,&#46;&#46;&#46;<\/p>\n","protected":false},"author":3,"featured_media":5232,"comment_status":"open","ping_status":"closed","sticky":false,"template":"","format":"standard","meta":{"ngg_post_thumbnail":0},"categories":[24,1],"tags":[],"_links":{"self":[{"href":"https:\/\/www.skmisia.ch\/index.php?rest_route=\/wp\/v2\/posts\/5231"}],"collection":[{"href":"https:\/\/www.skmisia.ch\/index.php?rest_route=\/wp\/v2\/posts"}],"about":[{"href":"https:\/\/www.skmisia.ch\/index.php?rest_route=\/wp\/v2\/types\/post"}],"author":[{"embeddable":true,"href":"https:\/\/www.skmisia.ch\/index.php?rest_route=\/wp\/v2\/users\/3"}],"replies":[{"embeddable":true,"href":"https:\/\/www.skmisia.ch\/index.php?rest_route=%2Fwp%2Fv2%2Fcomments&post=5231"}],"version-history":[{"count":3,"href":"https:\/\/www.skmisia.ch\/index.php?rest_route=\/wp\/v2\/posts\/5231\/revisions"}],"predecessor-version":[{"id":9317,"href":"https:\/\/www.skmisia.ch\/index.php?rest_route=\/wp\/v2\/posts\/5231\/revisions\/9317"}],"wp:featuredmedia":[{"embeddable":true,"href":"https:\/\/www.skmisia.ch\/index.php?rest_route=\/wp\/v2\/media\/5232"}],"wp:attachment":[{"href":"https:\/\/www.skmisia.ch\/index.php?rest_route=%2Fwp%2Fv2%2Fmedia&parent=5231"}],"wp:term":[{"taxonomy":"category","embeddable":true,"href":"https:\/\/www.skmisia.ch\/index.php?rest_route=%2Fwp%2Fv2%2Fcategories&post=5231"},{"taxonomy":"post_tag","embeddable":true,"href":"https:\/\/www.skmisia.ch\/index.php?rest_route=%2Fwp%2Fv2%2Ftags&post=5231"}],"curies":[{"name":"wp","href":"https:\/\/api.w.org\/{rel}","templated":true}]}}