{"id":5221,"date":"2016-04-21T15:28:28","date_gmt":"2016-04-21T14:28:28","guid":{"rendered":"https:\/\/www.skmisia.ch\/?p=5221"},"modified":"2019-04-08T21:08:49","modified_gmt":"2019-04-08T20:08:49","slug":"mimoriadna-papezova-vyzva-zbierka-na-ukrajinu","status":"publish","type":"post","link":"https:\/\/www.skmisia.ch\/?p=5221","title":{"rendered":"Mimoriadna p\u00e1pe\u017eova v\u00fdzva- zbierka na Ukrajinu 24.4. 2016"},"content":{"rendered":"<p><span style=\"color: #ff0000;\">\u00a0\u0160T\u00c1TNY SEKRETARI\u00c1T<\/span><\/p>\n<p><span style=\"color: #ff0000;\">SEKCIA V\u0160EOBECN\u00ddCH Z\u00c1LE\u017dITOST\u00cd<\/span><\/p>\n<p>\u2116. 89.721<\/p>\n<p style=\"text-align: right;\">Vo Vatik\u00e1ne, 18. apr\u00edla 2016<\/p>\n<p>Va\u0161a Eminencia\/Va\u0161a Excelencia,<\/p>\n<p>&nbsp;<\/p>\n<p>vzh\u013eadom na mimoriadne v\u00e1\u017enu situ\u00e1ciu, v ktorej sa nach\u00e1dza obyvate\u013estvo na Ukrajine, chce Sv\u00e4t\u00fd Otec vzbudi\u0165 pozornos\u0165 veriacich vo\u010di tragick\u00fdm n\u00e1sledkom konfliktu, ktor\u00fd neust\u00e1le pokra\u010duje, hoci mnoh\u00ed na\u0148 zab\u00fadaj\u00fa. Preto 3. apr\u00edla t. r. pri modlitbe <em>Raduj sa, nebies Kr\u00e1\u013eovn\u00e1 <\/em>vyhl\u00e1sil mimoriadnu humanit\u00e1rnu iniciat\u00edvu, ktor\u00e1 sa uskuto\u010dn\u00ed prostredn\u00edctvom \u0161peci\u00e1lnej zbierky, v nede\u013eu 24. apr\u00edla v kostoloch celej Eur\u00f3py.<\/p>\n<p>V\u00fd\u0165a\u017eok zbierky sa prid\u00e1 k zna\u010dnej sume pe\u0148az\u00ed, ktor\u00fa Sv\u00e4t\u00fd Otec vy\u010dlenil ako znak svojej osobnej spolu\u00fa\u010dasti a tieto prostriedky bud\u00fa pou\u017eit\u00e9 v prospech obyvate\u013eov zasiahnut\u00fdch oblast\u00ed ako aj pre t\u00fdch, \u010do sa pres\u00eddlili v r\u00e1mci Ukrajiny. Sv\u00e4t\u00e1 stolica s cie\u013eom zabezpe\u010di\u0165 efekt\u00edvne a spr\u00e1vne pou\u017eitie vyzbieran\u00fdch milodarov, u\u017e pripravuje \u0161peci\u00e1lne projekty pre najnaliehavej\u0161ie sektory humanit\u00e1rnej kr\u00edzy. Tieto projekty bud\u00fa posudzovan\u00e9 \u0161peci\u00e1lnou komisiou <em>in loco <\/em>(na mieste), pri\u010dom P\u00e1pe\u017esk\u00e1 rada <em>Cor unum <\/em>bude vyhodnocova\u0165 a schva\u013eova\u0165 rozde\u013eovanie finan\u010dn\u00fdch prostriedkov.<\/p>\n<p>V pr\u00edlohe listu V\u00e1m zasielam informat\u00edvnu spr\u00e1vu, ktor\u00e1 m\u00f4\u017ee v s\u00favislosti s vyhl\u00e1senou zbierkou posl\u00fa\u017ei\u0165 ako vhodn\u00fd n\u00e1stroj pre scitlivovanie \u013eud\u00ed vzh\u013eadom na spom\u00ednan\u00fa kr\u00edzu.<\/p>\n<p>Prostriedky vyzbieran\u00e9 pri tejto zbierke m\u00e1 biskupsk\u00e1 konferencia zasla\u0165 na \u0160t\u00e1tny sekretari\u00e1t, sekciu pre v\u0161eobecn\u00e9 z\u00e1le\u017eitosti, a to prostredn\u00edctvom apo\u0161tolskej nunciat\u00fary. Bolo by \u017eiaduce, aby milodary pri\u0161li \u010d\u00edm sk\u00f4r, vzh\u013eadom na mimoriadny a naliehav\u00fd charakter tejto iniciat\u00edvy.<\/p>\n<p>\u00daprimne V\u00e1m \u010fakujem za cenn\u00fa pomoc a vyu\u017e\u00edvam t\u00fato pr\u00edle\u017eitos\u0165, aby som V\u00e1m vyjadril hlbok\u00fa \u00factu.<\/p>\n<p>&nbsp;<\/p>\n<p>&nbsp;<\/p>\n<ul>\n<li>X Pietro kard. Parolin<\/li>\n<\/ul>\n<p><em>\u00a0 \u00a0 \u00a0 \u00a0 \u00a0 \u00a0\u0161t\u00e1tny sekret\u00e1r<\/em><\/p>\n<p>&nbsp;<\/p>\n<p>___________________________________<\/p>\n<p>Predsedom biskupsk\u00fdch konferenci\u00ed<\/p>\n<p>v ich s\u00eddlach<\/p>\n<p><em>(s pr\u00edlohou)<\/em><\/p>\n<p><a href=\"https:\/\/www.skmisia.ch\/wp-content\/uploads\/2016\/04\/Segreteria-di-stato.jpg\" target=\"_blank\" rel=\"noopener noreferrer\"><img decoding=\"async\" loading=\"lazy\" class=\"alignnone wp-image-5223 size-large\" src=\"https:\/\/www.skmisia.ch\/wp-content\/uploads\/2016\/04\/Segreteria-di-stato-724x1024.jpg\" alt=\"Segreteria di stato\" width=\"720\" height=\"1018\" srcset=\"https:\/\/www.skmisia.ch\/wp-content\/uploads\/2016\/04\/Segreteria-di-stato-724x1024.jpg 724w, https:\/\/www.skmisia.ch\/wp-content\/uploads\/2016\/04\/Segreteria-di-stato-212x300.jpg 212w\" sizes=\"(max-width: 720px) 100vw, 720px\" \/><\/a><\/p>\n<p><strong>Informat\u00edvna spr\u00e1va o humanit\u00e1rnej kr\u00edze na Ukrajine <\/strong><\/p>\n<p>Vojensk\u00fd konflikt na v\u00fdchode Ukrajiny sa za\u010dal na jar roku 2014, a napriek pr\u00edmeriu uzavret\u00e9mu v septembri 2015, trv\u00e1 i na\u010falej. Jeho obe\u0165ami s\u00fa \u013eudia zasiahnut\u00ed predov\u0161etk\u00fdm obrovsk\u00fdm po\u010dtom neodstr\u00e1nen\u00fdch m\u00edn a neust\u00e1lou delostreleckou stre\u013ebou. Bolo zisten\u00fdch okolo 9.000 m\u0155tvych, ku ktor\u00fdm treba prir\u00e1ta\u0165 \u013eud\u00ed, \u010do zmizli a zajatcov, ktor\u00ed s\u00fa \u010dasto nez\u00e1konne zadr\u017eiavan\u00ed. Situ\u00e1cia charakterizovan\u00e1 nestabilitou, neust\u00e1la vojensk\u00e1 hrozba a n\u00e1sledn\u00e9 \u0161\u00edrenie nekontrolovan\u00fdch ozbrojen\u00fdch gangov, vystavuj\u00fa obyvate\u013estvo ve\u013ek\u00e9mu utrpeniu, a to nielen na \u00fazemiach priamo zasiahnut\u00fdch konfliktom, ale v celej krajine. Celkov\u00fd stav sa e\u0161te zhor\u0161il v\u010faka v\u0161eobecnej ekonomickej kr\u00edze a vysokej infl\u00e1cii, ktor\u00e1 drasticky oslabuje k\u00fapnu silu obyvate\u013estva: vy\u0161e 500.000 \u013eud\u00ed naliehavo potrebuje potraviny. \u010eal\u0161\u00ed jeden a pol mili\u00f3na \u013eud\u00ed sa stali migrantmi vo vlastnej krajine.<\/p>\n<p>V oblastiach najviac postihnut\u00fdch vojnou potrebuje najv\u00e4\u010d\u0161iu pomoc zdravotn\u00edctvo: viac ako 120 zdravotn\u00edckych centier bolo po\u0161koden\u00fdch alebo zni\u010den\u00fdch. Osobitne ohrozen\u00e9 s\u00fa tehotn\u00e9 \u017eeny a tie, ktor\u00e9 id\u00fa rodi\u0165; hroz\u00ed toti\u017e ve\u013emi vysok\u00e9 riziko \u0161\u00edrenia choroby AIDS a tuberkul\u00f3zy. Ch\u00fdbaj\u00fa anestetik\u00e1 a oper\u00e1cie sa \u010dasto vykon\u00e1vaj\u00fa bez anest\u00e9zie. Ak s\u00fa lieky dostupn\u00e9 (mnoh\u00e9 lek\u00e1rne boli zatvoren\u00e9), ich cena je pr\u00edli\u0161 vysok\u00e1.<\/p>\n<p>V oblastiach, ktor\u00e9 najviac poci\u0165uj\u00fa konflikt, aktu\u00e1lne b\u00fdva \u2013 s obrovsk\u00fdmi \u0165a\u017ekos\u0165ami \u2013 okolo troch mili\u00f3nov \u013eud\u00ed; ide v\u00e4\u010d\u0161inou o star\u0161\u00edch \u013eud\u00ed, ktor\u00ed nemohli opusti\u0165 z\u00f3ny, kde sa bojuje.<\/p>\n<p>\u010co sa t\u00fdka b\u00fdvania, od 12.000 do 15.000 domov bolo po\u0161koden\u00fdch, viac ako 1.000 bolo \u00faplne zni\u010den\u00fdch. Situ\u00e1cia bude zvl\u00e1\u0161\u0165 dramatick\u00e1 na jese\u0148 a v zime kv\u00f4li n\u00edzkym teplot\u00e1m.<\/p>\n<p>Ve\u013ek\u00e9 mno\u017estvo det\u00ed nem\u00f4\u017ee nav\u0161tevova\u0165 \u0161koly. 200.000 det\u00ed na\u0161lo \u00fato\u010disko v regi\u00f3noch Ukrajiny mimo zasiahnut\u00fdch oblast\u00ed. Ka\u017ed\u00e9 \u0161tvrt\u00e9 die\u0165a je ute\u010dencom. Mnoh\u00e9 deti postihli \u0165a\u017ek\u00e9 formy psychologickej traumy, a to z d\u00f4vodu n\u00e1silia, ktor\u00e9ho boli svedkami alebo ktor\u00e9 zak\u00fasili; niektor\u00e9 deti dokonca stratili schopnos\u0165 p\u00edsa\u0165 a \u010d\u00edta\u0165.<\/p>\n<p>Pretrv\u00e1vaj\u00faci stav konfliktu predstavuje z\u00e1sadn\u00fd probl\u00e9m pri h\u013eadan\u00ed rie\u0161enia humanit\u00e1rnej kr\u00edzy. Pre dovoz tovarov, vr\u00e1tane liekov, platia osobitn\u00e9 obmedzenia; existuj\u00fa aj z\u00e1sadn\u00e9 \u0165a\u017ekosti v s\u00favislosti s pr\u00edsunom medzin\u00e1rodnej pomoci do najviac zni\u010den\u00fdch oblast\u00ed.<\/p>\n<p>Zo\u010di-vo\u010di t\u00fdmto z\u00e1kladn\u00fdm probl\u00e9mom spolo\u010dnos\u0165 reaguje s mimoriadnou v\u00fddr\u017eou. Na postihnutom \u00fazem\u00ed najlep\u0161ie funguje sie\u0165 pomoci patriaca pod n\u00e1bo\u017eensk\u00e9 vierovyznania. Medzi nimi s\u00fa aj katol\u00edci, ktor\u00fdch je na Ukrajine okolo 10% obyvate\u013estva a v najviac zasiahnutej oblasti predstavuj\u00fa men\u0161inu; katol\u00edci s\u00fa v plnom nasaden\u00ed pre pomoc n\u00fadznym, hoci nedok\u00e1\u017eu uspokoji\u0165 \u0161irok\u00fa \u0161k\u00e1lu najnaliehavej\u0161\u00edch potrieb.<\/p>\n<p>Vzh\u013eadom na t\u00fato situ\u00e1ciu pripravuje Sv\u00e4t\u00e1 stolica \u0161pecifick\u00fa pomoc, ktor\u00e1 bude poskytnut\u00e1 v prospech cel\u00e9ho obyvate\u013estva, bez rozdielu n\u00e1bo\u017eenstva a vierovyznania, s cie\u013eom rie\u0161i\u0165 humanit\u00e1rnu kr\u00edzu, osobitne v najkritickej\u0161\u00edch oblastiach. Na to bude sl\u00fa\u017ei\u0165 pripravovan\u00fd mechanizmus na zozbieranie a v\u00fdber projektov na financovanie, prostredn\u00edctvom \u0161peci\u00e1lne ur\u010denej komisie <em>in loco <\/em>(na mieste), ktor\u00e1 je poveren\u00e1 ich vyhodnocovan\u00edm. P\u00e1pe\u017esk\u00e1 rada <em>Cor unum <\/em>bude ma\u0165 na starosti schva\u013eovanie, rozde\u013eovanie a spr\u00e1vu finan\u010dn\u00fdch prostriedkov a n\u00e1sledn\u00e9 vy\u00fa\u010dtovanie ich pou\u017eitia.<\/p>\n<p><a href=\"https:\/\/www.skmisia.ch\/wp-content\/uploads\/2016\/04\/Informazioni-circa-l\u00b4emergenza-umanitaria-in-Ucraina-1-2.jpg\" target=\"_blank\" rel=\"noopener noreferrer\"><img decoding=\"async\" loading=\"lazy\" class=\"alignnone wp-image-5224 size-large\" src=\"https:\/\/www.skmisia.ch\/wp-content\/uploads\/2016\/04\/Informazioni-circa-l\u00b4emergenza-umanitaria-in-Ucraina-1-2-724x1024.jpg\" alt=\"Informazioni circa l\u00b4emergenza umanitaria in Ucraina 1-2\" width=\"720\" height=\"1018\" srcset=\"https:\/\/www.skmisia.ch\/wp-content\/uploads\/2016\/04\/Informazioni-circa-l\u00b4emergenza-umanitaria-in-Ucraina-1-2-724x1024.jpg 724w, https:\/\/www.skmisia.ch\/wp-content\/uploads\/2016\/04\/Informazioni-circa-l\u00b4emergenza-umanitaria-in-Ucraina-1-2-212x300.jpg 212w\" sizes=\"(max-width: 720px) 100vw, 720px\" \/><\/a>\u00a0 \u00a0<a href=\"https:\/\/www.skmisia.ch\/wp-content\/uploads\/2016\/04\/Informazioni-circa-l\u00b4emergenza-umanitaria-in-Ucraina-2-2.jpg\" target=\"_blank\" rel=\"noopener noreferrer\"><img decoding=\"async\" loading=\"lazy\" class=\"alignnone wp-image-5225 size-large\" src=\"https:\/\/www.skmisia.ch\/wp-content\/uploads\/2016\/04\/Informazioni-circa-l\u00b4emergenza-umanitaria-in-Ucraina-2-2-724x1024.jpg\" alt=\"Informazioni circa l\u00b4emergenza umanitaria in Ucraina 2-2\" width=\"720\" height=\"1018\" srcset=\"https:\/\/www.skmisia.ch\/wp-content\/uploads\/2016\/04\/Informazioni-circa-l\u00b4emergenza-umanitaria-in-Ucraina-2-2-724x1024.jpg 724w, https:\/\/www.skmisia.ch\/wp-content\/uploads\/2016\/04\/Informazioni-circa-l\u00b4emergenza-umanitaria-in-Ucraina-2-2-212x300.jpg 212w\" sizes=\"(max-width: 720px) 100vw, 720px\" \/><\/a><\/p>\n","protected":false},"excerpt":{"rendered":"<p>\u00a0\u0160T\u00c1TNY SEKRETARI\u00c1T SEKCIA V\u0160EOBECN\u00ddCH Z\u00c1LE\u017dITOST\u00cd \u2116. 89.721 Vo Vatik\u00e1ne, 18. apr\u00edla 2016 Va\u0161a Eminencia\/Va\u0161a Excelencia, &nbsp; vzh\u013eadom na mimoriadne v\u00e1\u017enu situ\u00e1ciu, v ktorej sa nach\u00e1dza obyvate\u013estvo na Ukrajine, chce Sv\u00e4t\u00fd Otec vzbudi\u0165 pozornos\u0165 veriacich&#46;&#46;&#46;<\/p>\n","protected":false},"author":3,"featured_media":5222,"comment_status":"open","ping_status":"closed","sticky":false,"template":"","format":"standard","meta":{"ngg_post_thumbnail":0},"categories":[24,1],"tags":[],"_links":{"self":[{"href":"https:\/\/www.skmisia.ch\/index.php?rest_route=\/wp\/v2\/posts\/5221"}],"collection":[{"href":"https:\/\/www.skmisia.ch\/index.php?rest_route=\/wp\/v2\/posts"}],"about":[{"href":"https:\/\/www.skmisia.ch\/index.php?rest_route=\/wp\/v2\/types\/post"}],"author":[{"embeddable":true,"href":"https:\/\/www.skmisia.ch\/index.php?rest_route=\/wp\/v2\/users\/3"}],"replies":[{"embeddable":true,"href":"https:\/\/www.skmisia.ch\/index.php?rest_route=%2Fwp%2Fv2%2Fcomments&post=5221"}],"version-history":[{"count":5,"href":"https:\/\/www.skmisia.ch\/index.php?rest_route=\/wp\/v2\/posts\/5221\/revisions"}],"predecessor-version":[{"id":9318,"href":"https:\/\/www.skmisia.ch\/index.php?rest_route=\/wp\/v2\/posts\/5221\/revisions\/9318"}],"wp:featuredmedia":[{"embeddable":true,"href":"https:\/\/www.skmisia.ch\/index.php?rest_route=\/wp\/v2\/media\/5222"}],"wp:attachment":[{"href":"https:\/\/www.skmisia.ch\/index.php?rest_route=%2Fwp%2Fv2%2Fmedia&parent=5221"}],"wp:term":[{"taxonomy":"category","embeddable":true,"href":"https:\/\/www.skmisia.ch\/index.php?rest_route=%2Fwp%2Fv2%2Fcategories&post=5221"},{"taxonomy":"post_tag","embeddable":true,"href":"https:\/\/www.skmisia.ch\/index.php?rest_route=%2Fwp%2Fv2%2Ftags&post=5221"}],"curies":[{"name":"wp","href":"https:\/\/api.w.org\/{rel}","templated":true}]}}