{"id":5175,"date":"2016-04-13T15:56:19","date_gmt":"2016-04-13T14:56:19","guid":{"rendered":"https:\/\/www.skmisia.ch\/?p=5175"},"modified":"2019-04-08T21:08:49","modified_gmt":"2019-04-08T20:08:49","slug":"pribeh-bohu-nic-nie-je-nemozne","status":"publish","type":"post","link":"https:\/\/www.skmisia.ch\/?p=5175","title":{"rendered":"Pr\u00edbeh &#8211; Bohu ni\u010d nie je nemo\u017en\u00e9 &#8230;"},"content":{"rendered":"<p><a href=\"https:\/\/www.skmisia.ch\/wp-content\/uploads\/2016\/04\/Ocilkova.jpg\" target=\"_blank\" rel=\"noopener noreferrer\"><img decoding=\"async\" loading=\"lazy\" class=\"size-medium wp-image-5176 aligncenter\" src=\"https:\/\/www.skmisia.ch\/wp-content\/uploads\/2016\/04\/Ocilkova-300x150.jpg\" alt=\"Ocilkova\" width=\"300\" height=\"150\" srcset=\"https:\/\/www.skmisia.ch\/wp-content\/uploads\/2016\/04\/Ocilkova-300x150.jpg 300w, https:\/\/www.skmisia.ch\/wp-content\/uploads\/2016\/04\/Ocilkova.jpg 566w\" sizes=\"(max-width: 300px) 100vw, 300px\" \/><\/a>Mala som 19. \u010cerstvo zmaturovan\u00e1, kr\u00e1sne zamilovan\u00e1. Do tohto n\u00e1dhern\u00e9ho obdobia v\u0161ak pri\u0161lo \u010dosi ne\u010dakan\u00e9. Jedn\u00e9ho d\u0148a sa dostavili siln\u00e9 bolesti v\u00a0podbru\u0161ku, sprev\u00e1dzan\u00e9 st\u00e1le sa zv\u00e4\u010d\u0161uj\u00facim bru\u0161kom, a\u017e som sa na piaty \u010di \u0161iesty de\u0148 ocitla na opera\u010dnom stole.<\/p>\n<p>Histologick\u00e9 v\u00fdsledky boli zl\u00e9: bol tam n\u00e1dor o ve\u013ekosti detskej hlavi\u010dky. Presnej\u0161ie: \u201egerminat\u00edvny yolk sac tumor prav\u00e9ho ov\u00e1ria\u201c. N\u00e1dej na pre\u017eitie? Minim\u00e1lna. Progn\u00f3zy pod\u013ea odbornej literat\u00fary zneli:<\/p>\n<p>\u201eN\u00e1dor je vysoko mal\u00edgny, r\u00fdchlo lok\u00e1lne progreduje a metastazuje v\u0161etk\u00fdmi sp\u00f4sobmi. Histologick\u00fd typ yolk sac tumoru m\u00e1 v prognostick\u00fdch \u00favah\u00e1ch mal\u00fd v\u00fdznam&#8230; N\u00e1dor je r\u00e1diorezistentn\u00fd, ale m\u00f4\u017ee odpoveda\u0165 na vhodn\u00fa kombin\u00e1ciu chemoterapi\u00ed pred\u013a\u017een\u00fdm poopera\u010dn\u00fdm pre\u017e\u00edvan\u00edm.\u201c<br \/>\n(Motl\u00edk, K.; \u017divn\u00fd, J.: Patologie v \u017eensk\u00e9m l\u00e9ka\u0159stv\u00ed, GRADA Avicenum, 2001)<\/p>\n<p>Pri oper\u00e1cii mi vybrali prav\u00fd vaje\u010dn\u00edk a\u00a0potom ma odoslali na onkol\u00f3giu. Spolu s rodi\u010dmi som sa dozvedela, \u017ee materstvo je u\u00a0m\u0148a nav\u017edy vyl\u00fa\u010den\u00e9, \u017ee moje min\u00faty s\u00fa spo\u010d\u00edtan\u00e9, \u017ee okam\u017eite treba \u00eds\u0165 znova pod n\u00f4\u017e a\u00a0v\u0161etky \u017eensk\u00e9 org\u00e1ny musia von. V\u00a0tom momente sa v\u00a0mojom \u017eivote v\u0161etko zmenilo. Stratila som chu\u0165 do jedla, chu\u0165 \u017ei\u0165 &#8211; za\u010dala som umiera\u0165. Previezli ma do Bratislavy, kde sa po pre\u0161tudovan\u00ed v\u0161etk\u00fdch materi\u00e1lov a\u00a0opakovanom histologickom vy\u0161etren\u00ed potvrdila t\u00e1 stra\u0161n\u00e1 diagn\u00f3za. Nenasledovala v\u0161ak oper\u00e1cia, ale chemoterapia. Vypadali mi vlasy, obo\u010die, mihalnice, moja hmotnos\u0165 dosiahla sotva 36 k\u00edl, v\u00a0jednom kuse som zvracala a\u00a0v\u0161etko s\u00a0t\u00fdm s\u00favisiace&#8230;<\/p>\n<p>Po pol roku lie\u010dby mi urobili kontroln\u00e9 CT, ktor\u00e9ho v\u00fdsledok znel: metast\u00e1zy v sakr\u00e1lnej oblasti. Nasledovala \u010fal\u0161ia oper\u00e1cia. Zobrali mi aj \u010das\u0165 druh\u00e9ho vaje\u010dn\u00edka, ale v\u00fdsledky CT vy\u0161etrenia o metast\u00e1zach v kr\u00ed\u017eovej oblasti sa nepotvrdili. Ke\u010f som sa prebrala z nark\u00f3zy, lek\u00e1r mi povedal:<\/p>\n<p>\u201eSte zdrav\u00e1, posielame v\u00e1s domov \u017ei\u0165.\u201c<\/p>\n<p>Po\u010das chemoterapi\u00ed mi v\u0161ak vypadol men\u0161trua\u010dn\u00fd cyklus. Ke\u010f som sa na to asi po pol roku sp\u00fdtala m\u00f4jho gynekol\u00f3ga \u2013 onkol\u00f3ga, s ve\u013ek\u00fdmi obavami, ako zareagujem, mi povedal:<\/p>\n<p>\u201eTo je norm\u00e1lne. Vy u\u017e cyklus nikdy nedostanete.\u201c<\/p>\n<p>Po \u010dase mi za\u010dali r\u00e1s\u0165 vlasy a ja som za\u010dala som uva\u017eova\u0165 o n\u00e1vrate do pr\u00e1ce, o \u010fal\u0161om \u0161t\u00fadiu. A vtedy som zrazu dostala cyklus. Nikto z lek\u00e1rov mi na to nevedel da\u0165 vysvet\u013euj\u00facu odpove\u010f.<\/p>\n<p>Pre\u0161lo asi dev\u00e4\u0165 rokov. Moja l\u00e1ska &#8211; vtedy gymnazista &#8211; medzit\u00fdm vy\u0161tudoval medic\u00ednu. Po prom\u00f3ci\u00e1ch sme sa zobrali. Vedel, do \u010doho ide, no napriek tomu ma st\u00e1le miloval. A veril. Asi po troch rokoch man\u017eelstva som bola s diagn\u00f3zou \u201esteriln\u00e1\u201c zasa prijat\u00e1 na gynekologick\u00fa kliniku. Nasledovala oper\u00e1cia, po\u010das ktorej sa zistilo, \u017ee ten k\u00fasok vaje\u010dn\u00edka, \u010do mi ostal, sa medzi\u010dasom oto\u010dil, obmotal vaj\u00ed\u010dkovodom a prir\u00e1stol k \u010drevu. Po tejto oper\u00e1cii ma, samozrejme, indikovali na umel\u00e9 oplodnenie, ktor\u00e9 sme v\u0161ak nechceli. V\u0161etko sme jednoducho vlo\u017eili do Bo\u017e\u00edch r\u00fak.<\/p>\n<p>Asi o\u00a0\u0161tyri mesiace sme zistili, \u017ee som v\u00a0po\u017eehnanom stave.<\/p>\n<p>Tehotensk\u00e9 vy\u0161etrenia uk\u00e1zali, \u017ee je ve\u013emi vysok\u00e1 pravdepodobnos\u0165, \u017ee die\u0165a bude postihnut\u00e9. Pani doktorka geneti\u010dka ma pou\u010dila, \u017ee po chemoterapi\u00e1ch je ve\u013emi vysok\u00fd predpoklad po\u0161kodenia plodu. Samozrejme, \u017ee to so mnou tro\u0161ku \u201ezatriaslo\u201c, man\u017eel mi v\u0161ak st\u00e1le hovoril, \u017ee P\u00e1n Boh vie, \u010do zvl\u00e1dneme a\u00a0\u010do potrebujeme. Ne\u0161li sme teda ani na amniocent\u00e9zu.<\/p>\n<p>V\u00a0j\u00fali 2003 sa n\u00e1m narodila kr\u00e1sna zdrav\u00e1 Laura.<\/p>\n<p>Ke\u010f mala Laura osem mesiacov a ja som doj\u010dila nieko\u013ekokr\u00e1t denne, zistili sme, \u017ee \u010dak\u00e1me druh\u00e9 b\u00e1bo. Bol 25. marec 2004. V de\u0148, ke\u010f sa v kostole \u010d\u00edtala sta\u0165 z Evanjelia:<\/p>\n<p>\u201e&#8230;a hovorili o nej, \u017ee je neplodn\u00e1&#8230;\u201c,<\/p>\n<p>som zistila, \u017ee som v druhom mesiaci druh\u00e9ho tehotenstva. O sedem mesiacov sa n\u00e1m narodila kr\u00e1sna\u00a0dc\u00e9rka Lea.<\/p>\n<p>Lebo Bohu\u00a0ni\u010d nie je nemo\u017en\u00e9.<\/p>\n<p>&nbsp;<\/p>\n<p>P.S.<\/p>\n<p>V \u010dasopise Miriam bol uverejnen\u00fd m\u00f4j pr\u00edbeh z\u00e1zra\u010dn\u00e9ho telesn\u00e9ho uzdravenia. Niekto ho za\u010dal posiela\u0165 aj po internete. Ch\u00e1pem, \u017ee pre \u013eud\u00ed je povzbudzuj\u00face, ke\u010f \u010d\u00edtaj\u00fa tak\u00e9 svedectvo o konkr\u00e9tnom \u010dlovekovi. Ale nechcem, aby som v tomto pr\u00edbehu bola \u201ehrdina\u201c ja. Tento pr\u00edbeh je o Bohu, o Bo\u017eej ve\u013ekosti, V\u0161emoh\u00facnosti, L\u00e1ske. O tom, \u017ee Bohu ni\u010d nie je nemo\u017en\u00e9. S rozposielan\u00edm m\u00f4jho pr\u00edbehu som v\u0161ak konfrontovan\u00e1 s ot\u00e1zkou, pre\u010do Boh svoju moc vyjavil pr\u00e1ve na mne a nie aj na in\u00fdch \u017een\u00e1ch?! Preto\u017ee teraz ma kontaktuje ve\u013ea neplodn\u00fdch \u017eien. Chcem, aby \u013eudia vedeli, \u017ee to v\u00f4bec nie je vecou z\u00e1sluh. Som najnehodnej\u0161ia z nehodn\u00fdch. Nepatr\u00edm medzi tie \u017eeny, ktor\u00e9 t\u00fa\u017eili ma\u0165 ve\u013ea det\u00ed a teraz sa mi to splnilo. Anga\u017eujem sa vo veciach verejn\u00fdch a to ma aj bav\u00ed. A len Boh vie, pre\u010do m\u0148a &#8211; neplodn\u00fa &#8211; pr\u00e1ve s tak\u00fdmito z\u00e1ujmami, v\u00f4bec nie supermatku, urobil mnohon\u00e1sobnou matkou. Odkedy som nap\u00edsala to svedectvo, bola som u\u017e dvakr\u00e1t tehotn\u00e1, raz sme v\u0161ak o b\u00e1b\u00e4tko pri\u0161li v 3. mesiaci tehotenstva. A teraz &#8211; v mojich takmer 39 rokoch &#8211; sa n\u00e1m narodil syn. Lek\u00e1ri mi pritom hovorili, \u017ee sme naroden\u00edm dvoch dc\u00e9rok v mojich 32 a 33 rokoch stihli moje posledn\u00e9 fertiln\u00e9 mesiace. Zd\u00e1 sa, \u017ee Boh sa nad vedeck\u00fdmi poznatkami iba usmieva. Bo\u017eia logika je in\u00e1 ako na\u0161a. Nech n\u00e1s aj toto poznanie pritiahne bli\u017e\u0161ie k Bohu.<br \/>\n(Hoci st\u00e1le neviem, pre\u010do sa to nedeje v\u0161etk\u00fdm \u017een\u00e1m.)<\/p>\n<p>Asi to nezapad\u00e1 do ide\u00e1lneho obrazu o uzdravenej, vylie\u010denej, ale chcem o sebe nap\u00edsa\u0165 pravdu, nie ru\u017eov\u00fd obr\u00e1zok. Lebo to je podstata tohto z\u00e1zraku &#8211; \u017ee BOH SA OSL\u00c1VIL a nie \u017ee sa splnila moja t\u00fa\u017eba.<\/p>\n","protected":false},"excerpt":{"rendered":"<p>Mala som 19. \u010cerstvo zmaturovan\u00e1, kr\u00e1sne zamilovan\u00e1. Do tohto n\u00e1dhern\u00e9ho obdobia v\u0161ak pri\u0161lo \u010dosi ne\u010dakan\u00e9. Jedn\u00e9ho d\u0148a sa dostavili siln\u00e9 bolesti v\u00a0podbru\u0161ku, sprev\u00e1dzan\u00e9 st\u00e1le sa zv\u00e4\u010d\u0161uj\u00facim bru\u0161kom, a\u017e som sa na piaty \u010di \u0161iesty&#46;&#46;&#46;<\/p>\n","protected":false},"author":3,"featured_media":5176,"comment_status":"open","ping_status":"closed","sticky":false,"template":"","format":"standard","meta":{"ngg_post_thumbnail":0},"categories":[24,1],"tags":[],"_links":{"self":[{"href":"https:\/\/www.skmisia.ch\/index.php?rest_route=\/wp\/v2\/posts\/5175"}],"collection":[{"href":"https:\/\/www.skmisia.ch\/index.php?rest_route=\/wp\/v2\/posts"}],"about":[{"href":"https:\/\/www.skmisia.ch\/index.php?rest_route=\/wp\/v2\/types\/post"}],"author":[{"embeddable":true,"href":"https:\/\/www.skmisia.ch\/index.php?rest_route=\/wp\/v2\/users\/3"}],"replies":[{"embeddable":true,"href":"https:\/\/www.skmisia.ch\/index.php?rest_route=%2Fwp%2Fv2%2Fcomments&post=5175"}],"version-history":[{"count":2,"href":"https:\/\/www.skmisia.ch\/index.php?rest_route=\/wp\/v2\/posts\/5175\/revisions"}],"predecessor-version":[{"id":9319,"href":"https:\/\/www.skmisia.ch\/index.php?rest_route=\/wp\/v2\/posts\/5175\/revisions\/9319"}],"wp:featuredmedia":[{"embeddable":true,"href":"https:\/\/www.skmisia.ch\/index.php?rest_route=\/wp\/v2\/media\/5176"}],"wp:attachment":[{"href":"https:\/\/www.skmisia.ch\/index.php?rest_route=%2Fwp%2Fv2%2Fmedia&parent=5175"}],"wp:term":[{"taxonomy":"category","embeddable":true,"href":"https:\/\/www.skmisia.ch\/index.php?rest_route=%2Fwp%2Fv2%2Fcategories&post=5175"},{"taxonomy":"post_tag","embeddable":true,"href":"https:\/\/www.skmisia.ch\/index.php?rest_route=%2Fwp%2Fv2%2Ftags&post=5175"}],"curies":[{"name":"wp","href":"https:\/\/api.w.org\/{rel}","templated":true}]}}