{"id":4830,"date":"2016-03-25T13:11:30","date_gmt":"2016-03-25T12:11:30","guid":{"rendered":"https:\/\/www.skmisia.ch\/?p=4830"},"modified":"2019-04-08T21:08:49","modified_gmt":"2019-04-08T20:08:49","slug":"postna-duchovna-obnova-2","status":"publish","type":"post","link":"https:\/\/www.skmisia.ch\/?p=4830","title":{"rendered":"P\u00f4stna duchovn\u00e1 obnova"},"content":{"rendered":"<p>P\u00f4stna duchovn\u00e1 obnova<\/p>\n<p>&nbsp;<\/p>\n<p>Pre\u017e\u00edvame Rok Bo\u017eieho milosrdenstva. Rok, po\u010das ktor\u00e9ho s\u00fa veriaci viackr\u00e1t<\/p>\n<p>poz\u00fdvan\u00ed, aby z\u00edskali \u010diasto\u010dn\u00e9 \u010di \u00fapln\u00e9 odpustky. P\u00f4stne obdobie tohto sv\u00e4t\u00e9ho roku<\/p>\n<p>je pre n\u00e1s v\u0161etk\u00fdch najvhodnej\u0161\u00edm \u010dasom nato, aby sme v\u010faka po\u010d\u00favaniu Bo\u017eieho<\/p>\n<p>slova a konaniu skutkov milosrdenstva prekonali vlastn\u00e9 existenci\u00e1lne odcudzenie.<\/p>\n<p>V d\u0148och 11. &#8211; 13. marca 2016 sa na SKM v Z\u00fcrichu konala P\u00f4stna duchovn\u00e1<\/p>\n<p>obnova. Kazate\u013eom bol Peter Pag\u00e1\u010d, sdb, ktor\u00fd p\u00f4sob\u00ed ako mision\u00e1r v Lond\u00fdne v<\/p>\n<p>Anglicku. T\u00e9mou predn\u00e1\u0161ky bola Eucharistia, ako dar Bo\u017eieho milosrdenstva.<\/p>\n<p>Program duchovnej obnovy bol ve\u013emi bohat\u00fd a veriaci okrem predn\u00e1\u0161ok mali<\/p>\n<p>mo\u017enos\u0165 z\u00fa\u010dastni\u0165 sa na kr\u00ed\u017eovej ceste, na ador\u00e1ci\u00ed, na sv. om\u0161iach a po\u010das cel\u00e9ho<\/p>\n<p>stretnutia mali mo\u017enos\u0165 prist\u00fapi\u0165 k sviatosti zmierenia a pripravi\u0165 sa na prich\u00e1dzaj\u00face<\/p>\n<p>sviatky Ve\u013ekej noci.<\/p>\n<p>Otec Peter po\u010das predn\u00e1\u0161ky zd\u00f4raznil pr\u00edtomn\u00fdm veriacim, \u017ee Eucharistia je dar,<\/p>\n<p>ktor\u00fd Je\u017ei\u0161 Kristus vytv\u00e1ra zo seba sam\u00e9ho. Sv\u00e4t\u00fd otec J\u00e1n Pavol II. vo svojej<\/p>\n<p>tvorbe ve\u013eakr\u00e1t pouk\u00e1zal pr\u00e1ve na skuto\u010dnos\u0165, \u017ee Cirkev \u017eije z Eucharistie.\u00a0 Prv\u00fd<\/p>\n<p>predobraz Eucharistie n\u00e1m Boh dal u\u017e v Starom z\u00e1kone, ke\u010f ustanovil sviatok<\/p>\n<p>Paschy, ke\u010f bil Egyp\u0165anov a u\u0161etril domy Izraelitov, ktor\u00e9 boli pozna\u010den\u00e9 obe veraje<\/p>\n<p>a horn\u00fd prah krvou bar\u00e1nka. \u010eal\u0161\u00edm predobrazom\u00a0 v Starom z\u00e1kone je pokrm<\/p>\n<p>Izraelitom, ke\u010f ich P\u00e1n oslobodil a vyviedol na p\u00fa\u0161\u0165 a oni reptali od hladu. Ale Boh<\/p>\n<p>prehovoril k Moj\u017ei\u0161ovi &#8211; H\u013ea, ja V\u00e1m d\u00e1m pada\u0165 chlieb z neba. &#8230; A \u013eud nak\u0155mil<\/p>\n<p>mannou, ktor\u00e1 im padala z neba.<\/p>\n<p>Predobraz eucharistie vid\u00edme aj v svedectve J\u00e1na Krstite\u013ea, kedy krstil \u013eud\u00ed a oni<\/p>\n<p>ho pova\u017eovali za Mesi\u00e1\u0161a, \u010di proroka, ale J\u00e1n vyriekol: &#8211;\u00a0 Ja krst\u00edm vodou, ale po<\/p>\n<p>mne prich\u00e1dza mu\u017e, ktor\u00fd je predo mnou, lebo bol prv, ako ja. A ke\u010f na druh\u00fd de\u0148 k<\/p>\n<p>nemu Je\u017ei\u0161 prich\u00e1dzal J\u00e1n zvolal: &#8211; H\u013ea Bar\u00e1nok bo\u017e\u00ed, ktor\u00fd sn\u00edma hriechy sveta&#8230;<\/p>\n<p>Je\u017ei\u0161ov predobraz eucharistie vid\u00edme aj v \u010dase, ke\u010f na p\u00fa\u0161ti nak\u0155mil hladn\u00fd z\u00e1stup<\/p>\n<p>\u013eud\u00ed. U\u010den\u00edci mu povedali, \u017ee maj\u00fa len sedem chlebov a nieko\u013eko r\u00fdb, ale Je\u017ei\u0161<\/p>\n<p>vzd\u00e1val v\u010faky, l\u00e1mal chlieb a rozmno\u017eil ho a nak\u0155mil \u0161tyritis\u00edc mu\u017eov okrem \u017eien<\/p>\n<p>Eucharistia je prame\u0148 \u017eivota. A Je\u017ei\u0161 pon\u00faka svoju vlastn\u00fa krv, ktor\u00e1 je symbolom<\/p>\n<p>\u017eivota, lebo z jeho prebodnut\u00e9ho boku vy\u0161la krv a z nej sa vytvorila Cirkev.<\/p>\n<p>Otec Peter veriacim vysvetlil, ak\u00e1 d\u00f4le\u017eit\u00e1 je spojitos\u0165 samostatnej ador\u00e1cie<\/p>\n<p>s eucharistiou. Po\u010das ador\u00e1cie \u010dlovek prin\u00e1\u0161a Bohu v\u0161etko \u010do ma na srdci. V\u0161etko<\/p>\n<p>mu odovzd\u00e1 \u2013 svoju pr\u00e1cu, \u0161t\u00fadium, probl\u00e9my s de\u0165mi, zdravotn\u00e9 probl\u00e9my, odovzd\u00e1<\/p>\n<p>mu aj svojho nepriate\u013ea a v\u0161etko \u010do ho \u0165a\u017e\u00ed, a\u017e nakoniec srdce \u010dloveka ostane<\/p>\n<p>pr\u00e1zdne a vtedy ho Je\u017ei\u0161 napln\u00ed l\u00e1skou, pokojom, pokorou a milosrdenstvom.<\/p>\n<p>Duchovn\u00e1 obnova bola ve\u013ekou v\u00fdzvou na pozorn\u00e9 po\u010d\u00favanie Bo\u017eieho slova<\/p>\n<p>a mnoh\u00fd veriaci v \u010dase p\u00f4stu mohli osobne zak\u00fasi\u0165 ohlasovanie Bo\u017eieho<\/p>\n<p>milosrdenstva svetu.<\/p>\n","protected":false},"excerpt":{"rendered":"<p>P\u00f4stna duchovn\u00e1 obnova &nbsp; Pre\u017e\u00edvame Rok Bo\u017eieho milosrdenstva. Rok, po\u010das ktor\u00e9ho s\u00fa veriaci viackr\u00e1t poz\u00fdvan\u00ed, aby z\u00edskali \u010diasto\u010dn\u00e9 \u010di \u00fapln\u00e9 odpustky. P\u00f4stne obdobie tohto sv\u00e4t\u00e9ho roku je pre n\u00e1s v\u0161etk\u00fdch najvhodnej\u0161\u00edm \u010dasom nato, aby&#46;&#46;&#46;<\/p>\n","protected":false},"author":8,"featured_media":4836,"comment_status":"open","ping_status":"closed","sticky":false,"template":"","format":"gallery","meta":{"ngg_post_thumbnail":0},"categories":[24,1],"tags":[],"_links":{"self":[{"href":"https:\/\/www.skmisia.ch\/index.php?rest_route=\/wp\/v2\/posts\/4830"}],"collection":[{"href":"https:\/\/www.skmisia.ch\/index.php?rest_route=\/wp\/v2\/posts"}],"about":[{"href":"https:\/\/www.skmisia.ch\/index.php?rest_route=\/wp\/v2\/types\/post"}],"author":[{"embeddable":true,"href":"https:\/\/www.skmisia.ch\/index.php?rest_route=\/wp\/v2\/users\/8"}],"replies":[{"embeddable":true,"href":"https:\/\/www.skmisia.ch\/index.php?rest_route=%2Fwp%2Fv2%2Fcomments&post=4830"}],"version-history":[{"count":3,"href":"https:\/\/www.skmisia.ch\/index.php?rest_route=\/wp\/v2\/posts\/4830\/revisions"}],"predecessor-version":[{"id":4849,"href":"https:\/\/www.skmisia.ch\/index.php?rest_route=\/wp\/v2\/posts\/4830\/revisions\/4849"}],"wp:featuredmedia":[{"embeddable":true,"href":"https:\/\/www.skmisia.ch\/index.php?rest_route=\/wp\/v2\/media\/4836"}],"wp:attachment":[{"href":"https:\/\/www.skmisia.ch\/index.php?rest_route=%2Fwp%2Fv2%2Fmedia&parent=4830"}],"wp:term":[{"taxonomy":"category","embeddable":true,"href":"https:\/\/www.skmisia.ch\/index.php?rest_route=%2Fwp%2Fv2%2Fcategories&post=4830"},{"taxonomy":"post_tag","embeddable":true,"href":"https:\/\/www.skmisia.ch\/index.php?rest_route=%2Fwp%2Fv2%2Ftags&post=4830"}],"curies":[{"name":"wp","href":"https:\/\/api.w.org\/{rel}","templated":true}]}}