{"id":4822,"date":"2016-03-22T18:16:29","date_gmt":"2016-03-22T17:16:29","guid":{"rendered":"https:\/\/www.skmisia.ch\/?p=4822"},"modified":"2019-04-08T21:08:49","modified_gmt":"2019-04-08T20:08:49","slug":"4822","status":"publish","type":"post","link":"https:\/\/www.skmisia.ch\/?p=4822","title":{"rendered":"Ve\u013ekono\u010dn\u00fd v\u00fdlet 28. marca"},"content":{"rendered":"<p><span style=\"color: #000000;\"><strong>Srde\u010dne \u0165a poz\u00fdvame na Ve\u013ekono\u010dn\u00fd v\u00fdlet po sv. om\u0161i v Berne, ktor\u00e1 bude\u00a0\u00a0v pondelok 28. marca o 9:00 v \u00a0<a style=\"color: #000000;\" href=\"http:\/\/maps.google.com\/maps?q=Taubenstrasse+6+Bern\">Dreifaltigkeit na Taubenstrasse 6, Bern<\/a>.<\/strong><\/span><\/p>\n<p><span style=\"color: #000000;\"><strong>Stret\u00e1vka \u00fa\u010dastn\u00edkov je na parkovisku pri re\u0161taur\u00e1cii Belchenfkue o 12:00.<\/strong><\/span><\/p>\n<p><span style=\"color: #000000;\"><a style=\"color: #000000;\" href=\"https:\/\/www.skmisia.ch\/wp-content\/uploads\/2016\/03\/Trasa-1-Mapka.jpg\" target=\"_blank\" rel=\"noopener noreferrer\"><img decoding=\"async\" loading=\"lazy\" class=\"alignnone size-medium wp-image-4823\" src=\"https:\/\/www.skmisia.ch\/wp-content\/uploads\/2016\/03\/Trasa-1-Mapka-300x160.jpg\" alt=\"Trasa 1 Mapka\" width=\"300\" height=\"160\" srcset=\"https:\/\/www.skmisia.ch\/wp-content\/uploads\/2016\/03\/Trasa-1-Mapka-300x160.jpg 300w, https:\/\/www.skmisia.ch\/wp-content\/uploads\/2016\/03\/Trasa-1-Mapka.jpg 960w\" sizes=\"(max-width: 300px) 100vw, 300px\" \/><\/a><\/span><\/p>\n<p><span style=\"color: #000000;\">Bli\u017e\u0161ie info:<\/span><\/p>\n<p><span style=\"color: #000000;\">Jedna z\u00a0najzauj\u00edmavej\u0161\u00edch vyhliadok a z\u00e1rove\u0148 ve\u013emi \u013eahko pr\u00edstupn\u00e1 je vyhliadka v BELCHENFLUE v Oberbolchen regione Je to odbo\u010dka z dia\u013enice BERN-BASEL za tunelom do dediny Eptingen. Odtia\u013e sa d\u00e1 autom vyjs\u0165 vysoko, a\u017e ku re\u0161taur\u00e1cii &#8222;Berghaus Oberbolchen&#8220;, kde sa d\u00e1 posedie\u0165, vypi\u0165, zajes\u0165 a kde je naviac trval\u00e1 in\u0161tal\u00e1cia v\u00fdstavy hodnotn\u00fdch fotografi\u00ed z okolia toho regi\u00f3nu<\/span><\/p>\n<p><span style=\"color: #000000;\">Od re\u0161tiky sa d\u00e1 \u00eds\u0165 \u010falej pe\u0161o alebo aj autom e\u0161te \u010falej vy\u0161\u0161ie a\u017e celkom do cestn\u00e9ho sedla s mal\u00fdm parkoviskom.<\/span><\/p>\n<p><span style=\"color: #000000;\">Odkia\u013e sa daj\u00fa urobi\u0165 2 nez\u00e1visl\u00e9 t\u00fary na obe strany, do\u013eava lesnou cestou na vyhliadku Belchenflue (schod\u00edky hore, ohraden\u00e1, s podpisov\u00fdmi tabulami) &#8230; alebo doprava \u0161irok\u00fdm chodn\u00edkom cez les na ve\u013ek\u00e9 roz\u013eahl\u00e9 vyhliadkov\u00e9 l\u00faky, cestou zauj\u00edmav\u00e9 ruiny vojnov\u00fdch bunkrov &#8230; obe t\u00fary s\u00fa kr\u00e1tke a nen\u00e1ro\u010dne (ka\u017ed\u00e1 cca 1\/2hod) a pritom obe s\u00fa pekne vyhliadkov\u00e9, m\u00f4\u017eu tam u\u017e kvitn\u00fa\u0165 aj \u0161afr\u00e1ny ak bude dovtedy pekne. Ciele sa nedaj\u00fa min\u00fat ani zabl\u00fadi\u0165. Vyhliadka Bolchen je na mieste, ktor\u00e9 prede\u013euje \u00fadolie Aarau-Biel vo\u010di \u00fadoliu smeruj\u00facemu do Baslu &#8230; cez tento mas\u00edv ide dia\u013enica v tuneli.<\/span><\/p>\n<p><span style=\"color: #000000;\">N\u00e1h\u013eadov\u00e1 mapa celej oblasti vi\u010f:<\/span><\/p>\n<p><span style=\"color: #000000;\">link:\u00a0<a style=\"color: #000000;\" href=\"https:\/\/www.google.ch\/maps\/@47.376243,7.8115669,4020m\/data=%213m1%211e3\">https:\/\/www.google.ch\/maps\/@47.376243,7.8115669,4020m\/data=!3m1!1e3<\/a><\/span><\/p>\n<p><span style=\"color: #000000;\">na Restiku Berghaus Oberbolchen s cestou na vyhliadku.<\/span><\/p>\n<p><span style=\"color: #000000;\">link:<a style=\"color: #000000;\" href=\"https:\/\/www.google.ch\/maps\/@47.366056,7.8037563,1005m\/data=%213m1%211e3\">https:\/\/www.google.ch\/maps\/@47.366056,7.8037563,1005m\/data=!3m1!1e3<\/a><\/span><\/p>\n<p><span style=\"color: #000000;\">kde je v strede kone\u010dn\u00e1 &#8211; mal\u00fd parking na vrchole cestn\u00e9ho sedla ozna\u010den\u00fd n\u00e1zvom &#8222;Chilchzimmersattel&#8220; &#8230; vpravo dole je vyzna\u010den\u00e1 vyhliadka Belchenflue a vpravo hore Bregrestaurant Fotky z vyhliadky a cel\u00e9ho bl\u00edzkeho bezprostredn\u00e9ho okolia (ktor\u00e9 s\u00fa aj vystaven\u00e9 v Berghause na stene re\u0161tiky) sa daj\u00fa pozrie\u0165 tu: <a style=\"color: #000000;\" href=\"http:\/\/www.belchen-schweiz.ch\/Belchen-Schweiz.htm\">http:\/\/www.belchen-schweiz.ch\/Belchen-Schweiz.htm<\/a><\/span><\/p>\n<p><span style=\"color: #000000;\"><strong>Turistika sa uskuto\u010dn\u00ed len v pr\u00edpade dobr\u00e9ho po\u010dasia!<\/strong><\/span><\/p>\n","protected":false},"excerpt":{"rendered":"<p>Srde\u010dne \u0165a poz\u00fdvame na Ve\u013ekono\u010dn\u00fd v\u00fdlet po sv. om\u0161i v Berne, ktor\u00e1 bude\u00a0\u00a0v pondelok 28. marca o 9:00 v \u00a0Dreifaltigkeit na Taubenstrasse 6, Bern. Stret\u00e1vka \u00fa\u010dastn\u00edkov je na parkovisku pri re\u0161taur\u00e1cii Belchenfkue o 12:00.&#46;&#46;&#46;<\/p>\n","protected":false},"author":3,"featured_media":4828,"comment_status":"open","ping_status":"closed","sticky":false,"template":"","format":"standard","meta":{"ngg_post_thumbnail":0},"categories":[24,1],"tags":[],"_links":{"self":[{"href":"https:\/\/www.skmisia.ch\/index.php?rest_route=\/wp\/v2\/posts\/4822"}],"collection":[{"href":"https:\/\/www.skmisia.ch\/index.php?rest_route=\/wp\/v2\/posts"}],"about":[{"href":"https:\/\/www.skmisia.ch\/index.php?rest_route=\/wp\/v2\/types\/post"}],"author":[{"embeddable":true,"href":"https:\/\/www.skmisia.ch\/index.php?rest_route=\/wp\/v2\/users\/3"}],"replies":[{"embeddable":true,"href":"https:\/\/www.skmisia.ch\/index.php?rest_route=%2Fwp%2Fv2%2Fcomments&post=4822"}],"version-history":[{"count":5,"href":"https:\/\/www.skmisia.ch\/index.php?rest_route=\/wp\/v2\/posts\/4822\/revisions"}],"predecessor-version":[{"id":9322,"href":"https:\/\/www.skmisia.ch\/index.php?rest_route=\/wp\/v2\/posts\/4822\/revisions\/9322"}],"wp:featuredmedia":[{"embeddable":true,"href":"https:\/\/www.skmisia.ch\/index.php?rest_route=\/wp\/v2\/media\/4828"}],"wp:attachment":[{"href":"https:\/\/www.skmisia.ch\/index.php?rest_route=%2Fwp%2Fv2%2Fmedia&parent=4822"}],"wp:term":[{"taxonomy":"category","embeddable":true,"href":"https:\/\/www.skmisia.ch\/index.php?rest_route=%2Fwp%2Fv2%2Fcategories&post=4822"},{"taxonomy":"post_tag","embeddable":true,"href":"https:\/\/www.skmisia.ch\/index.php?rest_route=%2Fwp%2Fv2%2Ftags&post=4822"}],"curies":[{"name":"wp","href":"https:\/\/api.w.org\/{rel}","templated":true}]}}