{"id":4797,"date":"2016-03-09T12:00:33","date_gmt":"2016-03-09T11:00:33","guid":{"rendered":"https:\/\/www.skmisia.ch\/?p=4797"},"modified":"2019-04-08T21:08:49","modified_gmt":"2019-04-08T20:08:49","slug":"stretni-sa-v-krakove-s-papezom-frantiskom-a-zazi-spolocenstvo-viery-medzi-mladymi-z-celeho-sveta","status":"publish","type":"post","link":"https:\/\/www.skmisia.ch\/?p=4797","title":{"rendered":"Stretni sa v\u00a0Krakove s\u00a0p\u00e1pe\u017eom Franti\u0161kom a\u00a0za\u017ei spolo\u010denstvo viery medzi mlad\u00fdmi z\u00a0cel\u00e9ho sveta"},"content":{"rendered":"<p><a href=\"https:\/\/www.skmisia.ch\/wp-content\/uploads\/2016\/03\/Krakov2016_logo_transparent.png\"><img decoding=\"async\" loading=\"lazy\" class=\" wp-image-4798 alignleft\" src=\"https:\/\/www.skmisia.ch\/wp-content\/uploads\/2016\/03\/Krakov2016_logo_transparent-300x230.png\" alt=\"Krakov2016_logo_transparent\" width=\"254\" height=\"195\" srcset=\"https:\/\/www.skmisia.ch\/wp-content\/uploads\/2016\/03\/Krakov2016_logo_transparent-300x230.png 300w, https:\/\/www.skmisia.ch\/wp-content\/uploads\/2016\/03\/Krakov2016_logo_transparent-1024x785.png 1024w\" sizes=\"(max-width: 254px) 100vw, 254px\" \/><\/a><\/p>\n<p><span style=\"color: #000000;\">V\u00a0po\u013eskom Krakove sa v\u00a0lete od 25. do 31. j\u00fala 2016 uskuto\u010dnia Svetov\u00e9 dni ml\u00e1de\u017ee (SDM). Chceli by sme zisti\u0165 z\u00e1ujem a\u00a0vypravi\u0165 skupinu p\u00fatnikov spomedzi Slov\u00e1kov \u017eij\u00facich vo \u0160vaj\u010diarsku. V\u00a0pr\u00edpade z\u00e1ujmu by sme sa spolo\u010dne zaregistrovali ako skupina na hlavn\u00fa \u010das\u0165 programu SDM.<\/span><\/p>\n<p><strong><span style=\"color: #000000;\">Informa\u010dn\u00e9 stretnutie bude na Kvetn\u00fa nede\u013eu d\u0148a 20.3.2016 po om\u0161i na pr\u00edzem\u00ed pastora\u010dn\u00e9ho centra v\u00a0miestnosti B.<\/span><\/strong><\/p>\n<p><span style=\"color: #000000;\">Ak sa Ti ned\u00e1 pr\u00eds\u0165 na informa\u010dn\u00e9 stretnutie, v\u00a0pr\u00edpade z\u00e1ujmu kontaktuj o. Pavla Niznera na misionar@skmisia.ch<\/span><\/p>\n<p>&nbsp;<\/p>\n<p><span style=\"color: #000000;\">Bli\u017e\u0161ie inform\u00e1cie o\u00a0Svetov\u00fdch d\u0148och ml\u00e1de\u017ee n\u00e1jde\u0161 tu: <a style=\"color: #000000;\" href=\"http:\/\/www.svetovednimladeze.sk\/\">http:\/\/www.svetovednimladeze.sk\/<\/a><\/span><\/p>\n<p><span style=\"color: #000000;\">*<\/span><\/p>\n<div class=\"video-container\"><iframe loading=\"lazy\" title=\"WYD Krakow 2016 - Promo [OFFICIAL]\" width=\"500\" height=\"281\" src=\"https:\/\/www.youtube.com\/embed\/FpeaJSiYaPg?feature=oembed&#038;wmode=opaque\" frameborder=\"0\" allow=\"accelerometer; autoplay; clipboard-write; encrypted-media; gyroscope; picture-in-picture; web-share\" allowfullscreen><\/iframe><\/div>\n<p><span style=\"color: #000000;\">*<\/span><\/p>\n<p><span style=\"color: #000000;\">Svetov\u00e9 dni ml\u00e1de\u017ee (SDM) s\u00fa medzin\u00e1rodn\u00fdm stretnut\u00edm, ktor\u00e9 organizuje Katol\u00edcka cirkev. Sp\u00e1ja mlad\u00fdch \u013eud\u00ed z cel\u00e9ho sveta &#8211; katol\u00edkov, kres\u0165anov in\u00fdch vyznan\u00ed a v\u0161etk\u00fdch \u013eud\u00ed dobrej v\u00f4le. Predsed\u00e1 im Sv\u00e4t\u00fd Otec a sl\u00e1via sa ka\u017ed\u00e9 dva a\u017e tri roky.<\/span><\/p>\n<p><span style=\"color: #000000;\">Vznikli v roku 1984 na Kvetn\u00fa nede\u013eu. P\u00e1pe\u017e J\u00e1n Pavol II. zvolal r\u00edmsku ml\u00e1de\u017e, aby s n\u00edm sl\u00e1vila Sv\u00e4t\u00fd rok vyk\u00fapenia. Ich nad\u0161enie prekonalo v\u0161etky o\u010dak\u00e1vania. V roku 1985 nap\u00edsal p\u00e1pe\u017e mlad\u00fdm po celom svete list a za\u010dala ve\u013ek\u00e9 dobrodru\u017estvo Svetov\u00fdch dn\u00ed ml\u00e1de\u017ee. Ich cie\u013eom je uk\u00e1za\u0165 \u017eiv\u00fa vieru v Je\u017ei\u0161a Krista. Maj\u00fa tie\u017e podporova\u0165 anga\u017eovanos\u0165 mlad\u00fdch v Cirkvi, radova\u0165 sa z viery a prem\u00fd\u0161\u013ea\u0165 o odkaze, ktor\u00fd v\u017edy vyber\u00e1 p\u00e1pe\u017e.<\/span><\/p>\n<p><span style=\"color: #000000;\">SDM s\u00fa miestom prijatia mnoh\u00fdch milost\u00ed a\u00a0upevnenia osobnej viery i\u00a0vz\u0165ahu k\u00a0Cirkvi.<\/span><\/p>\n<p><span style=\"color: #000000;\">*<\/span><\/p>\n<div class=\"video-container\"><iframe loading=\"lazy\" title=\"World Youth Day 2016 [Promo #2]\" width=\"500\" height=\"375\" src=\"https:\/\/www.youtube.com\/embed\/R-qzvdP6QdU?feature=oembed&#038;wmode=opaque\" frameborder=\"0\" allow=\"accelerometer; autoplay; clipboard-write; encrypted-media; gyroscope; picture-in-picture; web-share\" allowfullscreen><\/iframe><\/div>\n<p><span style=\"color: #000000;\">*<\/span><\/p>\n<p><span style=\"color: #000000;\">Najbli\u017e\u0161ie SDM sa uskuto\u010dnia od 25. do 31. j\u00fala 2016 v po\u013eskom Krakove, v meste \u00fazko spojenom so sv\u00e4t\u00fdm p\u00e1pe\u017eom a zakladate\u013eom SDM J\u00e1nom Pavlom II.\u00a0 Mottom stretnutia s\u00fa slov\u00e1 Je\u017ei\u0161a &#8222;Blahoslaven\u00ed milosrdn\u00ed, lebo oni dosiahnu milosrdenstvo&#8220; (por. Mt 5, 7).<\/span><\/p>\n<p><span style=\"color: #000000;\">*<\/span><\/p>\n<div class=\"video-container\"><iframe loading=\"lazy\" title=\"World Youth Day 2016 Poland Promo\" width=\"500\" height=\"281\" src=\"https:\/\/www.youtube.com\/embed\/IWc2TALiomY?feature=oembed&#038;wmode=opaque\" frameborder=\"0\" allow=\"accelerometer; autoplay; clipboard-write; encrypted-media; gyroscope; picture-in-picture; web-share\" allowfullscreen><\/iframe><\/div>\n<p><span style=\"color: #000000;\">*<\/span><\/p>\n<p><span style=\"color: #000000;\">Hymna:<\/span><\/p>\n<div class=\"video-container\"><iframe loading=\"lazy\" title=\"Hymna SDM 2016 - slovensk\u00e1 verzia (Hymn 2016 WYD - official Slovak version)\" width=\"500\" height=\"281\" src=\"https:\/\/www.youtube.com\/embed\/NfxFe8KQZSA?feature=oembed&#038;wmode=opaque\" frameborder=\"0\" allow=\"accelerometer; autoplay; clipboard-write; encrypted-media; gyroscope; picture-in-picture; web-share\" allowfullscreen><\/iframe><\/div>\n","protected":false},"excerpt":{"rendered":"<p>V\u00a0po\u013eskom Krakove sa v\u00a0lete od 25. do 31. j\u00fala 2016 uskuto\u010dnia Svetov\u00e9 dni ml\u00e1de\u017ee (SDM). Chceli by sme zisti\u0165 z\u00e1ujem a\u00a0vypravi\u0165 skupinu p\u00fatnikov spomedzi Slov\u00e1kov \u017eij\u00facich vo \u0160vaj\u010diarsku. V\u00a0pr\u00edpade z\u00e1ujmu by sme sa spolo\u010dne&#46;&#46;&#46;<\/p>\n","protected":false},"author":3,"featured_media":4798,"comment_status":"open","ping_status":"closed","sticky":false,"template":"","format":"standard","meta":{"ngg_post_thumbnail":0},"categories":[24,1],"tags":[],"_links":{"self":[{"href":"https:\/\/www.skmisia.ch\/index.php?rest_route=\/wp\/v2\/posts\/4797"}],"collection":[{"href":"https:\/\/www.skmisia.ch\/index.php?rest_route=\/wp\/v2\/posts"}],"about":[{"href":"https:\/\/www.skmisia.ch\/index.php?rest_route=\/wp\/v2\/types\/post"}],"author":[{"embeddable":true,"href":"https:\/\/www.skmisia.ch\/index.php?rest_route=\/wp\/v2\/users\/3"}],"replies":[{"embeddable":true,"href":"https:\/\/www.skmisia.ch\/index.php?rest_route=%2Fwp%2Fv2%2Fcomments&post=4797"}],"version-history":[{"count":4,"href":"https:\/\/www.skmisia.ch\/index.php?rest_route=\/wp\/v2\/posts\/4797\/revisions"}],"predecessor-version":[{"id":4802,"href":"https:\/\/www.skmisia.ch\/index.php?rest_route=\/wp\/v2\/posts\/4797\/revisions\/4802"}],"wp:featuredmedia":[{"embeddable":true,"href":"https:\/\/www.skmisia.ch\/index.php?rest_route=\/wp\/v2\/media\/4798"}],"wp:attachment":[{"href":"https:\/\/www.skmisia.ch\/index.php?rest_route=%2Fwp%2Fv2%2Fmedia&parent=4797"}],"wp:term":[{"taxonomy":"category","embeddable":true,"href":"https:\/\/www.skmisia.ch\/index.php?rest_route=%2Fwp%2Fv2%2Fcategories&post=4797"},{"taxonomy":"post_tag","embeddable":true,"href":"https:\/\/www.skmisia.ch\/index.php?rest_route=%2Fwp%2Fv2%2Ftags&post=4797"}],"curies":[{"name":"wp","href":"https:\/\/api.w.org\/{rel}","templated":true}]}}