{"id":4788,"date":"2016-03-06T05:40:59","date_gmt":"2016-03-06T04:40:59","guid":{"rendered":"https:\/\/www.skmisia.ch\/?p=4788"},"modified":"2019-04-08T21:08:49","modified_gmt":"2019-04-08T20:08:49","slug":"malba-v-klastore-sv-petra-mistail","status":"publish","type":"post","link":"https:\/\/www.skmisia.ch\/?p=4788","title":{"rendered":"Ma\u013eba v kl\u00e1\u0161tore sv. Petra Mistail"},"content":{"rendered":"<p><span style=\"color: #000000;\">Moment\u00e1lne \u010d\u00edtam knihu Der K\u00e4mpfer \u00a0im Vatikan, \/\u00a0 autor Andreas Englisch \/, ktor\u00fa si v rodine \u00a0pod\u00e1vame z ruky do ruky. Obsahom knihy je \u017eivot, poslanie, pr\u00e1ca a z\u00e1pas\u00a0 p\u00e1pe\u017ea Franti\u0161ka. Pri opise blahoslaven\u00e9ho p\u00e1pe\u017ea J\u00e1na Paula ll. \u00a0o jeho ve\u013ekom sklaman\u00ed z politick\u00e9ho prevratu v roku 1989 som na\u010das preru\u0161ila \u010d\u00edtanie \/ strana 103 \/ a\u00a0to kv\u00f4li zamysleniu a\u00a0n\u00e1vratu my\u0161lienok na n\u00e1stenn\u00fa ma\u013ebu \u00a0s\u00a0n\u00e1zvom <strong><em>De\u0148 odpo\u010dinku P\u00e1na<\/em><\/strong>. Cirkev viedla dlhoro\u010dn\u00fd boj s\u00a0cie\u013eom oslobodi\u0165 kres\u0165anov spod sovietskej diktat\u00fary. P\u00e1pe\u017e J\u00e1n\u00a0 Pavol ll. veril, \u017ee slovansk\u00e9 n\u00e1rody sa z\u00edskanou slobodou viacej posilnia v\u00a0kres\u0165anskom zm\u00fd\u0161\u013ean\u00ed a\u00a0ich po\u010det vzrastie.\u00a0 Nastal opak, materi\u00e1lny blahobyt sa vrazil do spolo\u010dnosti a\u00a0ponuky obchodn\u00fdch centier sa stali modernou slepou\u00a0 kult\u00farou. \u00a0Sklamaniez prehry proti Moskve p\u00e1pe\u017ea J\u00e1na Paula ll. poranilo a zostalo poranen\u00e9 v\u00a0jeho mysli a\u017e dokonca jeho pontifik\u00e1tu.<\/span><\/p>\n<p><span style=\"color: #000000;\">Pri na\u0161ej ned\u00e1vnej n\u00e1v\u0161teve\u00a0 mal\u00e9ho vz\u00e1cneho \u00a0kl\u00e1\u0161tora sv. Petra Mistail v\u00a0bl\u00edzkosti Lenzerheide, som dlh\u0161ie post\u00e1la\u00a0 pri <a style=\"color: #000000;\" href=\"https:\/\/www.skmisia.ch\/wp-content\/uploads\/2016\/03\/Umucenie-Jezisa.jpg\" target=\"_blank\" rel=\"noopener noreferrer\"><img decoding=\"async\" loading=\"lazy\" class=\" wp-image-4791 alignleft\" src=\"https:\/\/www.skmisia.ch\/wp-content\/uploads\/2016\/03\/Umucenie-Jezisa-187x300.jpg\" alt=\"Umucenie Jezisa\" width=\"258\" height=\"414\" srcset=\"https:\/\/www.skmisia.ch\/wp-content\/uploads\/2016\/03\/Umucenie-Jezisa-187x300.jpg 187w, https:\/\/www.skmisia.ch\/wp-content\/uploads\/2016\/03\/Umucenie-Jezisa.jpg 312w\" sizes=\"(max-width: 258px) 100vw, 258px\" \/><\/a>n\u00e1stenn\u00fdch ma\u013eb\u00e1ch.\u00a0\u00a0 Kl\u00e1\u0161torn\u00fd objekt bol vystavan\u00fd pribli\u017ene okolo roku 800 a\u00a0dodnes poz\u00fdva a\u00a0odha\u013euje stopy, pozostatky karol\u00ednskej kult\u00fary. Kl\u00e1\u0161tor treba h\u013eada\u0165, neved\u00fa k\u00a0nemu ve\u013ek\u00e9 reklamn\u00e9 tabule, \u00a0len parkovisko na hlavnej ceste s\u00a0malou smerovkou upozor\u0148uje na lokalitu. Tich\u00fa atmosf\u00e9ru lesnej pr\u00edrody sprev\u00e1dza \u00a0pocit kr\u00e1tkeho putovania k \u00a0miestu,\u00a0 ktor\u00e9 prekvap\u00ed\u00a0 n\u00e1v\u0161tevn\u00edka historickou hodnotou .<\/span><\/p>\n<p><span style=\"color: #000000;\">V\u00a0prest\u00e1vke \u010d\u00edtania som si zobrala do r\u00fak kult\u00farnu publik\u00e1ciu kostola b\u00fdval\u00e9ho kl\u00e1\u0161tora sv. Petra Mistail. V srdci mi o\u017eili spomienky, ktor\u00e9 som pre\u017e\u00edvala pri pozorovan\u00ed malieb, alezl\u00e1\u0161\u0165 jednej <strong><em>De\u0148 odpo\u010dinku P\u00e1na<\/em><\/strong>.\u00a0 Ve\u013ek\u00e1 postava Krista s\u00a0ranami na tele umiestnen\u00e1 v\u00a0strede obrazu p\u00f4sob\u00ed\u00a0 na pozorovate\u013ea sm\u00fatkom, \u017eialom, stiestnenos\u0165ou. Za podlo\u017eku mu sl\u00fa\u017ei \u00a0ostr\u00e1 kosa a\u00a0v\u00a0pozad\u00ed ma\u013eby s\u00fa nama\u013eovan\u00e9 ro\u013en\u00edcke a\u00a0remeselen\u00edcke n\u00e1radia vtedaj\u0161ieho obdobia. Predstava \u013eudov\u00e9ho umenia zn\u00e1zor\u0148uje rany na Kristovom tele sp\u00f4soben\u00e9 nede\u013enou pr\u00e1cou. Nie s\u00fa to rany Ukri\u017eovan\u00e9ho, ale\u00a0 rany sp\u00f4soben\u00e9\u00a0nedodr\u017ean\u00edm cirkevn\u00e9ho prik\u00e1zania. Ma\u013eby kl\u00e1\u0161tora boli zhotoven\u00e9 v\u00a014. storo\u010d\u00ed a\u00a0s\u00fa svedkami \u00a0porozumenia \u00a0n\u00e1bo\u017eenstva \u013eudu tejto doby.<\/span><\/p>\n<p><span style=\"color: #000000;\">V\u00a0dne\u0161nom \u010dase by sa r\u00fdchlo zaplnilo pozadie ma\u013eby modern\u00fdmi prostriedkami, l\u00e1kadlami nede\u013en\u00fdch aktiv\u00edt. \u013dahko by sme ich vedeli vymenova\u0165, nakresli\u0165. Pri n\u00e1v\u0161teve Slovenska mi je st\u00e1le cudzie\u00a0 vidie\u0165 zaplnen\u00e9 parkovisk\u00e1 pred obchodn\u00fdmi centrami, i\u00a0ke\u010f v\u00a0bl\u00edzkosti sa nach\u00e1dzaj\u00fa lesy, l\u00faky, pr\u00edrodn\u00e9 kr\u00e1sy. Ve\u013ekoobchody v\u00a0Bratislave vystaven\u00e9 ne\u010faleko dia\u013enice sa stali magnetom potreby konzumn\u00e9ho \u0161portu. Pln\u00e9 parkovisk\u00e1 pred modern\u00fdmi n\u00e1kupnymi strediskami v\u00a0in\u00fdch mest\u00e1ch Slovenska s\u00fa k\u00f3piu\u00a0 Bratislavy.<img decoding=\"async\" loading=\"lazy\" class=\" wp-image-4792 alignright\" src=\"https:\/\/www.skmisia.ch\/wp-content\/uploads\/2016\/03\/Kostol.jpg\" alt=\"Kostol\" width=\"290\" height=\"387\" \/><\/span><\/p>\n<p><span style=\"color: #000000;\">\u013dudia zarmucovali Je\u017ei\u0161a Krista tak \u00a0v\u00a014. storo\u010d\u00ed ako ho zarmucuj\u00fa i\u00a0dnes. Pochybujem, \u017ee na\u0161a slovensk\u00e1 spol<br \/>\no\u010d<br \/>\nnos\u0165 by si vedela predstavi\u0165 nede\u013eu a\u00a0in\u00e9 sviatky bez nede\u013en\u00fdch\u00a0 n\u00e1kupov. Cestu dia\u013enicou domov \u00a0bud\u00fa i\u00a0na\u010falej \u00a0sprev\u00e1dza\u0165 poh\u013eady na\u00a0 zaparkovan\u00e9 aut\u00e1 a\u00a0neestetick\u00e9 ve\u013ek\u00e9 reklam\u00e9 tabule. M\u00f4j sm\u00e4d po domove\u00a0 si zahas\u00edm pri niektorej studn<br \/>\ni\u010dke v\u00a0slovenskej kr\u00e1snej pr\u00edrode s\u00a0b\u00e1s\u0148ou Martina R\u00fafusa : N\u00e1v\u0161teva\u00a0 \/ posledn\u00fd ver\u0161<\/span><\/p>\n<p><span style=\"color: #000000;\">Zaplakal Kristus P\u00e1n v\u00a0hlbokom z\u00e1rmutku,na bielom oblaku vzniesol sa naskutku&#8230;<br \/>\n<\/span><\/p>\n<p><span style=\"color: #000000;\">-To\u013ek\u00e9to sklamanie&#8230;tak\u00e1to nehoda!veru sa za ten svet umrie\u0165 viac neodd\u00e1!!<\/span><\/p>\n<p><span style=\"color: #000000;\">&#8230;Srdce mu pukalo, kam a\u017e len dovid\u00ed\u0161-chr\u00e1mov a\u017e bez po\u010det a\u00a0na n\u00edch sv\u00e4t\u00fd kr\u00ed\u017e,<\/span><\/p>\n<p><span style=\"color: #000000;\">a\u00a0ke\u010f zas na zvonoch vyzv\u00e1\u0148a\u0165 po\u010dali,jak by ho poznove na drevo ve\u0161ali&#8230;<\/span><\/p>\n<p><span style=\"color: #000000;\">a\u00a0svet? Ten bl\u00faznil si o\u00a0jeho z\u00e1\u0161tite&#8230;! Ba \u010di len niekedy e\u0161te k\u00a0n\u00e1m nad\u00edde?!<\/span><\/p>\n<p>&nbsp;<\/p>\n<p><span style=\"color: #000000;\">Marta van Ooijen &#8211; Suvadova, Breitestrasse 18, 8547 Gachnang<\/span><\/p>\n","protected":false},"excerpt":{"rendered":"<p>Moment\u00e1lne \u010d\u00edtam knihu Der K\u00e4mpfer \u00a0im Vatikan, \/\u00a0 autor Andreas Englisch \/, ktor\u00fa si v rodine \u00a0pod\u00e1vame z ruky do ruky. Obsahom knihy je \u017eivot, poslanie, pr\u00e1ca a z\u00e1pas\u00a0 p\u00e1pe\u017ea Franti\u0161ka. Pri opise blahoslaven\u00e9ho&#46;&#46;&#46;<\/p>\n","protected":false},"author":3,"featured_media":4792,"comment_status":"open","ping_status":"closed","sticky":false,"template":"","format":"standard","meta":{"ngg_post_thumbnail":0},"categories":[24,1],"tags":[],"_links":{"self":[{"href":"https:\/\/www.skmisia.ch\/index.php?rest_route=\/wp\/v2\/posts\/4788"}],"collection":[{"href":"https:\/\/www.skmisia.ch\/index.php?rest_route=\/wp\/v2\/posts"}],"about":[{"href":"https:\/\/www.skmisia.ch\/index.php?rest_route=\/wp\/v2\/types\/post"}],"author":[{"embeddable":true,"href":"https:\/\/www.skmisia.ch\/index.php?rest_route=\/wp\/v2\/users\/3"}],"replies":[{"embeddable":true,"href":"https:\/\/www.skmisia.ch\/index.php?rest_route=%2Fwp%2Fv2%2Fcomments&post=4788"}],"version-history":[{"count":4,"href":"https:\/\/www.skmisia.ch\/index.php?rest_route=\/wp\/v2\/posts\/4788\/revisions"}],"predecessor-version":[{"id":9323,"href":"https:\/\/www.skmisia.ch\/index.php?rest_route=\/wp\/v2\/posts\/4788\/revisions\/9323"}],"wp:featuredmedia":[{"embeddable":true,"href":"https:\/\/www.skmisia.ch\/index.php?rest_route=\/wp\/v2\/media\/4792"}],"wp:attachment":[{"href":"https:\/\/www.skmisia.ch\/index.php?rest_route=%2Fwp%2Fv2%2Fmedia&parent=4788"}],"wp:term":[{"taxonomy":"category","embeddable":true,"href":"https:\/\/www.skmisia.ch\/index.php?rest_route=%2Fwp%2Fv2%2Fcategories&post=4788"},{"taxonomy":"post_tag","embeddable":true,"href":"https:\/\/www.skmisia.ch\/index.php?rest_route=%2Fwp%2Fv2%2Ftags&post=4788"}],"curies":[{"name":"wp","href":"https:\/\/api.w.org\/{rel}","templated":true}]}}