{"id":4776,"date":"2018-03-09T13:00:11","date_gmt":"2018-03-09T12:00:11","guid":{"rendered":"https:\/\/www.skmisia.ch\/?p=4776"},"modified":"2019-04-08T21:08:46","modified_gmt":"2019-04-08T20:08:46","slug":"duchovna-obnova-zurich-11-13-3-2016","status":"publish","type":"post","link":"https:\/\/www.skmisia.ch\/?p=4776","title":{"rendered":"Duchovn\u00e1 obnova + Ve\u013ekono\u010dn\u00e9 spovede: Zurich 16. \u2013 18. 3. 2018"},"content":{"rendered":"<h6><span style=\"color: #333333;\"><strong><em><span style=\"color: #808080;\">Kazate\u013e:<\/span> Provinci\u00e1lny vik\u00e1r Ing.\u00a0Peter Bu\u010d\u00e1ny,\u00a0SDB<\/em><\/strong>\u00a0<\/span><\/h6>\n<h6><span style=\"color: #333333;\"><strong><em><span style=\"color: #808080;\">T\u00e9ma:<\/span> \u201e<\/em><\/strong><\/span><strong><em>Najv\u00e4\u010d\u0161\u00edm hriechom \u010dloveka je, ne\u017ei\u0165 svoj \u017eivot.<\/em><\/strong><span style=\"color: #333333;\"><strong><em>\u201c<\/em><\/strong><\/span><\/h6>\n<p><span style=\"color: #993300;\">DUCHOVN\u00c1 OBNOVA JE SPOJEN\u00c1 AJ S VE\u013dKONO\u010cN\u00ddMI SV. SPOVE\u010eAMI. Preto v\u00e1s povzbudzujem z\u00fa\u017eitkova\u0165 t\u00fato duchovn\u00fa ponuku.<\/span><\/p>\n<p><span style=\"color: #333333;\">\u00a0<\/span><span style=\"color: #333333;\">+++<\/span><\/p>\n<p><span style=\"color: #333333;\">+<\/span><\/p>\n<p><span style=\"text-decoration: underline;\"><strong>Piatok 16.3. 2018<\/strong>, <em>Krypta \u2013 Liebfrauen Kirche<\/em><\/span><\/p>\n<p><span style=\"color: #333333;\"><strong>19.00<\/strong>\u00a0\u00a0\u00a0\u00a0 Predn\u00e1\u0161ka: <strong><em>\u010co chce\u0161? (Lk18,35-43)<\/em><\/strong><\/span><\/p>\n<p><strong>20.15\u00a0\u00a0\u00a0\u00a0 Kr\u00ed\u017eov\u00e1 cesta\u00a0<em>\u201ePo\u010f za mnou\u201c\u00a0<\/em>+\u00a0\u00a0<span style=\"color: #993300;\"><u>VE\u013dKONO\u010cN\u00c9 SPOVEDE<\/u>\u00a0\u00a0\u00a0\u00a0\u00a0 <\/span><\/strong><\/p>\n<p><strong>21.00<\/strong>\u00a0\u00a0\u00a0\u00a0 <strong>Sv\u00e4t\u00e1 om\u0161a <\/strong><em>s\u00a0pr\u00edhovorom<\/em><\/p>\n<p><strong>\u00a0<\/strong><span style=\"color: #333333;\">+++<\/span><\/p>\n<p><span style=\"color: #333333;\">+<\/span><\/p>\n<p><span style=\"text-decoration: underline;\"><strong>Sobota 17. 3. 2018<\/strong><em>, Krypta \u2013 Liebfrauen Kirche<\/em><\/span><\/p>\n<p><span style=\"color: #333333;\"><strong>17.00\u00a0\u00a0\u00a0\u00a0 <\/strong>Predn\u00e1\u0161ka: <strong>\u017dena, nik \u0165a neods\u00fadil? (Jn8,3-11)<\/strong><\/span><\/p>\n<p><strong>18.00\u00a0\u00a0\u00a0\u00a0 Eucharistick\u00e1 poklona <\/strong>+ priestor na osobn\u00fa modlitbu + <span style=\"color: #993300;\"><strong><u>VE\u013dKONO\u010cN\u00c9 SPOVEDE<\/u><\/strong><\/span><\/p>\n<p><strong>19.00\u00a0\u00a0\u00a0\u00a0 Sv\u00e4t\u00e1 om\u0161a <\/strong><em>s pr\u00edhovorom<\/em><\/p>\n<p>&nbsp;<\/p>\n<p><span style=\"text-decoration: underline;\"><strong>Nede\u013ea 18. 3. 2018<\/strong>, <em>Krypta \u2013 Liebfrauen Kirche<\/em><\/span><\/p>\n<ol start=\"8\">\n<li><strong> 45<\/strong> M<em>o\u017enos\u0165 sv. spovede<\/em><\/li>\n<li><span style=\"color: #333333;\"><strong> 30<\/strong> Sv\u00e4t\u00e1 om\u0161a s\u00a0pr\u00edhovorom:\u00a0<strong>Pre\u010do sa boj\u00edte? (Mk4,35-41)<\/strong><\/span><\/li>\n<\/ol>\n<p><span style=\"color: #333333;\">+++<\/span><\/p>\n<p><span style=\"color: #333333;\">+<\/span><\/p>\n<p><a href=\"https:\/\/www.skmisia.ch\/wp-content\/uploads\/2018\/02\/spoved.jpg\"><img decoding=\"async\" loading=\"lazy\" class=\"aligncenter size-full wp-image-8243\" src=\"https:\/\/www.skmisia.ch\/wp-content\/uploads\/2018\/02\/spoved.jpg\" alt=\"\" width=\"1200\" height=\"1018\" srcset=\"https:\/\/www.skmisia.ch\/wp-content\/uploads\/2018\/02\/spoved.jpg 1200w, https:\/\/www.skmisia.ch\/wp-content\/uploads\/2018\/02\/spoved-300x255.jpg 300w, https:\/\/www.skmisia.ch\/wp-content\/uploads\/2018\/02\/spoved-768x652.jpg 768w, https:\/\/www.skmisia.ch\/wp-content\/uploads\/2018\/02\/spoved-1024x869.jpg 1024w\" sizes=\"(max-width: 1200px) 100vw, 1200px\" \/><\/a><\/p>\n<p>&nbsp;<\/p>\n<p>&nbsp;<\/p>\n","protected":false},"excerpt":{"rendered":"<p>Kazate\u013e: Provinci\u00e1lny vik\u00e1r Ing.\u00a0Peter Bu\u010d\u00e1ny,\u00a0SDB\u00a0 T\u00e9ma: \u201eNajv\u00e4\u010d\u0161\u00edm hriechom \u010dloveka je, ne\u017ei\u0165 svoj \u017eivot.\u201c DUCHOVN\u00c1 OBNOVA JE SPOJEN\u00c1 AJ S VE\u013dKONO\u010cN\u00ddMI SV. SPOVE\u010eAMI. Preto v\u00e1s povzbudzujem z\u00fa\u017eitkova\u0165 t\u00fato duchovn\u00fa ponuku. \u00a0+++ + Piatok 16.3. 2018,&#46;&#46;&#46;<\/p>\n","protected":false},"author":3,"featured_media":8243,"comment_status":"open","ping_status":"closed","sticky":false,"template":"","format":"standard","meta":{"ngg_post_thumbnail":0},"categories":[24,1],"tags":[],"_links":{"self":[{"href":"https:\/\/www.skmisia.ch\/index.php?rest_route=\/wp\/v2\/posts\/4776"}],"collection":[{"href":"https:\/\/www.skmisia.ch\/index.php?rest_route=\/wp\/v2\/posts"}],"about":[{"href":"https:\/\/www.skmisia.ch\/index.php?rest_route=\/wp\/v2\/types\/post"}],"author":[{"embeddable":true,"href":"https:\/\/www.skmisia.ch\/index.php?rest_route=\/wp\/v2\/users\/3"}],"replies":[{"embeddable":true,"href":"https:\/\/www.skmisia.ch\/index.php?rest_route=%2Fwp%2Fv2%2Fcomments&post=4776"}],"version-history":[{"count":25,"href":"https:\/\/www.skmisia.ch\/index.php?rest_route=\/wp\/v2\/posts\/4776\/revisions"}],"predecessor-version":[{"id":8299,"href":"https:\/\/www.skmisia.ch\/index.php?rest_route=\/wp\/v2\/posts\/4776\/revisions\/8299"}],"wp:featuredmedia":[{"embeddable":true,"href":"https:\/\/www.skmisia.ch\/index.php?rest_route=\/wp\/v2\/media\/8243"}],"wp:attachment":[{"href":"https:\/\/www.skmisia.ch\/index.php?rest_route=%2Fwp%2Fv2%2Fmedia&parent=4776"}],"wp:term":[{"taxonomy":"category","embeddable":true,"href":"https:\/\/www.skmisia.ch\/index.php?rest_route=%2Fwp%2Fv2%2Fcategories&post=4776"},{"taxonomy":"post_tag","embeddable":true,"href":"https:\/\/www.skmisia.ch\/index.php?rest_route=%2Fwp%2Fv2%2Ftags&post=4776"}],"curies":[{"name":"wp","href":"https:\/\/api.w.org\/{rel}","templated":true}]}}