{"id":4728,"date":"2019-02-13T05:38:01","date_gmt":"2019-02-13T04:38:01","guid":{"rendered":"https:\/\/www.skmisia.ch\/?p=4728"},"modified":"2019-07-02T08:39:12","modified_gmt":"2019-07-02T07:39:12","slug":"pastoracna-a-ekonomicka-sprava-o-cinnosti-skm-2015","status":"publish","type":"post","link":"https:\/\/www.skmisia.ch\/?p=4728","title":{"rendered":"Pastora\u010dn\u00e1 a ekonomick\u00e1 spr\u00e1va o \u010dinnosti SKM za rok 2018"},"content":{"rendered":"<p><strong>V\u00fd\u0148atok z &#8222;Pobo\u017enosti na konci roka &#8211; 31.12.2018&#8220;<\/strong><\/p>\n<p><a href=\"https:\/\/www.skmisia.ch\/wp-content\/uploads\/2018\/02\/V\u00fd\u00fa\u010dtovanie-2018.pdf\">V\u00fd\u00fa\u010dtovanie 2018<\/a><\/p>\n<p>Duchovn\u00fd \u017eivot na\u0161ej misie m\u00e1 svoj zabehnut\u00fd program: nede\u013en\u00e9 a sviato\u010dn\u00e9 bohoslu\u017eby, I. Piatky i stredaj\u0161ie sv. om\u0161e, duchovn\u00e9 \u00a0obnovy a slovensk\u00e9 p\u00fate.<\/p>\n<p>Siln\u00fdm duchovn\u00fdm momentom v tomto roku bola p\u00fa\u0165 Slovenskej katol\u00edckej misie do Sv\u00e4tej Zeme, ktor\u00e1 n\u00e1s duchovne obohatila a\u00a0 posilnila rados\u0165 zo spolo\u010denstva.<\/p>\n<p>D\u00f4le\u017eitou s\u00fa\u010das\u0165ou na\u0161ej misie okrem pravideln\u00fdch stretan\u00ed je mlad\u00fd duch a po\u010detn\u00e1 pr\u00edtomnos\u0165 rod\u00edn s de\u0165mi ako i rozv\u00edjaj\u00faca sa mari\u00e1nska \u00facta \u2013 v podobe ru\u017eencovej ru\u017ee.<\/p>\n<p>Sviatosti s\u00fa \u00fa\u010dinn\u00e9 duchovn\u00e9 prostriedky, ktr\u00e9 n\u00e1s sp\u00e1jaj\u00fa so \u017eivotom Je\u017ei\u0161a Kristova. Stav prijat\u00fdch sviatost\u00ed v roku 2018 bol nasledovn\u00fd:<\/p>\n<p>&nbsp;<\/p>\n<p><strong>MISIA V \u010c\u00cdSLACH<\/strong><\/p>\n<p>Narodenia + Krsty &#8230;&#8230;&#8230;&#8230;&#8230;&#8230;&#8230;&#8230;&#8230; 13 chlapcov&#8230;&#8230;&#8230;. 13 diev\u010dat&#8230;&#8230;&#8230;..26 os\u00f4b (17 krstov vo \u0160vaj\u010diarsku a 9 krstov na Slovensku)<br \/>\nSob\u00e1\u0161e&#8230;&#8230;&#8230;&#8230;&#8230;&#8230;&#8230;&#8230;&#8230;&#8230;&#8230;&#8230;&#8230;&#8230;.21 p\u00e1rov (20 svadba na SLK, 1 p\u00e1r v Zurichu)<br \/>\nPrv\u00e9 sv. prij\u00edmanie&#8230;&#8230;&#8230;&#8230;&#8230;&#8230;&#8230;&#8230;&#8230;&#8230;&#8230;&#8230;&#8230;&#8230;&#8230;&#8230;8 det\u00ed (4x Zurich, 4x Geneve, + 5 det\u00ed len pr\u00edprava)<br \/>\nSviatos\u0165 birmovania&#8230;&#8230;&#8230;&#8230;&#8230;&#8230;&#8230;&#8230;&#8230;&#8230;&#8230;&#8230;&#8230;&#8230;&#8230;4 osoby (dospel\u00ed v Einsiedelne, 1 z toho aj Krst)<\/p>\n<p>&nbsp;<\/p>\n<p><strong>POHREBY<\/strong><\/p>\n<p><strong>Toho roku som pochov\u00e1val len jednu \u017eenu vzorne pripraven\u00fa a zaopatren\u00fa sviatos\u0165ami chor\u00fdch.<\/strong><\/p>\n<p>Pros\u00edm v\u00e1s, ke\u010f sa ktoko\u013evek z va\u0161ej rodiny ocitne v nemocnici, postarajte sa o to, aby tam prij\u00edmal sviatosti, aj mlad\u00fd. Nikdy to neodkladajme na posledn\u00fa chv\u00ed\u013eu. Raz a rok je potrebn\u00e9 star\u0161\u00edm pr\u00edbuzn\u00fdm zabezpe\u010di\u0165 sviatos\u0165 pomazania chor\u00fdch.<\/p>\n<p>&nbsp;<\/p>\n<p><strong>MAL\u00c1 REZERVA, ODPOR\u00da\u010cANIE<\/strong><\/p>\n<p>Usilova\u0165 sa o sviatostn\u00fd \u017eivot po\u010das cel\u00e9ho roka. Na sv. spove\u010f prich\u00e1dzajte nielen pred ve\u013ek\u00fdmi sviatkami ale aj na prv\u00fd piatok (v priebehu mesiaca)- kres\u0165ansk\u00e1 zrelos\u0165- valiggia sempre preprata!<\/p>\n<p>&nbsp;<\/p>\n<p>Prijmime spoluzodpovednos\u0165 za spolo\u010dnos\u0165 okolo n\u00e1s, priate\u013eov \u010di u\u017e z pr\u00e1ce alebo v na\u0161om okol\u00ed. Nech sa prejav\u00ed citlivos\u0165ou a misijn\u00fdm z\u00e1palom, ktor\u00fd t\u00fa\u017ei prin\u00e1\u0161a\u0165 svetlo viery na\u0161im bl\u00ed\u017enym.<\/p>\n<p>&nbsp;<\/p>\n<p><strong>\u00a0<\/strong><strong>ODPROSENIE<\/strong><\/p>\n<p>Na z\u00e1ver mi dovo\u013ete, bratia a sestry, odprosi\u0165 v\u00e1s za v\u0161etko, \u010d\u00edm som v\u00e1s v priebehu roka svojou nervozitou, reakciami, spr\u00e1van\u00edm, slovom alebo skutkami urazil. Pros\u00edm o odpustenie, ak som niekoho pohor\u0161il, ak som sa nevenoval dostato\u010dne va\u0161im du\u0161iam, ak som v\u00e1s pr\u00edli\u0161 m\u00e1lo v\u00e1s miloval \u010di nedostato\u010dne napom\u00ednal a povzbudzoval ku sv\u00e4t\u00e9mu \u017eivotu.<\/p>\n<p><strong>\u00a0<\/strong><\/p>\n<p><strong>PO\u010eAKOVANIE<\/strong><\/p>\n<p>Zo srdca \u010fakujem v\u0161etk\u00fdm, ktor\u00ed sa zapojili do \u017eivota a \u010dinnosti SKM (liturgia-lektorom, kostoln\u00edkom, organistovi, mini\u0161trantom, ale misijnej rade, detsk\u00e9mu spevokolu i mlad\u00fdm, slu\u017eba pri k\u00e1ve a pomoc pri \u010dasopise Misijn\u00fd inform\u00e1tor, at\u010f. ). V\u010faka aj t\u00fdm, ktor\u00fdch nikto nevid\u00ed, ale v skrytosti pom\u00e1haj\u00fa, modlia sa a obetuj\u00fa svoje bolesti. Za nich a za ich rodiny som sl\u00fa\u017eil \u010fakovn\u00fa sv. om\u0161u na Narodenie P\u00e1na i zajtra budem sl\u00fa\u017ei\u0165 na tento \u00famysel. V\u0161etk\u00fdm vyslovujem \u00faprimn\u00e9 P\u00e1n Boh zapla\u0165!<\/p>\n<p>&nbsp;<\/p>\n<p>O finan\u010dn\u00fdch z\u00e1le\u017eitostiach t\u00fdkaj\u00facich \u010dinnosti a fungovania SKM za rok 2018 (pr\u00edjmy a v\u00fddavky farnosti) v\u00e1s m\u00f4\u017eem informova\u0165\u00a0 v priebehu Janu\u00e1ra po \u00fa\u010dtovn\u00fdch uz\u00e1vierkach.<\/p>\n<p><a href=\"https:\/\/www.skmisia.ch\/wp-content\/uploads\/2018\/02\/Vy\u00fa\u010dtovanie-2018.jpg\"><img decoding=\"async\" loading=\"lazy\" class=\"aligncenter wp-image-9159 size-full\" src=\"https:\/\/www.skmisia.ch\/wp-content\/uploads\/2018\/02\/Vy\u00fa\u010dtovanie-2018.jpg\" alt=\"\" width=\"2480\" height=\"3507\" srcset=\"https:\/\/www.skmisia.ch\/wp-content\/uploads\/2018\/02\/Vy\u00fa\u010dtovanie-2018.jpg 2480w, https:\/\/www.skmisia.ch\/wp-content\/uploads\/2018\/02\/Vy\u00fa\u010dtovanie-2018-212x300.jpg 212w, https:\/\/www.skmisia.ch\/wp-content\/uploads\/2018\/02\/Vy\u00fa\u010dtovanie-2018-768x1086.jpg 768w, https:\/\/www.skmisia.ch\/wp-content\/uploads\/2018\/02\/Vy\u00fa\u010dtovanie-2018-724x1024.jpg 724w\" sizes=\"(max-width: 2480px) 100vw, 2480px\" \/><\/a><\/p>\n","protected":false},"excerpt":{"rendered":"<p>V\u00fd\u0148atok z &#8222;Pobo\u017enosti na konci roka &#8211; 31.12.2018&#8220; V\u00fd\u00fa\u010dtovanie 2018 Duchovn\u00fd \u017eivot na\u0161ej misie m\u00e1 svoj zabehnut\u00fd program: nede\u013en\u00e9 a sviato\u010dn\u00e9 bohoslu\u017eby, I. Piatky i stredaj\u0161ie sv. om\u0161e, duchovn\u00e9 \u00a0obnovy a slovensk\u00e9 p\u00fate. Siln\u00fdm&#46;&#46;&#46;<\/p>\n","protected":false},"author":3,"featured_media":3021,"comment_status":"open","ping_status":"closed","sticky":false,"template":"","format":"standard","meta":{"ngg_post_thumbnail":0},"categories":[24,1],"tags":[],"_links":{"self":[{"href":"https:\/\/www.skmisia.ch\/index.php?rest_route=\/wp\/v2\/posts\/4728"}],"collection":[{"href":"https:\/\/www.skmisia.ch\/index.php?rest_route=\/wp\/v2\/posts"}],"about":[{"href":"https:\/\/www.skmisia.ch\/index.php?rest_route=\/wp\/v2\/types\/post"}],"author":[{"embeddable":true,"href":"https:\/\/www.skmisia.ch\/index.php?rest_route=\/wp\/v2\/users\/3"}],"replies":[{"embeddable":true,"href":"https:\/\/www.skmisia.ch\/index.php?rest_route=%2Fwp%2Fv2%2Fcomments&post=4728"}],"version-history":[{"count":12,"href":"https:\/\/www.skmisia.ch\/index.php?rest_route=\/wp\/v2\/posts\/4728\/revisions"}],"predecessor-version":[{"id":9163,"href":"https:\/\/www.skmisia.ch\/index.php?rest_route=\/wp\/v2\/posts\/4728\/revisions\/9163"}],"wp:featuredmedia":[{"embeddable":true,"href":"https:\/\/www.skmisia.ch\/index.php?rest_route=\/wp\/v2\/media\/3021"}],"wp:attachment":[{"href":"https:\/\/www.skmisia.ch\/index.php?rest_route=%2Fwp%2Fv2%2Fmedia&parent=4728"}],"wp:term":[{"taxonomy":"category","embeddable":true,"href":"https:\/\/www.skmisia.ch\/index.php?rest_route=%2Fwp%2Fv2%2Fcategories&post=4728"},{"taxonomy":"post_tag","embeddable":true,"href":"https:\/\/www.skmisia.ch\/index.php?rest_route=%2Fwp%2Fv2%2Ftags&post=4728"}],"curies":[{"name":"wp","href":"https:\/\/api.w.org\/{rel}","templated":true}]}}