{"id":4708,"date":"2016-02-12T14:47:22","date_gmt":"2016-02-12T13:47:22","guid":{"rendered":"https:\/\/www.skmisia.ch\/?p=4708"},"modified":"2019-04-08T21:08:50","modified_gmt":"2019-04-08T20:08:50","slug":"svaty-valentin-a-spolocenstvo-katrande","status":"publish","type":"post","link":"https:\/\/www.skmisia.ch\/?p=4708","title":{"rendered":"Sv\u00e4t\u00fd Valent\u00edn a spolo\u010denstvo katRande"},"content":{"rendered":"<p>Sv\u00e4t\u00fd Valent\u00edn je patr\u00f3nom za\u013e\u00faben\u00fdch, sn\u00fabencov a\u00a0mladoman\u017eelov. Hoci je tento sviatok ve\u013emi skomercionalizovan\u00fd, a\u00a0mnoh\u00ed ho ignoruj\u00fa, \u00a0zo sk\u00fasenosti vieme, \u017ee pre slobodn\u00fdch je \u010dasto smutn\u00fdm d\u0148om.<\/p>\n<p>Tento rok pripad\u00e1 na nede\u013eu 14.2. a\u00a0tak by sme V\u00e1m chceli navrhn\u00fa\u0165, aby ste sa pripojili k\u00a0n\u00e1\u0161mu spolo\u010denstvu katRande modlitbou za slobodn\u00fdch. Za t\u00fdmto \u00fa\u010delom si dovo\u013eujeme posla\u0165 kr\u00e1tku modlitbu za slobodn\u00fdch.<\/p>\n<h5>\u201eDobr\u00fd Bo\u017ee, Ty pozn\u00e1\u0161 srdcia slobodn\u00fdch veriacich, ktor\u00ed h\u013eadaj\u00fa svojich \u017eivotn\u00fdch partnerov. Pros\u00edme \u0164a, uk\u00e1\u017e im pl\u00e1n, ktor\u00fd m\u00e1\u0161 s nimi. Uk\u00e1\u017e im, ako m\u00f4\u017eu \u017ei\u0165 zmluvu l\u00e1sky. Ute\u0161 ich a odpovedz na ich modlitby.\u201c<\/h5>\n<p>Katol\u00edcka zoznamka kathTreff.org zdru\u017euje u\u017e viac ako desa\u0165 rokov slobodn\u00fdch katol\u00edkov a\u00a0v\u00a0minulom roku sa jej s\u00fa\u010das\u0165ou stalo katRande.org \u2013 zoznamka pre Slov\u00e1kov a\u00a0\u010cechov. Z\u00a0\u010dlenov n\u00e1\u0161ho medzin\u00e1rodn\u00e9ho spolo\u010denstva vzi\u0161lo u\u017e mnoho man\u017eelstiev a\u00a0rod\u00edn. Viac n\u00e1jdete na katRande.org<\/p>\n<p><a href=\"https:\/\/www.skmisia.ch\/wp-content\/uploads\/2016\/02\/letak-final-zima.docx\">letak final &#8211; zima<\/a><\/p>\n","protected":false},"excerpt":{"rendered":"<p>Sv\u00e4t\u00fd Valent\u00edn je patr\u00f3nom za\u013e\u00faben\u00fdch, sn\u00fabencov a\u00a0mladoman\u017eelov. Hoci je tento sviatok ve\u013emi skomercionalizovan\u00fd, a\u00a0mnoh\u00ed ho ignoruj\u00fa, \u00a0zo sk\u00fasenosti vieme, \u017ee pre slobodn\u00fdch je \u010dasto smutn\u00fdm d\u0148om. Tento rok pripad\u00e1 na nede\u013eu 14.2. a\u00a0tak by&#46;&#46;&#46;<\/p>\n","protected":false},"author":3,"featured_media":4712,"comment_status":"open","ping_status":"closed","sticky":false,"template":"","format":"standard","meta":{"ngg_post_thumbnail":0},"categories":[24,1],"tags":[],"_links":{"self":[{"href":"https:\/\/www.skmisia.ch\/index.php?rest_route=\/wp\/v2\/posts\/4708"}],"collection":[{"href":"https:\/\/www.skmisia.ch\/index.php?rest_route=\/wp\/v2\/posts"}],"about":[{"href":"https:\/\/www.skmisia.ch\/index.php?rest_route=\/wp\/v2\/types\/post"}],"author":[{"embeddable":true,"href":"https:\/\/www.skmisia.ch\/index.php?rest_route=\/wp\/v2\/users\/3"}],"replies":[{"embeddable":true,"href":"https:\/\/www.skmisia.ch\/index.php?rest_route=%2Fwp%2Fv2%2Fcomments&post=4708"}],"version-history":[{"count":4,"href":"https:\/\/www.skmisia.ch\/index.php?rest_route=\/wp\/v2\/posts\/4708\/revisions"}],"predecessor-version":[{"id":4715,"href":"https:\/\/www.skmisia.ch\/index.php?rest_route=\/wp\/v2\/posts\/4708\/revisions\/4715"}],"wp:featuredmedia":[{"embeddable":true,"href":"https:\/\/www.skmisia.ch\/index.php?rest_route=\/wp\/v2\/media\/4712"}],"wp:attachment":[{"href":"https:\/\/www.skmisia.ch\/index.php?rest_route=%2Fwp%2Fv2%2Fmedia&parent=4708"}],"wp:term":[{"taxonomy":"category","embeddable":true,"href":"https:\/\/www.skmisia.ch\/index.php?rest_route=%2Fwp%2Fv2%2Fcategories&post=4708"},{"taxonomy":"post_tag","embeddable":true,"href":"https:\/\/www.skmisia.ch\/index.php?rest_route=%2Fwp%2Fv2%2Ftags&post=4708"}],"curies":[{"name":"wp","href":"https:\/\/api.w.org\/{rel}","templated":true}]}}