{"id":4529,"date":"2015-12-21T08:45:03","date_gmt":"2015-12-21T07:45:03","guid":{"rendered":"https:\/\/www.skmisia.ch\/?p=4529"},"modified":"2019-04-08T21:08:50","modified_gmt":"2019-04-08T20:08:50","slug":"prihlaska-na-rodinne-stretnutie-2016","status":"publish","type":"post","link":"https:\/\/www.skmisia.ch\/?p=4529","title":{"rendered":"Prihl\u00e1\u0161ka na rodinn\u00e9 stretnutie 2016"},"content":{"rendered":"<p>Mil\u00ed man\u017eelia, vesel\u00e9 rodinky!<a href=\"https:\/\/www.skmisia.ch\/wp-content\/uploads\/2014\/01\/logo-sdb.jpg\"><img decoding=\"async\" loading=\"lazy\" class=\"wp-image-272 alignright\" src=\"https:\/\/www.skmisia.ch\/wp-content\/uploads\/2014\/01\/logo-sdb.jpg\" alt=\"logo sdb\" width=\"63\" height=\"67\" \/><\/a><\/p>\n<p>Srde\u010dne V\u00e1s poz\u00fdvame na tret\u00ed ro\u010dn\u00edk Rodinn\u00e9ho stretnutia, ktor\u00fd sa uskuto\u010dn\u00ed 14.-16. m\u00e1ja 2016. Stretnutie bude o jeden de\u0148 dlh\u0161ie ako bolo doteraz, aby sme mali viac \u010dasu na vz\u00e1jomn\u00e9 obohatenie sa a v\u00fdmenu sk\u00fasenost\u00ed. Stretneme sa v kr\u00e1snom horskom prostred\u00ed La Fouly (www.grandhotelfouly.ch). Okrem ob\u013e\u00faben\u00e9ho ve\u010dera \u201c\u013eudov\u00fdch trad\u00edci\u00ed\u201d bude priestor aj pre duchovn\u00e9 aktivity a relax. Ak V\u00e1s oslovilo toto pozvanie, nev\u00e1hajte sa vyplnenou prihl\u00e1\u0161kou prihl\u00e1si\u0165 o. Pavlovi. Rodiny, ktor\u00e9 sa prihl\u00e1sia e\u0161te do konca roku 2015 bud\u00fa m\u00f4c\u0165 vyu\u017ei\u0165rodinn\u00fa z\u013eavu.<\/p>\n<p><a href=\"https:\/\/www.skmisia.ch\/wp-content\/uploads\/2014\/02\/logo-misiaB-1.png\"><img decoding=\"async\" loading=\"lazy\" class=\" wp-image-685 alignleft\" src=\"https:\/\/www.skmisia.ch\/wp-content\/uploads\/2014\/02\/logo-misiaB-1-300x288.png\" alt=\"logo-misiaB (1)\" width=\"107\" height=\"103\" srcset=\"https:\/\/www.skmisia.ch\/wp-content\/uploads\/2014\/02\/logo-misiaB-1-300x288.png 300w, https:\/\/www.skmisia.ch\/wp-content\/uploads\/2014\/02\/logo-misiaB-1-1024x983.png 1024w, https:\/\/www.skmisia.ch\/wp-content\/uploads\/2014\/02\/logo-misiaB-1.png 1408w\" sizes=\"(max-width: 107px) 100vw, 107px\" \/><\/a><\/p>\n<p>&nbsp;<\/p>\n<p>SLOVENSK\u00c1 KATOL\u00cdCKA MISIA, BRAUERSTRASSE 99, 8004 Z\u00dcRICH<\/p>\n<p>T\/F: +41 44 241 50 22; <a href=\"mailto:misionar@skmisia.ch\">misionar@skmisia.ch<\/a><\/p>\n<p>Rodinn\u00e9 stretnutie sa uskuto\u010dn\u00ed 14. &#8211; 16. m\u00e1ja 2016 v \u2013 hotel la fouly (grandh\u00f4tel du val ferret, ch \u2013 1944 la fouly). Za\u010diatok pobytu bude o 11:30 a ukon\u010denie je napl\u00e1novan\u00e9 na pondelok popoludn\u00ed okolo 14:30. Ver\u00edm, \u017ee vytvor\u00edme super partiu a spolo\u010dn\u00fdmi n\u00e1padmi i silami podpor\u00edme po\u017eehnan\u00e9 dielo.<\/p>\n<p>S pozdravom o. Pavol Nizner a spolo\u010denstvo rod\u00edn SKM.<\/p>\n<p>&nbsp;<\/p>\n<p>AKCIOV\u00c1 CENA V PR\u00cdPADE NAHL\u00c1SENIA DO 31.12. 2015:<\/p>\n<p>DOSPEL\u00cd: 175,- CHF na osobu\/pobyt\u00a0\u00a0\u00a0\u00a0\u00a0\u00a0\u00a0\u00a0\u00a0\u00a0\u00a0\u00a0\u00a0\u00a0\u00a0\u00a0\u00a0\u00a0\u00a0\u00a0\u00a0\u00a0\u00a0\u00a0\u00a0\u00a0\u00a0\u00a0\u00a0\u00a0\u00a0\u00a0\u00a0\u00a0\u00a0\u00a0\u00a0\u00a0\u00a0\u00a0\u00a0\u00a0\u00a0\u00a0\u00a0\u00a0 DETI 7 &#8211; 16 ROKOV: 50,- CHF na osobu\/pobyt<\/p>\n<p>DETI NAD 16 ROKOV: 100,- CHF na osobu\/pobyt\u00a0\u00a0\u00a0\u00a0\u00a0\u00a0\u00a0\u00a0\u00a0\u00a0\u00a0\u00a0\u00a0\u00a0 DETI DO 7 ROKOV: ZDARMA \u00a0(v pr\u00edpade potreby z\u013eava skm)<\/p>\n<p>&nbsp;<\/p>\n<p><strong>Po 31.12. 2015 je mo\u017en\u00e9 sa nahl\u00e1si\u0165 na Rodinn\u00e9 stretnutie<\/strong>, \u00fa\u010dastn\u00edcky poplatok je v riadnej cene, pod\u013ea cenn\u00edka: <a href=\"http:\/\/www.grandhotelfouly.ch\/index.php\/chambres\/tarifs.html\" target=\"_blank\" rel=\"noopener noreferrer\">http:\/\/www.grandhotelfouly.ch\/index.php\/chambres\/tarifs.html<\/a><\/p>\n<p><strong>PRE RIADNU REGISTR\u00c1CIU JE NUTN\u00c9 ODOVZDA\u0164 PRIHL\u00c1\u0160KU A UHRADI\u0164 \u00da\u010cASTN\u00cdCKY POPLATOK DO 31. MARCA 2016. Je to mo\u017en\u00e9 prevodom na \u00fa\u010det SKM, v pozn\u00e1mke uve\u010fte va\u0161e meno a \u00fa\u010del- Rodinn\u00e9 stretnutie.<\/strong>\u00a0<em>(\u010c\u00edslo \u00fa\u010dtu je na pravej strane na li\u0161te na na\u0161ej webstr\u00e1nke)<\/em><\/p>\n<p>&nbsp;<\/p>\n<p>Z\u00c1V\u00c4ZNE SA PRIHLASUJEME NA RODINN\u00c9 STRETNUTIE D\u0147A 14.- 16.05. 2016 V HOTEL LA FOULY<\/p>\n<p>PRIEZVISKO.\u2026\u2026\u2026\u2026\u2026\u2026\u2026\u2026\u2026\u2026\u2026\u2026\u2026&#8230;&#8230;&#8230;&#8230;&#8230;.\u2026\u2026\u2026\u2026&#8230;\u00a0\u00a0 MENO\u2026\u2026&#8230;\u2026\u2026\u2026\u2026\u2026\u2026\u2026\u2026\u2026\u2026\u2026\u2026\u2026\u2026\u2026&#8230;&#8230;&#8230;&#8230;&#8230;&#8230;&#8230;&#8230;&#8230;<\/p>\n<p>DETI-MENO (VEK): \u2026\u2026\u2026\u2026\u2026\u2026\u2026\u2026\u2026\u2026\u2026\u2026\u2026\u2026\u2026\u2026\u2026\u2026\u2026\u2026.\u2026\u2026\u2026\u2026\u2026\u2026\u2026\u2026\u2026\u2026&#8230;&#8230;&#8230;&#8230;&#8230;&#8230;&#8230;&#8230;&#8230;&#8230;&#8230;&#8230;&#8230;&#8230;&#8230;&#8230;&#8230;&#8230;&#8230;&#8230;&#8230;.<\/p>\n<p>ADRESA\u2026\u2026\u2026\u2026\u2026\u2026\u2026\u2026\u2026\u2026\u2026\u2026\u2026\u2026\u2026\u2026\u2026\u2026\u2026\u2026\u2026\u2026\u2026\u2026\u2026\u2026\u2026\u2026\u2026\u2026\u2026\u2026\u2026\u2026\u2026\u2026\u2026\u2026\u2026\u2026&#8230;&#8230;&#8230;&#8230;&#8230;&#8230;&#8230;&#8230;&#8230;&#8230;&#8230;&#8230;&#8230;&#8230;&#8230;&#8230;&#8230;.<\/p>\n<p>TELEF\u00d3N..\u2026\u2026\u2026\u2026\u2026\u2026\u2026\u2026\u2026\u2026\u2026\u2026\u2026&#8230;.\u2026\u2026\u2026\u2026&#8230;&#8230;&#8230;&#8230;..\u00a0\u00a0\u00a0\u00a0\u00a0\u00a0\u00a0\u00a0\u00a0 \u00a0\u00a0\u00a0\u00a0\u00a0\u00a0\u00a0\u00a0\u00a0\u00a0\u00a0 MAIL\u2026\u2026\u2026\u2026\u2026\u2026\u2026\u2026\u2026\u2026\u2026\u2026\u2026\u2026\u2026\u2026\u2026&#8230;&#8230;&#8230;&#8230;&#8230;&#8230;&#8230;&#8230;&#8230;<\/p>\n<p>D\u00c1TUM\u2026\u2026\u2026\u2026\u2026\u2026\u2026\u2026&#8230;&#8230;&#8230;&#8230;&#8230;&#8230;\u00a0\u00a0\u00a0\u00a0 CENA CELKOM\u2026\u2026\u2026\u2026\u2026.\u2026\u2026\u2026&#8230;\u00a0\u00a0\u00a0\u00a0\u00a0\u00a0\u00a0\u00a0\u00a0\u00a0\u00a0 PODPIS\u2026\u2026\u2026&#8230;..\u2026\u2026\u2026\u2026\u2026\u2026\u2026\u2026&#8230;&#8230;&#8230;.<\/p>\n<p>PDF Prihl\u00e1\u0161ka:<\/p>\n<p><a href=\"https:\/\/www.skmisia.ch\/wp-content\/uploads\/2015\/12\/Prihl\u00e1\u0161ka-2016.pdf\">Prihl\u00e1\u0161ka 2016<\/a><\/p>\n<p>&nbsp;<\/p>\n<p>JPG Prihl\u00e1\u0161ka:<\/p>\n<p><a href=\"https:\/\/www.skmisia.ch\/wp-content\/uploads\/2015\/12\/Prihl\u00e1\u0161ka.jpg\" target=\"_blank\" rel=\"noopener noreferrer\"><img decoding=\"async\" loading=\"lazy\" class=\"alignnone size-medium wp-image-4530\" src=\"https:\/\/www.skmisia.ch\/wp-content\/uploads\/2015\/12\/Prihl\u00e1\u0161ka-205x300.jpg\" alt=\"Prihl\u00e1\u0161ka\" width=\"205\" height=\"300\" srcset=\"https:\/\/www.skmisia.ch\/wp-content\/uploads\/2015\/12\/Prihl\u00e1\u0161ka-205x300.jpg 205w, https:\/\/www.skmisia.ch\/wp-content\/uploads\/2015\/12\/Prihl\u00e1\u0161ka.jpg 646w\" sizes=\"(max-width: 205px) 100vw, 205px\" \/><\/a><\/p>\n","protected":false},"excerpt":{"rendered":"<p>Mil\u00ed man\u017eelia, vesel\u00e9 rodinky! Srde\u010dne V\u00e1s poz\u00fdvame na tret\u00ed ro\u010dn\u00edk Rodinn\u00e9ho stretnutia, ktor\u00fd sa uskuto\u010dn\u00ed 14.-16. m\u00e1ja 2016. Stretnutie bude o jeden de\u0148 dlh\u0161ie ako bolo doteraz, aby sme mali viac \u010dasu na vz\u00e1jomn\u00e9&#46;&#46;&#46;<\/p>\n","protected":false},"author":3,"featured_media":4530,"comment_status":"open","ping_status":"closed","sticky":false,"template":"","format":"standard","meta":{"ngg_post_thumbnail":0},"categories":[24,1],"tags":[],"_links":{"self":[{"href":"https:\/\/www.skmisia.ch\/index.php?rest_route=\/wp\/v2\/posts\/4529"}],"collection":[{"href":"https:\/\/www.skmisia.ch\/index.php?rest_route=\/wp\/v2\/posts"}],"about":[{"href":"https:\/\/www.skmisia.ch\/index.php?rest_route=\/wp\/v2\/types\/post"}],"author":[{"embeddable":true,"href":"https:\/\/www.skmisia.ch\/index.php?rest_route=\/wp\/v2\/users\/3"}],"replies":[{"embeddable":true,"href":"https:\/\/www.skmisia.ch\/index.php?rest_route=%2Fwp%2Fv2%2Fcomments&post=4529"}],"version-history":[{"count":8,"href":"https:\/\/www.skmisia.ch\/index.php?rest_route=\/wp\/v2\/posts\/4529\/revisions"}],"predecessor-version":[{"id":9325,"href":"https:\/\/www.skmisia.ch\/index.php?rest_route=\/wp\/v2\/posts\/4529\/revisions\/9325"}],"wp:featuredmedia":[{"embeddable":true,"href":"https:\/\/www.skmisia.ch\/index.php?rest_route=\/wp\/v2\/media\/4530"}],"wp:attachment":[{"href":"https:\/\/www.skmisia.ch\/index.php?rest_route=%2Fwp%2Fv2%2Fmedia&parent=4529"}],"wp:term":[{"taxonomy":"category","embeddable":true,"href":"https:\/\/www.skmisia.ch\/index.php?rest_route=%2Fwp%2Fv2%2Fcategories&post=4529"},{"taxonomy":"post_tag","embeddable":true,"href":"https:\/\/www.skmisia.ch\/index.php?rest_route=%2Fwp%2Fv2%2Ftags&post=4529"}],"curies":[{"name":"wp","href":"https:\/\/api.w.org\/{rel}","templated":true}]}}