{"id":4380,"date":"2016-01-20T12:57:34","date_gmt":"2016-01-20T11:57:34","guid":{"rendered":"https:\/\/www.skmisia.ch\/?p=4380"},"modified":"2019-04-08T21:08:50","modified_gmt":"2019-04-08T20:08:50","slug":"put-v-svatom-roku-milosrdenstva-do-rima","status":"publish","type":"post","link":"https:\/\/www.skmisia.ch\/?p=4380","title":{"rendered":"Z\u00e1v\u00e4zn\u00e1 prihl\u00e1\u0161ka na p\u00fa\u0165 do R\u00edma"},"content":{"rendered":"<p><span style=\"color: #000000;\">Drad\u00ed na\u0161i veriaci a priatelia,<\/span><\/p>\n<p><span style=\"color: #000000;\">ak m\u00e1te z\u00e1ujem vo sv\u00e4tom Roku Milosrdenstva o p\u00fa\u0165 do R\u00edma, pros\u00edme V\u00e1s, aby ste sp\u00e4\u010datili\u00a0svoj z\u00e1ujem odovzdan\u00edm\u00a0ni\u017e\u0161ie uvedenej prihl\u00e1\u0161ky a zaplaten\u00edm z\u00e1lohy.<\/span><\/p>\n<p>&nbsp;<\/p>\n<p style=\"text-align: center;\"><span style=\"color: #000000;\"><strong>Slove<\/strong><strong>nsk\u00e1 katol\u00edcka misia vo \u0160vaj\u010diarsku V\u00e1s poz\u00fdva na:<\/strong><\/span><\/p>\n<p style=\"text-align: center;\"><span style=\"color: #000000;\"><strong>P\u00fa\u0165 do R\u00edma<\/strong><\/span><\/p>\n<p><span style=\"color: #000000;\"><a style=\"color: #000000;\" href=\"https:\/\/www.skmisia.ch\/wp-content\/uploads\/2015\/11\/rim2.jpg\" target=\"_blank\" rel=\"noopener noreferrer\"><img decoding=\"async\" loading=\"lazy\" class=\"size-medium wp-image-4385 aligncenter\" src=\"https:\/\/www.skmisia.ch\/wp-content\/uploads\/2015\/11\/rim2-300x225.jpg\" alt=\"rim2\" width=\"300\" height=\"225\" srcset=\"https:\/\/www.skmisia.ch\/wp-content\/uploads\/2015\/11\/rim2-300x225.jpg 300w, https:\/\/www.skmisia.ch\/wp-content\/uploads\/2015\/11\/rim2.jpg 700w\" sizes=\"(max-width: 300px) 100vw, 300px\" \/><\/a><\/span><\/p>\n<p style=\"text-align: center;\"><span style=\"color: #000000;\"><strong>Z\u00e1v\u00e4zn\u00e1 prihl\u00e1\u0161ka na p\u00fa\u0165 do R\u00edma v term\u00edne <\/strong><\/span><\/p>\n<p style=\"text-align: center;\"><span style=\"color: #000000;\"><strong>24.09.2016 \u2013 28.09.2016<\/strong><\/span><\/p>\n<p style=\"text-align: center;\"><a href=\"https:\/\/www.skmisia.ch\/wp-content\/uploads\/2016\/01\/Zavazna-prihlaska-1-2.jpg\" target=\"_blank\" rel=\"noopener noreferrer\"><img decoding=\"async\" loading=\"lazy\" class=\"alignnone size-medium wp-image-4647\" src=\"https:\/\/www.skmisia.ch\/wp-content\/uploads\/2016\/01\/Zavazna-prihlaska-1-2-212x300.jpg\" alt=\"Zavazna prihlaska 1-2\" width=\"212\" height=\"300\" srcset=\"https:\/\/www.skmisia.ch\/wp-content\/uploads\/2016\/01\/Zavazna-prihlaska-1-2-212x300.jpg 212w, https:\/\/www.skmisia.ch\/wp-content\/uploads\/2016\/01\/Zavazna-prihlaska-1-2-724x1024.jpg 724w\" sizes=\"(max-width: 212px) 100vw, 212px\" \/><\/a> <a href=\"https:\/\/www.skmisia.ch\/wp-content\/uploads\/2016\/01\/Zavazna-prihlaska-2-2.jpg\" target=\"_blank\" rel=\"noopener noreferrer\"><img decoding=\"async\" loading=\"lazy\" class=\"alignnone size-medium wp-image-4648\" src=\"https:\/\/www.skmisia.ch\/wp-content\/uploads\/2016\/01\/Zavazna-prihlaska-2-2-212x300.jpg\" alt=\"Zavazna prihlaska 2-2\" width=\"212\" height=\"300\" srcset=\"https:\/\/www.skmisia.ch\/wp-content\/uploads\/2016\/01\/Zavazna-prihlaska-2-2-212x300.jpg 212w, https:\/\/www.skmisia.ch\/wp-content\/uploads\/2016\/01\/Zavazna-prihlaska-2-2-724x1024.jpg 724w\" sizes=\"(max-width: 212px) 100vw, 212px\" \/><\/a><\/p>\n<p><span style=\"color: #000000;\">Priezvisko: ______________________\u00a0\u00a0\u00a0\u00a0\u00a0\u00a0\u00a0\u00a0\u00a0\u00a0\u00a0\u00a0\u00a0\u00a0\u00a0\u00a0\u00a0 Meno:__________________<\/span><\/p>\n<p><span style=\"color: #000000;\">D\u00e1tum narodenia: ______________ \u00a0 \u00a0 \u00a0 \u00a0 \u00a0 \u00a0 \u00a0 \u00a0 \u00a0 \u00a0 \u00a0 \u00a0E-mail:_________________<\/span><\/p>\n<p><span style=\"color: #000000;\">Tel.: ___________________<\/span><\/p>\n<p><span style=\"color: #000000;\">Kontaktn\u00e1 adresa:<\/span><\/p>\n<p><span style=\"color: #000000;\">Ulica: __________________________<\/span><\/p>\n<p><span style=\"color: #000000;\">PS\u010c: ______ Mesto:______________<\/span><\/p>\n<p><span style=\"color: #000000;\">Ubytovanie P\u00fatnick\u00fd dom Nepomucen: ozna\u010dte o ak\u00fd typ ubytovania m\u00e1te z\u00e1ujem<\/span><\/p>\n<ul>\n<li><span style=\"color: #000000;\">1-l\u00f4\u017ekov\u00e1 izba ( cena 55 EUR \/noc + 3,50 Taxa Roma Capitale\/den +15,- polpenzia )<\/span><\/li>\n<li><span style=\"color: #000000;\">2-l\u00f4\u017ekov\u00e1 izba ( cena 100 EUR \/noc + 3,50 Taxa Roma Capitale\/den+15,- polpenzia)<\/span><\/li>\n<li><span style=\"color: #000000;\">3-l\u00f4\u017ekov\u00e1 izba ( cena 135 EUR \/noc + 3,50 Taxa Roma Capitale\/den+15,- polpenzia)<\/span><\/li>\n<\/ul>\n<p>&nbsp;<\/p>\n<p><span style=\"color: #000000;\">Prihl\u00e1\u0161ku je potrebn\u00e9 odovzdat do <strong>31.01.2016<\/strong>!<\/span><\/p>\n<p><span style=\"color: #000000;\">Pros\u00edme uhradi\u0165 z\u00e1lohu vo v\u00fd\u0161ke 300 CHF na \u010d\u00edslo \u00fa\u010dtu: <strong><u>CH31 0900 0000 8771 3760 8<\/u> \u00a0<\/strong><strong>do 5<\/strong> <strong>pracovn\u00fdch dn\u00ed po odovzdan\u00ed prihla\u0161ky<\/strong>.<\/span><\/p>\n<p>&nbsp;<\/p>\n<p><span style=\"color: #000000;\">Podmienky p\u00fatnick\u00e9ho z\u00e1jazdu:<\/span><\/p>\n<p><span style=\"color: #000000;\">Cena z\u00e1jazdu maxim\u00e1lne: 650 CHF. Zn\u00ed\u017eenie n\u00e1kladov bude z\u00e1visie\u0165 od aktu\u00e1lnej ceny leteniek po 31.1. 2016.<\/span><\/p>\n<p><span style=\"color: #000000;\">Uhraden\u00edm z\u00e1lohy sa prihl\u00e1\u0161ka st\u00e1va z\u00e1v\u00e4znou. Z\u00e1loha je nevratn\u00e1, nako\u013eko je pou\u017eit\u00e1 na zak\u00fapenie letenky na meno konkr\u00e9tnej osoby cestuj\u00faceho.<\/span><\/p>\n<p><span style=\"color: #000000;\">Cena zah\u0155\u0148a: \u00a0Spiato\u010dn\u00fa letenku Z\u00fcrich &#8211; R\u00edm s 1ks pr\u00edru\u010dnejnej bato\u017einy a 1ks bato\u017einy do podpalubia; 4x ubytovanie s polpenziou v p\u00fatnickom dome Nepomucen; cenu l\u00edstka vlaku z letiska R\u00edm-Fiumicino do ubytovac\u00edch priestorov pri ceste z letiska tam i sp\u00e4\u0165.<\/span><\/p>\n<p><span style=\"color: #000000;\">Cena nezah\u0155\u0148a: obslu\u017en\u00e9 so vstupenkami do Vatik\u00e1nskych m\u00faze\u00ed, R\u00edmskych katakomb a transport prostriedkami verejnej dopravy po meste R\u00edm vo v\u00fd\u0161ke asi 60\u00a0\u20ac\u00a0ani komplexn\u00e9 cestovn\u00e9 poistenie, ktor\u00e9 si v pr\u00edpade z\u00e1ujmu mus\u00ed ka\u017ed\u00fd \u00fa\u010dastn\u00edk zaobstara\u0165 s\u00e1m.<\/span><\/p>\n<p><span style=\"color: #000000;\">Obed nie je zahrnut\u00fd v cene, ka\u017ed\u00fd si hrad\u00ed s\u00e1m podla vlastn\u00e9ho z\u00e1ujmu.<\/span><\/p>\n<p><span style=\"color: #000000;\">Zvy\u0161n\u00fa cenu z\u00e1jazdu bude potrebn\u00e9 uhradit cca. 4 t\u00fd\u017edne pred term\u00ednom z\u00e1jazdu po fin\u00e1lnom vy\u010dislen\u00ed ceny z\u00e1jazdu.<\/span><\/p>\n<p><span style=\"color: #000000;\"><em>Z\u00e1v\u00e4zne sa prihlasujem na p\u00fatnick\u00fd z\u00e1jazd do R\u00edma v d\u0148och 24.-28.9. 2016 a som si vedem\u00fd vy\u0161\u0161ie uveden\u00fdch podmienok.<\/em><\/span><\/p>\n<p>&nbsp;<\/p>\n<p><span style=\"color: #000000;\">Meno, podpis:&#8230;&#8230;&#8230;&#8230;&#8230;&#8230;&#8230;&#8230;&#8230;&#8230;&#8230;&#8230;&#8230;&#8230;&#8230;&#8230;&#8230;&#8230;&#8230;&#8230;&#8230;<\/span><\/p>\n<p><span style=\"color: #000000;\">D\u00e1tum: &#8230;&#8230;&#8230;&#8230;&#8230;&#8230;&#8230;&#8230;.. Miesto&#8230;&#8230;&#8230;&#8230;&#8230;&#8230;&#8230;&#8230;&#8230;&#8230;&#8230;..<\/span><\/p>\n<p>&nbsp;<\/p>\n<p><span style=\"color: #000000;\">Prihl\u00e1\u0161ka vo form\u00e1te PDF:\u00a0<a style=\"color: #000000;\" href=\"https:\/\/www.skmisia.ch\/wp-content\/uploads\/2015\/12\/Roma_2016_zavazna-prihlaska.pdf\" target=\"_blank\" rel=\"noopener noreferrer\">Roma_2016_zavazna prihlaska<\/a><\/span><\/p>\n<p>&nbsp;<\/p>\n<p>&nbsp;<\/p>\n<p>&nbsp;<\/p>\n<p>&nbsp;<\/p>\n<p>&nbsp;<\/p>\n<p>&nbsp;<\/p>\n<p>Pribli\u017en\u00fd vzor podobn\u00e9ho programu:\u00a0<a href=\"https:\/\/www.skmisia.ch\/wp-content\/uploads\/2015\/11\/P\u00fa\u0165-k-hrobom-apo\u0161tolov.pdf\" target=\"_blank\" rel=\"noopener noreferrer\">P\u00fa\u0165 k hrobom apo\u0161tolov<\/a><\/p>\n<p><a href=\"https:\/\/www.skmisia.ch\/wp-content\/uploads\/2015\/11\/IMG_4834.jpg\"><br \/>\n<img decoding=\"async\" loading=\"lazy\" class=\"alignnone size-medium wp-image-4462\" src=\"https:\/\/www.skmisia.ch\/wp-content\/uploads\/2015\/11\/IMG_4834-300x200.jpg\" alt=\"IMG_4834\" width=\"300\" height=\"200\" srcset=\"https:\/\/www.skmisia.ch\/wp-content\/uploads\/2015\/11\/IMG_4834-300x200.jpg 300w, https:\/\/www.skmisia.ch\/wp-content\/uploads\/2015\/11\/IMG_4834.jpg 800w\" sizes=\"(max-width: 300px) 100vw, 300px\" \/><\/a><a href=\"https:\/\/www.skmisia.ch\/wp-content\/uploads\/2015\/11\/IMG_4837.jpg\"><img decoding=\"async\" loading=\"lazy\" class=\"alignnone size-medium wp-image-4463\" src=\"https:\/\/www.skmisia.ch\/wp-content\/uploads\/2015\/11\/IMG_4837-300x200.jpg\" alt=\"IMG_4837\" width=\"300\" height=\"200\" srcset=\"https:\/\/www.skmisia.ch\/wp-content\/uploads\/2015\/11\/IMG_4837-300x200.jpg 300w, https:\/\/www.skmisia.ch\/wp-content\/uploads\/2015\/11\/IMG_4837.jpg 800w\" sizes=\"(max-width: 300px) 100vw, 300px\" \/><\/a><a href=\"https:\/\/www.skmisia.ch\/wp-content\/uploads\/2015\/11\/IMG_4856.jpg\"><img decoding=\"async\" loading=\"lazy\" class=\"alignnone size-medium wp-image-4464\" src=\"https:\/\/www.skmisia.ch\/wp-content\/uploads\/2015\/11\/IMG_4856-300x225.jpg\" alt=\"IMG_4856\" width=\"300\" height=\"225\" srcset=\"https:\/\/www.skmisia.ch\/wp-content\/uploads\/2015\/11\/IMG_4856-300x225.jpg 300w, https:\/\/www.skmisia.ch\/wp-content\/uploads\/2015\/11\/IMG_4856-1024x768.jpg 1024w, https:\/\/www.skmisia.ch\/wp-content\/uploads\/2015\/11\/IMG_4856.jpg 1632w\" sizes=\"(max-width: 300px) 100vw, 300px\" \/><\/a><a href=\"https:\/\/www.skmisia.ch\/wp-content\/uploads\/2015\/11\/IMG_4857.jpg\"><img decoding=\"async\" loading=\"lazy\" class=\"alignnone size-medium wp-image-4465\" src=\"https:\/\/www.skmisia.ch\/wp-content\/uploads\/2015\/11\/IMG_4857-300x225.jpg\" alt=\"IMG_4857\" width=\"300\" height=\"225\" srcset=\"https:\/\/www.skmisia.ch\/wp-content\/uploads\/2015\/11\/IMG_4857-300x225.jpg 300w, https:\/\/www.skmisia.ch\/wp-content\/uploads\/2015\/11\/IMG_4857-1024x768.jpg 1024w, https:\/\/www.skmisia.ch\/wp-content\/uploads\/2015\/11\/IMG_4857.jpg 1632w\" sizes=\"(max-width: 300px) 100vw, 300px\" \/><\/a><a href=\"https:\/\/www.skmisia.ch\/wp-content\/uploads\/2015\/11\/IMG_4858.jpg\"><img decoding=\"async\" loading=\"lazy\" class=\"alignnone size-medium wp-image-4466\" src=\"https:\/\/www.skmisia.ch\/wp-content\/uploads\/2015\/11\/IMG_4858-300x225.jpg\" alt=\"IMG_4858\" width=\"300\" height=\"225\" srcset=\"https:\/\/www.skmisia.ch\/wp-content\/uploads\/2015\/11\/IMG_4858-300x225.jpg 300w, https:\/\/www.skmisia.ch\/wp-content\/uploads\/2015\/11\/IMG_4858-1024x768.jpg 1024w, https:\/\/www.skmisia.ch\/wp-content\/uploads\/2015\/11\/IMG_4858.jpg 1632w\" sizes=\"(max-width: 300px) 100vw, 300px\" \/><\/a><\/p>\n","protected":false},"excerpt":{"rendered":"<p>Drad\u00ed na\u0161i veriaci a priatelia, ak m\u00e1te z\u00e1ujem vo sv\u00e4tom Roku Milosrdenstva o p\u00fa\u0165 do R\u00edma, pros\u00edme V\u00e1s, aby ste sp\u00e4\u010datili\u00a0svoj z\u00e1ujem odovzdan\u00edm\u00a0ni\u017e\u0161ie uvedenej prihl\u00e1\u0161ky a zaplaten\u00edm z\u00e1lohy. &nbsp; Slovensk\u00e1 katol\u00edcka misia vo \u0160vaj\u010diarsku&#46;&#46;&#46;<\/p>\n","protected":false},"author":3,"featured_media":4385,"comment_status":"open","ping_status":"closed","sticky":false,"template":"","format":"standard","meta":{"ngg_post_thumbnail":0},"categories":[24,1],"tags":[],"_links":{"self":[{"href":"https:\/\/www.skmisia.ch\/index.php?rest_route=\/wp\/v2\/posts\/4380"}],"collection":[{"href":"https:\/\/www.skmisia.ch\/index.php?rest_route=\/wp\/v2\/posts"}],"about":[{"href":"https:\/\/www.skmisia.ch\/index.php?rest_route=\/wp\/v2\/types\/post"}],"author":[{"embeddable":true,"href":"https:\/\/www.skmisia.ch\/index.php?rest_route=\/wp\/v2\/users\/3"}],"replies":[{"embeddable":true,"href":"https:\/\/www.skmisia.ch\/index.php?rest_route=%2Fwp%2Fv2%2Fcomments&post=4380"}],"version-history":[{"count":14,"href":"https:\/\/www.skmisia.ch\/index.php?rest_route=\/wp\/v2\/posts\/4380\/revisions"}],"predecessor-version":[{"id":9324,"href":"https:\/\/www.skmisia.ch\/index.php?rest_route=\/wp\/v2\/posts\/4380\/revisions\/9324"}],"wp:featuredmedia":[{"embeddable":true,"href":"https:\/\/www.skmisia.ch\/index.php?rest_route=\/wp\/v2\/media\/4385"}],"wp:attachment":[{"href":"https:\/\/www.skmisia.ch\/index.php?rest_route=%2Fwp%2Fv2%2Fmedia&parent=4380"}],"wp:term":[{"taxonomy":"category","embeddable":true,"href":"https:\/\/www.skmisia.ch\/index.php?rest_route=%2Fwp%2Fv2%2Fcategories&post=4380"},{"taxonomy":"post_tag","embeddable":true,"href":"https:\/\/www.skmisia.ch\/index.php?rest_route=%2Fwp%2Fv2%2Ftags&post=4380"}],"curies":[{"name":"wp","href":"https:\/\/api.w.org\/{rel}","templated":true}]}}