{"id":4337,"date":"2018-10-30T10:46:23","date_gmt":"2018-10-30T09:46:23","guid":{"rendered":"https:\/\/www.skmisia.ch\/?p=4337"},"modified":"2019-04-08T21:08:45","modified_gmt":"2019-04-08T20:08:45","slug":"priprava-rodin-na-vianoce","status":"publish","type":"post","link":"https:\/\/www.skmisia.ch\/?p=4337","title":{"rendered":"Kto d\u00e1 pr\u00edstre\u0161ie Sv\u00e4tej Rodine?"},"content":{"rendered":"<p><span style=\"color: #333333;\">Po\u010das adventu zvykla po<img decoding=\"async\" loading=\"lazy\" class=\"wp-image-6954 size-full alignleft\" src=\"https:\/\/www.skmisia.ch\/wp-content\/uploads\/2015\/11\/svata-rodina-icona.jpg\" alt=\"svata-rodina-icona\" width=\"291\" height=\"450\" srcset=\"https:\/\/www.skmisia.ch\/wp-content\/uploads\/2015\/11\/svata-rodina-icona.jpg 291w, https:\/\/www.skmisia.ch\/wp-content\/uploads\/2015\/11\/svata-rodina-icona-194x300.jpg 194w\" sizes=\"(max-width: 291px) 100vw, 291px\" \/>\u00a0na\u0161ich slovensk\u00fdch dom\u00e1cnostiach pri katol\u00edckej misii v ZH putova\u0165 \u00a0Ikona Sv. Rodiny, h\u013eadaj\u00fac v nich duchovn\u00fd pr\u00edbytok a z\u00e1zemie: <em>\u010das na modlitbu, prijatie Bo\u017eieho Slova, prijatie a zmierenie sa s najbli\u017e\u0161\u00edmi<\/em>&#8230;<\/span><\/p>\n<p><span style=\"color: #333333;\">Rodiny, ktor\u00e9 toho roku maj\u00fa z\u00e1ujem zapoji\u0165 sa do tejto adventnej pobo\u017enosti, nech sa na b\u00e1ze vlastnej iniciat\u00edvy skontaktuj\u00fa s rodinami z minuloro\u010dnej modlitebnej skupiny a nech si zabezpe\u010dia Ikonu sv\u00e4tej rodiny.<\/span><\/p>\n<p><span style=\"color: #333333;\">Modobne ako tomu bolo minul\u00fd rok sa rodiny m\u00f4\u017eu streta\u0165 pri odovzd\u00e1van\u00ed Ikony a pomodli\u0165 sa Deviatnik ku sv. Rodine. Stretn\u00fa\u0165 sa m\u00f4\u017eu celkom 7x v rodin\u00e1ch a 2x (na za\u010diatku a na konci) je odovzdanie so spolo\u010dnou modlitbou v Krypte Liebfrauen v ZH.<\/span><\/p>\n<p><span style=\"color: #333333;\">Ikona Sv. rodiny bud\u00fa posv\u00e4ten\u00e9 v nede\u013eu Krista Kr\u00e1\u013ea, aby po\u010das adventu mohli putova\u0165.\u00a0 Ukon\u010die bude na \u0161tvrt\u00fa adventn\u00fa nede\u013eu 23.12. 2018 o 9:30.<\/span><\/p>\n<p><span style=\"color: #333333;\"><strong>Rodiny, ktor\u00e9 sa chc\u00fa zapoji\u0165 po prv\u00fdkr\u00e1t<\/strong>\u00a0alebo aj potrebuj\u00fa bli\u017e\u0161ie inform\u00e1cie, aby sa za\u010dlenili do niektorej z modlitebn\u00fdch skupinek, nech sa obr\u00e1tia\u00a0do 18.11. 2018 na p. Luciu Pito\u0148\u00e1kov\u00fa (lucia.pitonak@gmail.com, 076 348 11 44)<\/span><\/p>\n<p><span style=\"color: #333333;\">Do pobo\u017enosti sa m\u00f4\u017eu pripoji\u0165 aj t\u00ed, ktor\u00ed odch\u00e1dzaj\u00fa na Viano\u010dn\u00e9 sviatky pre\u010d, preto\u017ee bud\u00fa prij\u00edma\u0165 obraz Sv. rodiny medzi prv\u00fdmi.<\/span><\/p>\n<p>Odpor\u00fa\u010danie ku priebehu pobo\u017enosti:<\/p>\n<p><span style=\"color: #000000;\"><strong>Obraz by mal by\u0165 na d\u00f4stojnom mieste, kde sa sch\u00e1dza cel\u00e1 rodina a pri modlitbe sa pred n\u00edm zap\u00e1li svieca. Pri\u00a0<\/strong><strong>odovzd\u00e1van\u00ed Ikony <\/strong>(<em>do rodiny, ktor\u00e1 ju pr\u00edjme<\/em>) <strong>sa spolo<\/strong><strong>\u010d<\/strong><strong>ne v\u0161etky rodiny <\/strong><strong>z\u00eddu a pomodlia sa pobo<\/strong><strong>\u017e<\/strong><strong>nos<\/strong><strong>\u0165<\/strong><strong> ku Sv. Rodine uveden\u00fa bro<\/strong><strong>\u017e<\/strong><strong>\u00far<\/strong><strong>kach, ktor\u00e9 sa na 1. Adventn\u00fa nede<\/strong><strong>\u013e<\/strong><strong>u rozdaj\u00fa do rod\u00edn.<br \/>\nJe ve<\/strong><strong>\u013e<\/strong><strong>k\u00fdm po<\/strong><strong>\u017e<\/strong><strong>ehnan\u00edm, ke<\/strong><strong>\u010f<\/strong><strong> sa spolo<\/strong><strong>\u010d<\/strong><strong>ne v rodin\u00e1ch v adventnom obdob\u00ed m\u00f4<\/strong><strong>\u017e<\/strong><strong>eme pripravi<\/strong><strong>\u0165<\/strong><strong> \u00a0na narodenie n\u00e1\u0161ho P\u00e1na a Spasite<\/strong><strong>\u013e<\/strong><strong>a.<\/strong><\/span><\/p>\n<p>&nbsp;<\/p>\n<p>&nbsp;<\/p>\n<p>BO\u017dE, OCHRA\u0147UJ KA\u017dD\u00da RODINU !<\/p>\n<p>&nbsp;<\/p>\n<p><span style=\"color: #000000;\">Bo\u017ee, od ktor\u00e9ho poch\u00e1dza\u00a0ka\u017ed\u00e9 otcovstvo na nebi aj na\u00a0<\/span><span style=\"color: #000000;\">zemi, <\/span><\/p>\n<p><span style=\"color: #000000;\">Ot\u010de, ktor\u00fd si L\u00e1ska a\u00a0\u017divot, daj, aby sa ka\u017ed\u00e1 rodina<\/span><\/p>\n<p><span style=\"color: #000000;\">na zemi prostredn\u00edctvom tvojho\u00a0Syna, Je\u017ei\u0161a Krista,<\/span><\/p>\n<p><span style=\"color: #000000;\">\u201enaroden\u00e9ho zo \u017eeny\u201c\u00a0prostredn\u00edctvom Ducha\u00a0Sv\u00e4t\u00e9ho,<\/span><\/p>\n<p><span style=\"color: #000000;\">stala Prame\u0148om Bo\u017eej\u00a0l\u00e1skavosti, prav\u00fdm chr\u00e1mom<\/span><\/p>\n<p><span style=\"color: #000000;\">\u017eivota a l\u00e1sky pre st\u00e1le sa\u00a0obnovuj\u00face gener\u00e1cie.<\/span><\/p>\n<p>&nbsp;<\/p>\n<p><span style=\"color: #000000;\">Daj, aby tvoja milos\u0165 viedla\u00a0mysle a \u010diny man\u017eelov<\/span><\/p>\n<p><span style=\"color: #000000;\">k dobru ich rod\u00edn a v\u0161etk\u00fdch\u00a0rod\u00edn na svete.<\/span><\/p>\n<p>&nbsp;<\/p>\n<p><span style=\"color: #000000;\">Daj, aby mlad\u00e9 gener\u00e1cie nach\u00e1dzali v rodine siln\u00fa\u00a0oporu<\/span><\/p>\n<p><span style=\"color: #000000;\">pre svoju \u013eudskos\u0165 a svoj vzrast v pravde a\u00a0l\u00e1ske.<\/span><\/p>\n<p>&nbsp;<\/p>\n<p><span style=\"color: #000000;\">Daj, aby sa l\u00e1ska posilnen\u00e1 milos\u0165ou sviatosti\u00a0man\u017eelstva<\/span><\/p>\n<p><span style=\"color: #000000;\">uk\u00e1zala silnej\u0161ia ako ak\u00e1ko\u013evek \u013eudsk\u00e1\u00a0slabos\u0165 a ak\u00e1ko\u013evek<\/span><\/p>\n<p><span style=\"color: #000000;\">kr\u00edza, cez ktor\u00fa niekedy\u00a0prech\u00e1dzaj\u00fa na\u0161e rodiny.<\/span><\/p>\n<p>&nbsp;<\/p>\n<p><span style=\"color: #000000;\">Napokon \u0165a pros\u00edme, daj na pr\u00edhovor sv\u00e4tej\u00a0Nazaretskej rodiny,<\/span><\/p>\n<p><span style=\"color: #000000;\">aby Cirkev medzi v\u0161etk\u00fdmi\u00a0n\u00e1rodmi sveta mohla plodne<\/span><\/p>\n<p><span style=\"color: #000000;\">plni\u0165 svoju misiu v rodine\u00a0a prostredn\u00edctvom rodiny.<\/span><\/p>\n<p><span style=\"color: #000000;\">Skrze Krista, n\u00e1\u0161ho P\u00e1na, ktor\u00fd je Cesta, Pravda a<\/span><\/p>\n<p><span style=\"color: #000000;\">\u017divot na veky vekov. Amen.<\/span><\/p>\n<p>&nbsp;<\/p>\n<h5>(Spisy J\u00e1na Pavla II., 1984, zv. 7, 1. Str. 772)<\/h5>\n<p>&nbsp;<\/p>\n<p>&nbsp;<\/p>\n<p>&nbsp;<\/p>\n","protected":false},"excerpt":{"rendered":"<p>Po\u010das adventu zvykla po\u00a0na\u0161ich slovensk\u00fdch dom\u00e1cnostiach pri katol\u00edckej misii v ZH putova\u0165 \u00a0Ikona Sv. Rodiny, h\u013eadaj\u00fac v nich duchovn\u00fd pr\u00edbytok a z\u00e1zemie: \u010das na modlitbu, prijatie Bo\u017eieho Slova, prijatie a zmierenie sa s najbli\u017e\u0161\u00edmi&#8230;&#46;&#46;&#46;<\/p>\n","protected":false},"author":3,"featured_media":4338,"comment_status":"open","ping_status":"closed","sticky":false,"template":"","format":"video","meta":{"ngg_post_thumbnail":0},"categories":[24,1],"tags":[],"_links":{"self":[{"href":"https:\/\/www.skmisia.ch\/index.php?rest_route=\/wp\/v2\/posts\/4337"}],"collection":[{"href":"https:\/\/www.skmisia.ch\/index.php?rest_route=\/wp\/v2\/posts"}],"about":[{"href":"https:\/\/www.skmisia.ch\/index.php?rest_route=\/wp\/v2\/types\/post"}],"author":[{"embeddable":true,"href":"https:\/\/www.skmisia.ch\/index.php?rest_route=\/wp\/v2\/users\/3"}],"replies":[{"embeddable":true,"href":"https:\/\/www.skmisia.ch\/index.php?rest_route=%2Fwp%2Fv2%2Fcomments&post=4337"}],"version-history":[{"count":15,"href":"https:\/\/www.skmisia.ch\/index.php?rest_route=\/wp\/v2\/posts\/4337\/revisions"}],"predecessor-version":[{"id":9043,"href":"https:\/\/www.skmisia.ch\/index.php?rest_route=\/wp\/v2\/posts\/4337\/revisions\/9043"}],"wp:featuredmedia":[{"embeddable":true,"href":"https:\/\/www.skmisia.ch\/index.php?rest_route=\/wp\/v2\/media\/4338"}],"wp:attachment":[{"href":"https:\/\/www.skmisia.ch\/index.php?rest_route=%2Fwp%2Fv2%2Fmedia&parent=4337"}],"wp:term":[{"taxonomy":"category","embeddable":true,"href":"https:\/\/www.skmisia.ch\/index.php?rest_route=%2Fwp%2Fv2%2Fcategories&post=4337"},{"taxonomy":"post_tag","embeddable":true,"href":"https:\/\/www.skmisia.ch\/index.php?rest_route=%2Fwp%2Fv2%2Ftags&post=4337"}],"curies":[{"name":"wp","href":"https:\/\/api.w.org\/{rel}","templated":true}]}}