{"id":4333,"date":"2015-11-03T16:31:17","date_gmt":"2015-11-03T15:31:17","guid":{"rendered":"https:\/\/www.skmisia.ch\/?p=4333"},"modified":"2019-04-08T21:08:50","modified_gmt":"2019-04-08T20:08:50","slug":"hodnota-jesene-zivota","status":"publish","type":"post","link":"https:\/\/www.skmisia.ch\/?p=4333","title":{"rendered":"Hodnota jesene \u017eivota"},"content":{"rendered":"<p>Te\u0161\u00edm sa, ke\u010f \u00a0sa na\u0161a Slovensk\u00e1 katol\u00edcka misia vo \u0160vaj\u010diarsku ve\u013emi vzorne star\u00e1 o\u00a0rodiny a\u00a0ml\u00e1de\u017e. Mnoho zauj\u00edmav\u00fdch akci\u00ed\u00a0 sa uskuto\u010dnilo v priebehu <a href=\"https:\/\/www.skmisia.ch\/wp-content\/uploads\/2015\/11\/jesen-zivota.jpg\"><img decoding=\"async\" loading=\"lazy\" class=\"size-medium wp-image-4334 alignright\" src=\"https:\/\/www.skmisia.ch\/wp-content\/uploads\/2015\/11\/jesen-zivota-300x218.jpg\" alt=\"jesen-zivota\" width=\"300\" height=\"218\" srcset=\"https:\/\/www.skmisia.ch\/wp-content\/uploads\/2015\/11\/jesen-zivota-300x218.jpg 300w, https:\/\/www.skmisia.ch\/wp-content\/uploads\/2015\/11\/jesen-zivota.jpg 648w\" sizes=\"(max-width: 300px) 100vw, 300px\" \/><\/a>p\u00f4sobenia n\u00e1\u0161ho mision\u00e1ra otca Pavla. Sme svedkami nabitej krypty po\u010das nede\u013en\u00fdch sv\u00e4t\u00fdch om\u0161\u00ed, kde je viacej ko\u010diarov, ako star\u0161\u00edch s\u00a0pali\u010dkami.<\/p>\n<p>1.okt\u00f3ber bol \u00a0v\u00a0roku 1990 Valn\u00fdm zhroma\u017eden\u00edm Organiz\u00e1cie spojen\u00fdch n\u00e1rodov vyhl\u00e1sen\u00fd za Medzin\u00e1rodn\u00fd de\u0148 star\u0161\u00edch \u013eud\u00ed. Vo Frauenfelde som \u00a0nav\u0161t\u00edvila v\u00a0tento de\u0148 zauj\u00edmav\u00e9 podujatie a\u00a0viem, \u017ee i\u00a0na Slovensku sa prejavuje \u00facta k star\u0161\u00edm ob\u010danom r\u00f4znymi sp\u00f4sobmi a\u00a0pravdepodobne vo v\u0161etk\u00fdch obciach.<\/p>\n<p>Dnes som chcela zatelefonova\u0165 mojej dobrej slovenskej priate\u013eke, je da\u017ediv\u00fd de\u0148, \u010das vhodn\u00fd na rozhovor. Nehl\u00e1sila sa. Prekvapene som dr\u017eala telef\u00f3n v\u00a0ruke a\u00a0uva\u017eovala, \u010do sa jej prihodilo, pre\u010do vypla apar\u00e1t. Uvedomila som si, \u017ee nepozn\u00e1m nikoho z\u00a0jej susedov a\u00a0 deti som tie\u017e nechcela hne\u010f ob\u0165a\u017eova\u0165. Miesto \u017eelan\u00e9ho rozhovoru som odsko\u010dila my\u0161lienkami do minulosti. Ko\u013eko kr\u00e1snych nezabudnute\u013en\u00fdch stretnut\u00ed, mil\u00fdch rozhovorov naplnilo moju myse\u013e po\u010das kr\u00e1tkej chv\u00edle a to v\u010faka existencie na\u0161ej misii a\u00a0jej duchovn\u00e9ho otca Ban\u00edka. Takmer som\u00a0 v\u00a0spomienkach zabudla telef\u00f3n odlo\u017ei\u0165 a jeho odkazovac\u00ed t\u00f3n nepreru\u0161il album pamiatok.<\/p>\n<p>Kde s\u00fa na\u0161i slovensk\u00ed seniori vo \u0160vaj\u010diarsku, kde pre\u017e\u00edvaj\u00fa svoje jesenn\u00e9 dni, kto sa o\u00a0nich star\u00e1, kto ich nav\u0161t\u00edvi, zatelefonuje, posiln\u00ed? Ot\u00e1zky nasleduj\u00fa ako v\u00a0poradovn\u00edku.<\/p>\n<p>Moj\u00edm prian\u00edm v\u00a0tomto jesennom \u010dase je, aby sme sa ku sebe hl\u00e1sili, h\u013eadali sa, \u00a0vz\u00e1jomne si pom\u00e1hali, a \u00a0aspo\u0148 ob\u010das si spolu posedeli a\u00a0spr\u00edjemnili chv\u00edle \u017eivota. Nech sa nezopakuje \u00a0sklamanie a\u00a0nezazneje odkazovac\u00ed t\u00f3n n\u00e1sledkom vypnutia apar\u00e1tu. \u00a0Mo\u017eno sa n\u00e1m pon\u00fakne pr\u00edle\u017eitos\u0165\u00a0 \u00a0\u00a0vz\u00e1jomn\u00e9ho rozhovoru s\u00a0na\u0161imi mlad\u0161\u00edmi krajanmi.<\/p>\n<p><strong><em>Pane, Ty lep\u0161ie vie\u0161 ne\u017e ja, \u017ee zo d\u0148a na de\u0148 starnem a\u00a0jednoho d\u0148a budem star\u00fd&#8230;.<\/em><\/strong><\/p>\n","protected":false},"excerpt":{"rendered":"<p>Te\u0161\u00edm sa, ke\u010f \u00a0sa na\u0161a Slovensk\u00e1 katol\u00edcka misia vo \u0160vaj\u010diarsku ve\u013emi vzorne star\u00e1 o\u00a0rodiny a\u00a0ml\u00e1de\u017e. Mnoho zauj\u00edmav\u00fdch akci\u00ed\u00a0 sa uskuto\u010dnilo v priebehu p\u00f4sobenia n\u00e1\u0161ho mision\u00e1ra otca Pavla. Sme svedkami nabitej krypty po\u010das nede\u013en\u00fdch sv\u00e4t\u00fdch&#46;&#46;&#46;<\/p>\n","protected":false},"author":3,"featured_media":4334,"comment_status":"open","ping_status":"closed","sticky":false,"template":"","format":"standard","meta":{"ngg_post_thumbnail":0},"categories":[24,1],"tags":[],"_links":{"self":[{"href":"https:\/\/www.skmisia.ch\/index.php?rest_route=\/wp\/v2\/posts\/4333"}],"collection":[{"href":"https:\/\/www.skmisia.ch\/index.php?rest_route=\/wp\/v2\/posts"}],"about":[{"href":"https:\/\/www.skmisia.ch\/index.php?rest_route=\/wp\/v2\/types\/post"}],"author":[{"embeddable":true,"href":"https:\/\/www.skmisia.ch\/index.php?rest_route=\/wp\/v2\/users\/3"}],"replies":[{"embeddable":true,"href":"https:\/\/www.skmisia.ch\/index.php?rest_route=%2Fwp%2Fv2%2Fcomments&post=4333"}],"version-history":[{"count":1,"href":"https:\/\/www.skmisia.ch\/index.php?rest_route=\/wp\/v2\/posts\/4333\/revisions"}],"predecessor-version":[{"id":4335,"href":"https:\/\/www.skmisia.ch\/index.php?rest_route=\/wp\/v2\/posts\/4333\/revisions\/4335"}],"wp:featuredmedia":[{"embeddable":true,"href":"https:\/\/www.skmisia.ch\/index.php?rest_route=\/wp\/v2\/media\/4334"}],"wp:attachment":[{"href":"https:\/\/www.skmisia.ch\/index.php?rest_route=%2Fwp%2Fv2%2Fmedia&parent=4333"}],"wp:term":[{"taxonomy":"category","embeddable":true,"href":"https:\/\/www.skmisia.ch\/index.php?rest_route=%2Fwp%2Fv2%2Fcategories&post=4333"},{"taxonomy":"post_tag","embeddable":true,"href":"https:\/\/www.skmisia.ch\/index.php?rest_route=%2Fwp%2Fv2%2Ftags&post=4333"}],"curies":[{"name":"wp","href":"https:\/\/api.w.org\/{rel}","templated":true}]}}