{"id":4329,"date":"2015-10-27T18:17:47","date_gmt":"2015-10-27T17:17:47","guid":{"rendered":"https:\/\/www.skmisia.ch\/?p=4329"},"modified":"2019-04-08T21:08:50","modified_gmt":"2019-04-08T20:08:50","slug":"kolokvium-o-posobeni-o-antona-banika-vo-svajciarsku","status":"publish","type":"post","link":"https:\/\/www.skmisia.ch\/?p=4329","title":{"rendered":"Kolokvium o p\u00f4soben\u00ed o. Antona Ban\u00edka vo \u0160vaj\u010diarsku"},"content":{"rendered":"<p style=\"text-align: center;\"><strong>Klub priate\u013eov otca Ban\u00edka<\/strong><\/p>\n<p style=\"text-align: center;\">Srde\u010dne V\u00e1s poz\u00fdvame d\u0148a 29.10.2015 (\u0161tvrtok)<\/p>\n<p style=\"text-align: center;\">o\u00a015.30 hod.<\/p>\n<p style=\"text-align: center;\"><strong>Kolokvium o p\u00f4soben\u00ed o. Antona Ban\u00edka vo \u0160vaj\u010diarsku<\/strong><\/p>\n<p style=\"text-align: center;\">\n<p style=\"text-align: center;\">Strojn\u00edcka fakulta STU, N\u00e1m. slobody 17, Bratislava, III. poschodie, m.\u010d. 314<\/p>\n<p style=\"text-align: center;\">schodi\u0161te stred, III. poschodie, vpravo 10 m<\/p>\n<p>&nbsp;<\/p>\n<p>Mil\u00ed priatelia,<\/p>\n<p>&nbsp;<\/p>\n<p>srde\u010dne V\u00e1s poz\u00fdvame d\u0148a 29.10.2015 (\u0161tvrtok)\u00a0 o\u00a015.30 hod. na Strojn\u00edckej fakulte STU, N\u00e1m. slobody 17, m.\u010d. 314, III. Poschodie, \u00a0\u00a0na \u010fal\u0161iu predn\u00e1\u0161ku z\u00a0cyklu Nezn\u00e1me osobnosti, tentoraz venovan\u00fa \u017eivotu a pr\u00e1ci mision\u00e1ra otca Anton\u00edna Ban\u00edka SDB\u00a0vo \u0160vaj\u010diarsku. \u00a0\u00a0\u00a0Otec\u00a0Anton\u00edn\u00a0Ban\u00edk zasv\u00e4til cel\u00fd svoj akt\u00edvny \u017eivot misijnej \u010dinnosti a podarilo sa mu vytvori\u0165 a\u00a0vybudova\u0165 najsilnej\u0161iu Slovensk\u00fa katol\u00edcku misiu\u00a0na\u00a0svete.<\/p>\n<p>Na kolokviu vyst\u00fapia so svojou predn\u00e1\u0161kou: profesor Milan S. \u010eurica, arcibiskup J\u00e1n Sokol, o.p. Jozef Gibala, Salezi\u00e1nsky dom, Galanta-Hody, Ing. Mari\u00e1n \u0160uran.<\/p>\n<p>S\u00fa\u010dasne chceme zdvorilo po\u017eiada\u0165 \u00a0pozvan\u00fdch host\u00ed, ktor\u00ed otca Ban\u00edka osobne poznali o kr\u00e1tku autentick\u00fa spomienku na obohatenie danej t\u00e9my formou pr\u00edspevku.<\/p>\n<p>&nbsp;<\/p>\n<p>Prednesom po\u00e9zie pod\u013ea vlastn\u00e9ho v\u00fdberu obohat\u00ed na\u0161e stretnutie\u00a0 vynikaj\u00faca here\u010dka<\/p>\n<p>a recit\u00e1torka pani <strong>Evi\u010dka Krist\u00ednov\u00e1<\/strong>.<\/p>\n","protected":false},"excerpt":{"rendered":"<p>Klub priate\u013eov otca Ban\u00edka Srde\u010dne V\u00e1s poz\u00fdvame d\u0148a 29.10.2015 (\u0161tvrtok) o\u00a015.30 hod. Kolokvium o p\u00f4soben\u00ed o. Antona Ban\u00edka vo \u0160vaj\u010diarsku Strojn\u00edcka fakulta STU, N\u00e1m. slobody 17, Bratislava, III. poschodie, m.\u010d. 314 schodi\u0161te stred, III.&#46;&#46;&#46;<\/p>\n","protected":false},"author":3,"featured_media":3991,"comment_status":"open","ping_status":"closed","sticky":false,"template":"","format":"standard","meta":{"ngg_post_thumbnail":0},"categories":[24,1],"tags":[],"_links":{"self":[{"href":"https:\/\/www.skmisia.ch\/index.php?rest_route=\/wp\/v2\/posts\/4329"}],"collection":[{"href":"https:\/\/www.skmisia.ch\/index.php?rest_route=\/wp\/v2\/posts"}],"about":[{"href":"https:\/\/www.skmisia.ch\/index.php?rest_route=\/wp\/v2\/types\/post"}],"author":[{"embeddable":true,"href":"https:\/\/www.skmisia.ch\/index.php?rest_route=\/wp\/v2\/users\/3"}],"replies":[{"embeddable":true,"href":"https:\/\/www.skmisia.ch\/index.php?rest_route=%2Fwp%2Fv2%2Fcomments&post=4329"}],"version-history":[{"count":1,"href":"https:\/\/www.skmisia.ch\/index.php?rest_route=\/wp\/v2\/posts\/4329\/revisions"}],"predecessor-version":[{"id":4330,"href":"https:\/\/www.skmisia.ch\/index.php?rest_route=\/wp\/v2\/posts\/4329\/revisions\/4330"}],"wp:featuredmedia":[{"embeddable":true,"href":"https:\/\/www.skmisia.ch\/index.php?rest_route=\/wp\/v2\/media\/3991"}],"wp:attachment":[{"href":"https:\/\/www.skmisia.ch\/index.php?rest_route=%2Fwp%2Fv2%2Fmedia&parent=4329"}],"wp:term":[{"taxonomy":"category","embeddable":true,"href":"https:\/\/www.skmisia.ch\/index.php?rest_route=%2Fwp%2Fv2%2Fcategories&post=4329"},{"taxonomy":"post_tag","embeddable":true,"href":"https:\/\/www.skmisia.ch\/index.php?rest_route=%2Fwp%2Fv2%2Ftags&post=4329"}],"curies":[{"name":"wp","href":"https:\/\/api.w.org\/{rel}","templated":true}]}}