{"id":4310,"date":"2017-10-08T08:30:57","date_gmt":"2017-10-08T07:30:57","guid":{"rendered":"https:\/\/www.skmisia.ch\/?p=4310"},"modified":"2019-04-08T21:08:47","modified_gmt":"2019-04-08T20:08:47","slug":"milion-deti-sa-modli-ruzenec","status":"publish","type":"post","link":"https:\/\/www.skmisia.ch\/?p=4310","title":{"rendered":"Mili\u00f3n det\u00ed sa modl\u00ed ru\u017eenec"},"content":{"rendered":"<p><a href=\"https:\/\/www.skmisia.ch\/wp-content\/uploads\/2015\/10\/modlitba_za_mier.jpg\" target=\"_blank\" rel=\"noopener noreferrer\"><img decoding=\"async\" loading=\"lazy\" class=\"size-medium wp-image-4311 alignright\" src=\"https:\/\/www.skmisia.ch\/wp-content\/uploads\/2015\/10\/modlitba_za_mier-208x300.jpg\" alt=\"modlitba_za_mier\" width=\"208\" height=\"300\" srcset=\"https:\/\/www.skmisia.ch\/wp-content\/uploads\/2015\/10\/modlitba_za_mier-208x300.jpg 208w, https:\/\/www.skmisia.ch\/wp-content\/uploads\/2015\/10\/modlitba_za_mier.jpg 605w\" sizes=\"(max-width: 208px) 100vw, 208px\" \/><\/a><span style=\"color: #333333;\">Aj tento rok sa m\u00f4\u017eu deti spoji\u0165 v modlitbe, kdeko\u013evek sa nach\u00e1dzaj\u00fa \u2013 <strong>18. okt\u00f3bra o 9.00<\/strong>.<\/span><\/p>\n<p><span style=\"color: #333333;\"><em>V posledn\u00fdch rokoch zapojen\u00ed sved\u010dia o sile detskej modlitby, o radosti det\u00ed a hlbokom duchovnom z\u00e1\u017eitku, ktor\u00fd zanechala ich modlitba u dospel\u00fdch spolupracovn\u00edkov v mnoh\u00fdch \u0161kol\u00e1ch a skupin\u00e1ch na celom svete.<\/em><\/span><\/p>\n<p><span style=\"color: #333333;\">Mil\u00e9 deti, mo\u017eno si spom\u00ednate na n\u00e1\u0161 vla\u0148aj\u0161\u00ed list. V \u0148om sme V\u00e1m povedali, \u017ee ka\u017ed\u00fd z n\u00e1s m\u00e1 aj nebesk\u00fa Mamu, ktor\u00e1 ho bezhrani\u010dne miluje a ktor\u00e1 ho chr\u00e1ni a vedie. Sta\u010d\u00ed, aby sme jej d\u00f4verovali. T\u00e1to mama sa vol\u00e1 M\u00e1ria a je matkou Je\u017ei\u0161a. Dnes V\u00e1m chcem porozpr\u00e1va\u0165 jeden skuto\u010dn\u00fd pr\u00edbeh. Stal sa pred sto rokmi v Portugalsku, v malej dedinke, ktor\u00e1 sa vol\u00e1 Fatima. Stal sa naozaj tak, ako V\u00e1m ho rozpoviem. Tak sa teda dobre s\u00fastre\u010fte!<\/span><\/p>\n<h5><span style=\"color: #666699;\"><em><a href=\"https:\/\/www.skmisia.ch\/wp-content\/uploads\/2017\/09\/million-mother.png\"><img decoding=\"async\" loading=\"lazy\" class=\" wp-image-7816 alignleft\" src=\"https:\/\/www.skmisia.ch\/wp-content\/uploads\/2017\/09\/million-mother.png\" alt=\"\" width=\"239\" height=\"239\" srcset=\"https:\/\/www.skmisia.ch\/wp-content\/uploads\/2017\/09\/million-mother.png 300w, https:\/\/www.skmisia.ch\/wp-content\/uploads\/2017\/09\/million-mother-150x150.png 150w, https:\/\/www.skmisia.ch\/wp-content\/uploads\/2017\/09\/million-mother-160x160.png 160w\" sizes=\"(max-width: 239px) 100vw, 239px\" \/><\/a>Bolo to v nede\u013eu 13. m\u00e1ja 1917. Franti\u0161ek mal vtedy dev\u00e4\u0165 rokov. Spolu so svojou sedemro\u010dnou sestrou Hyacintou p\u00e1sli ovce. Ich sesternica Lucia mala u\u017e desa\u0165 rokov. Radi sa s \u0148ou hr\u00e1vali a aj v tento de\u0148 si spolo\u010dne postavili m\u00farik okolo kr\u00edka. Zrazu v\u0161ak uvideli nie\u010do ako blesk. Mysleli si, \u017ee asi pr\u00edde b\u00farka a za\u010dali hna\u0165 ovce k ceste. Chceli sa s nimi vr\u00e1ti\u0165 domov sk\u00f4r, ne\u017e za\u010dne pr\u0161a\u0165. Ke\u010f zostupovali po svahu, zazreli \u010fal\u0161\u00ed blesk. Vtedy v\u0161etci traja zbadali nad men\u0161\u00edm dubom kr\u00e1snu Paniu oble\u010den\u00fa v bielych \u0161at\u00e1ch, \u017eiariacu viac ne\u017e slnko.<\/em><\/span><\/h5>\n<h5><span style=\"color: #666699;\"><em>Pani povedala Lucii: \u201eNebojte sa! Neubl\u00ed\u017eim v\u00e1m.\u201c Lucia sa jej sp\u00fdtala: \u201eOdkia\u013e prich\u00e1dzate?\u201c Predstavte si, \u010do im Pani odpovedala: \u201ePrich\u00e1dzam z neba.\u201c Lucia bola, samozrejme, prekvapen\u00e1 a chcela vedie\u0165 viac: \u201eA \u010do si od n\u00e1s prajete?\u201c \u017diariaca Pani ju vz\u00e1p\u00e4t\u00ed po\u017eiadala, aby na to miesto prich\u00e1dzali po \u0161es\u0165 nasleduj\u00facich mesiacov, v\u017edy trin\u00e1steho d\u0148a, lebo im ozn\u00e1mi nie\u010do ve\u013emi d\u00f4le\u017eit\u00e9. Pr\u00e1ve vtedy z\u00farila prv\u00e1 svetov\u00e1 vojna a v\u0161etci \u013eudia si priali mier. Sk\u00f4r ako sa kr\u00e1sna Pani vr\u00e1tila do neba, poprosila deti: <span style=\"color: #333333;\">\u201eModlite sa ka\u017ed\u00fd de\u0148 ru\u017eenec, aby ste vyprosili svetu mier a koniec vojny!\u201c<\/span><\/em><\/span><\/h5>\n<h5><span style=\"color: #666699;\"><em>Bola to neuverite\u013en\u00e1 udalos\u0165. Deti by boli najrad\u0161ej v\u0161etk\u00fdm hne\u010f porozpr\u00e1vali, \u010do za\u017eili, ale mysleli si, \u017ee dospel\u00ed by im ur\u010dite len tak neuverili. A tak aj bolo. Rodi\u010dia si mysleli, \u017ee ich deti si tento pr\u00edbeh len vymysleli, aby sa urobili d\u00f4le\u017eit\u00e9. Preto ich dokonca potrestali. Ale kr\u00e1sna Pani dodr\u017eala svoj s\u013eub a vr\u00e1tila sa. Povedala de\u0165om, kto je: Panna M\u00e1ria. Prosila ich, aby sa ka\u017ed\u00fd de\u0148 verne modlili ru\u017eenec, preto\u017ee tak m\u00f4\u017eu porazi\u0165 zlo vo svete. Potom im prezradila, ako jej m\u00f4\u017eu svojimi obetami pom\u00f4c\u0165, aby sa \u013eudia obr\u00e1tili a boli dobr\u00ed. V\u017edy, ke\u010f ich nie\u010do bol\u00ed, alebo ke\u010f maj\u00fa urobi\u0165 nie\u010do, \u010do nemaj\u00fa rady, maj\u00fa poveda\u0165:<\/em><\/span><\/h5>\n<h5><span style=\"color: #333333;\"><em>\u201eJe\u017ei\u0161u, rob\u00edm to z l\u00e1sky k tebe, za obr\u00e1tenie hrie\u0161nikov a ako zmierenie za hriechy vo\u010di Nepo\u0161kvrnen\u00e9mu Srdcu Panny M\u00e1rie.\u201c<\/em><\/span><\/h5>\n<h5><span style=\"color: #666699;\"><em>Tri deti verne robili, ako ich to Bo\u017eia Matka nau\u010dila a boli pritom ve\u013emi \u0161\u0165astn\u00e9! Panna M\u00e1ria zjavila de\u0165om, ako m\u00f4\u017eu zachr\u00e1ni\u0165 svet od vojny a ne\u0161\u0165astia. Vysvetlila im z\u00e1chrann\u00fd Bo\u017e\u00ed pl\u00e1n a tento pl\u00e1n plat\u00ed i dnes rovnako ako pred sto rokmi. To je d\u00f4vod, pre\u010do V\u00e1m rozpr\u00e1vam tento pr\u00edbeh. Aj Vy ste pre Bo\u017eiu Matku a pre cel\u00fd svet ve\u013emi d\u00f4le\u017eit\u00e9. Predstavte si, \u017ee Franti\u0161ek a Hyacinta sa dokonca stali sv\u00e4t\u00fdmi, preto\u017ee zo v\u0161etk\u00fdch s\u00edl robili to, \u010do si od nich priala Panna M\u00e1ria:<\/em><\/span><\/h5>\n<h5><span style=\"color: #333333;\"><em>modlili sa ru\u017eenec a prin\u00e1\u0161ali obety z l\u00e1sky k Je\u017ei\u0161ovi.<\/em><\/span><\/h5>\n<h5><span style=\"color: #666699;\"><em>Ak v\u0161etci budeme robi\u0165 tak ako oni, prispejeme k tomu, \u017ee zlo bude porazen\u00e9, skon\u010dia vojny a \u017ee sa u\u017e na tejto zemi pribl\u00ed\u017eime k raju. A \u017ee je to naozaj tak, pris\u013eubuje sama Panna M\u00e1ria: <span style=\"color: #333333;\">\u201eAk \u013eudia urobia, \u010do im poviem, bude mier.\u201c<\/span><\/em><\/span><\/h5>\n<p><a href=\"https:\/\/www.skmisia.ch\/wp-content\/uploads\/2017\/09\/Fatima-children.jpg\" target=\"_blank\" rel=\"noopener noreferrer\"><img decoding=\"async\" loading=\"lazy\" class=\"aligncenter wp-image-7817 size-full\" src=\"https:\/\/www.skmisia.ch\/wp-content\/uploads\/2017\/09\/Fatima-children.jpg\" alt=\"\" width=\"371\" height=\"412\" srcset=\"https:\/\/www.skmisia.ch\/wp-content\/uploads\/2017\/09\/Fatima-children.jpg 371w, https:\/\/www.skmisia.ch\/wp-content\/uploads\/2017\/09\/Fatima-children-270x300.jpg 270w\" sizes=\"(max-width: 371px) 100vw, 371px\" \/><\/a><\/p>\n","protected":false},"excerpt":{"rendered":"<p>Aj tento rok sa m\u00f4\u017eu deti spoji\u0165 v modlitbe, kdeko\u013evek sa nach\u00e1dzaj\u00fa \u2013 18. okt\u00f3bra o 9.00. V posledn\u00fdch rokoch zapojen\u00ed sved\u010dia o sile detskej modlitby, o radosti det\u00ed a hlbokom duchovnom z\u00e1\u017eitku, ktor\u00fd&#46;&#46;&#46;<\/p>\n","protected":false},"author":3,"featured_media":4311,"comment_status":"open","ping_status":"closed","sticky":false,"template":"","format":"standard","meta":{"ngg_post_thumbnail":0},"categories":[24,1],"tags":[],"_links":{"self":[{"href":"https:\/\/www.skmisia.ch\/index.php?rest_route=\/wp\/v2\/posts\/4310"}],"collection":[{"href":"https:\/\/www.skmisia.ch\/index.php?rest_route=\/wp\/v2\/posts"}],"about":[{"href":"https:\/\/www.skmisia.ch\/index.php?rest_route=\/wp\/v2\/types\/post"}],"author":[{"embeddable":true,"href":"https:\/\/www.skmisia.ch\/index.php?rest_route=\/wp\/v2\/users\/3"}],"replies":[{"embeddable":true,"href":"https:\/\/www.skmisia.ch\/index.php?rest_route=%2Fwp%2Fv2%2Fcomments&post=4310"}],"version-history":[{"count":12,"href":"https:\/\/www.skmisia.ch\/index.php?rest_route=\/wp\/v2\/posts\/4310\/revisions"}],"predecessor-version":[{"id":7818,"href":"https:\/\/www.skmisia.ch\/index.php?rest_route=\/wp\/v2\/posts\/4310\/revisions\/7818"}],"wp:featuredmedia":[{"embeddable":true,"href":"https:\/\/www.skmisia.ch\/index.php?rest_route=\/wp\/v2\/media\/4311"}],"wp:attachment":[{"href":"https:\/\/www.skmisia.ch\/index.php?rest_route=%2Fwp%2Fv2%2Fmedia&parent=4310"}],"wp:term":[{"taxonomy":"category","embeddable":true,"href":"https:\/\/www.skmisia.ch\/index.php?rest_route=%2Fwp%2Fv2%2Fcategories&post=4310"},{"taxonomy":"post_tag","embeddable":true,"href":"https:\/\/www.skmisia.ch\/index.php?rest_route=%2Fwp%2Fv2%2Ftags&post=4310"}],"curies":[{"name":"wp","href":"https:\/\/api.w.org\/{rel}","templated":true}]}}