{"id":4303,"date":"2015-10-13T14:06:19","date_gmt":"2015-10-13T13:06:19","guid":{"rendered":"https:\/\/www.skmisia.ch\/?p=4303"},"modified":"2019-04-08T21:08:50","modified_gmt":"2019-04-08T20:08:50","slug":"list-svateho-otca-frantiska-ktorym-sa-udeluju-odpustky-pri-prilezitosti-mimoriadneho-svateho-roku-milosrdenstva","status":"publish","type":"post","link":"https:\/\/www.skmisia.ch\/?p=4303","title":{"rendered":"List Sv\u00e4t\u00e9ho Otca Franti\u0161ka, ktor\u00fdm sa ude\u013euj\u00fa odpustky pri pr\u00edle\u017eitosti mimoriadneho Sv\u00e4t\u00e9ho roku milosrdenstva"},"content":{"rendered":"<div>Cten\u00e9mu bratovi Mons. Rinovi Fisichellovi,<\/div>\n<div>predsedovi P\u00e1pe\u017eskej rady na podporu novej evanjeliz\u00e1cie.<\/div>\n<div><\/div>\n<div>Bl\u00edzkos\u0165 mimoriadneho Sv\u00e4t\u00e9ho roku milosrdenstva mi dovo\u013euje, aby som sa zameral na p\u00e1r bodov, ktor\u00e9 sa mi zdaj\u00fa d\u00f4le\u017eit\u00e9, lebo umo\u017enia, aby sa sl\u00e1venie sv\u00e4t\u00e9ho roku pre v\u0161etk\u00fdch veriacich stalo opravdiv\u00fdm momentom stretnutia s Bo\u017e\u00edm milosrdenstvom. Mojou t\u00fa\u017ebou je, aby bolo jubileum \u017eiv\u00fdm zak\u00fasen\u00edm Otcovej bl\u00edzkosti, bezprostredn\u00fdm, priam rukolapn\u00fdm dotykom s jeho ne\u017enos\u0165ou, ktor\u00fd upevn\u00ed vieru ka\u017ed\u00e9ho veriaceho a urob\u00ed jeho svedectvo \u00fa\u010dinnej\u0161\u00edm.<\/div>\n<div><\/div>\n<div><\/div>\n<div>Moje my\u0161lienky smeruj\u00fa v prvom rade k v\u0161etk\u00fdm veriacim, ktor\u00ed bud\u00fa pre\u017e\u00edva\u0165 milos\u0165 sv\u00e4t\u00e9ho roku \u010di u\u017e v jednotliv\u00fdch diec\u00e9zach alebo ako p\u00fatnici v R\u00edme. \u017del\u00e1m si, aby sa odpustky sv\u00e4t\u00e9ho roku pre ka\u017ed\u00e9ho stali skuto\u010dn\u00fdm z\u00e1\u017eitkom Bo\u017eieho milosrdenstva, ktor\u00e9 v\u0161etk\u00fdm vych\u00e1dza v \u00fastrety s tv\u00e1rou Otca, ktor\u00fd prij\u00edma a odp\u00fa\u0161\u0165a, a \u00faplne zab\u00fada na \u00a0sp\u00e1chan\u00fd hriech. Aby veriaci mohli za\u017ei\u0165 a dosiahnu\u0165 odpustky musia na znak hlbokej t\u00fa\u017eby po opravdivom obr\u00e1ten\u00ed uskuto\u010dni\u0165 kr\u00e1tku p\u00fa\u0165 k sv\u00e4tej br\u00e1ne, ktor\u00e1 \u00a0bude otvoren\u00e1 na ka\u017edej katedr\u00e1le alebo na kostole, ktor\u00fd ur\u010d\u00ed diec\u00e9zny biskup, a tie\u017e na \u0161tyroch p\u00e1pe\u017esk\u00fdch bazilik\u00e1ch v R\u00edme. Taktie\u017e stanovujem, \u017ee bude mo\u017en\u00e9 z\u00edska\u0165 odpustky vo sv\u00e4tyniach, kde bude otvoren\u00e1 br\u00e1na milosrdenstva, a v kostoloch tradi\u010dne pova\u017eovan\u00fdch za milostiv\u00e9. Je d\u00f4le\u017eit\u00e9, aby bol moment z\u00edskania odpustkov spojen\u00fd predov\u0161etk\u00fdm so sviatos\u0165ou zmierenia a so sl\u00e1ven\u00edm Eucharistie, zahrnuj\u00facim reflexiu nad milosrdenstvom. Bude nutn\u00e9, aby boli tieto sl\u00e1ven\u00e9 sviatosti spojen\u00e9 s vyznan\u00edm viery a s modlitbou za m\u0148a a za \u00famysly, ktor\u00e9 nos\u00edm v srdci na dobro Cirkvi a cel\u00e9ho sveta.<\/div>\n<div><\/div>\n<div><\/div>\n<div>Okrem toho mysl\u00edm aj na t\u00fdch, \u010do z rozli\u010dn\u00fdch d\u00f4vodov nem\u00f4\u017eu pr\u00eds\u0165 k sv\u00e4tej br\u00e1ne \u2013 predov\u0161etk\u00fdm na chor\u00fdch, star\u00fdch a opusten\u00fdch, ktor\u00ed \u010dasto nie s\u00fa schopn\u00ed vyjs\u0165 z domova. Pre nich bude ve\u013ekou pomocou, ak bud\u00fa pre\u017e\u00edva\u0165 chorobu a utrpenie ako zak\u00fa\u0161anie bl\u00edzkosti P\u00e1na, ktor\u00fd v tajomstve svojho utrpenia, svojej smrti a zm\u0155tvychvstania uk\u00e1zal kr\u00e1\u013eovsk\u00fa cestu, ako da\u0165 bolesti a osamelosti zmysel. Ich cestou, ako z\u00edska\u0165 odpustky sv\u00e4t\u00e9ho roku, bude pre\u017e\u00edvanie tohto okamihu sk\u00fa\u0161ky s vierou a s radostnou n\u00e1dejou, prij\u00edmaj\u00fac Eucharistiu alebo z\u00fa\u010dast\u0148uj\u00fac sa na sv\u00e4tej om\u0161i a spolo\u010dnej modlitbe \u2013 aj prostredn\u00edctvom r\u00f4znych komunika\u010dn\u00fdch prostriedkov.<\/div>\n<div><\/div>\n<div><\/div>\n<div>Moje my\u0161lienky sa uberaj\u00fa aj k v\u00e4z\u0148om, ktor\u00fdch sloboda je obmedzen\u00e1. Sv\u00e4t\u00fd rok v\u017edy bol pr\u00edle\u017eitos\u0165ou na rozsiahlu amnestiu ur\u010den\u00fa t\u00fdm, ktor\u00ed si s\u00edce zasl\u00fa\u017eili trest, no uvedomili si sp\u00e1chan\u00fa nepr\u00e1vos\u0165 a \u00faprimne si \u017eelaj\u00fa znova sa za\u010dleni\u0165 do spolo\u010dnosti a prinies\u0165 do nej svoj poctiv\u00fd vklad. T\u00edto v\u0161etci m\u00f4\u017eu konkr\u00e9tne dosiahnu\u0165 milosrdenstvo Otca, ktor\u00fd chce by\u0165 bl\u00edzko t\u00fdch, \u010do najviac potrebuj\u00fa jeho odpustenie. M\u00f4\u017eu z\u00edska\u0165 odpustky vo v\u00e4zensk\u00fdch kaplnk\u00e1ch a tie\u017e zaka\u017ed\u00fdm, ke\u010f prejd\u00fa br\u00e1nu svojej cely a obr\u00e1tia sa my\u0161lienkou a modlitbou na Boha Otca. Toto gesto m\u00f4\u017ee pre nich znamena\u0165 prechod sv\u00e4tou br\u00e1nou, preto\u017ee Bo\u017eie milosrdenstvo, ktor\u00e9 dok\u00e1\u017ee premie\u0148a\u0165 srdcia, dok\u00e1\u017ee premeni\u0165 aj mre\u017ee na sk\u00fasenos\u0165 slobody.<\/div>\n<div><\/div>\n<div><\/div>\n<div>\u017delal som si, aby Cirkev v tomto milostivom \u010dase znovu objavila bohatstvo obsiahnut\u00e9 v dielach telesn\u00e9ho i duchovn\u00e9ho milosrdenstva. Sk\u00fasenos\u0165 milosrdenstva sa toti\u017e st\u00e1va vidite\u013enou skrze svedectvo konkr\u00e9tnych znamen\u00ed, ako n\u00e1s to u\u010dil s\u00e1m Je\u017ei\u0161. Zaka\u017ed\u00fdm, ke\u010f veriaci s\u00e1m vykon\u00e1 jeden alebo viac tak\u00fdchto skutkov, ur\u010dite dosiahne odpustky sv\u00e4t\u00e9ho roku. Z toho plynie povinnos\u0165 \u017ei\u0165 z milosrdenstva, ak chceme dosiahnu\u0165 \u00fapln\u00e9 a v\u0161etko zah\u0155\u0148aj\u00face odpustky z moci Otcovej l\u00e1sky, ktor\u00e1 nikoho nevylu\u010duje. Ide tu predov\u0161etk\u00fdm o \u00fapln\u00e9 odpustky sv\u00e4t\u00e9ho roku, ktor\u00e9 s\u00fa ovoc\u00edm samotnej tejto udalosti, sl\u00e1venej a pre\u017e\u00edvanej s vierou, n\u00e1dejou a l\u00e1skou.<\/div>\n<div><\/div>\n<div>A kone\u010dne odpustky sv\u00e4t\u00e9ho roku m\u00f4\u017eu dosiahnu\u0165 aj t\u00ed, ktor\u00ed zomreli. S nimi sme spojen\u00ed cez svedectvo viery a l\u00e1sky, ktor\u00e9 n\u00e1m zanechali. Tak, ako si ich pripom\u00edname pri sl\u00e1ven\u00ed Eucharistie, takisto sa m\u00f4\u017eeme za nich modli\u0165 vo ve\u013ekom tajomstve spolo\u010denstva sv\u00e4t\u00fdch, aby ich milosrdn\u00e1 Otcova tv\u00e1r oslobodila od ka\u017edej stopy viny a aby ich pritiahla k sebe do bla\u017eenosti bez konca.<\/div>\n<div><\/div>\n<div><\/div>\n<div>Jedn\u00fdm z v\u00e1\u017enych probl\u00e9mov na\u0161ej doby je zaiste zmenen\u00fd postoj k \u017eivotu. Ve\u013emi je roz\u0161\u00edren\u00e1 mentalita, z ktorej sa vytratila n\u00e1le\u017eit\u00e1 osobn\u00e1 i spolo\u010densk\u00e1 citlivos\u0165 vo\u010di prijatiu nov\u00e9ho \u017eivota. Trag\u00e9diu potratu niektor\u00ed pre\u017e\u00edvaj\u00fa len povrchne, akoby si neuvedomovali obrovsk\u00e9 zlo, ktor\u00e9 tak\u00fdto skutok v sebe nesie. In\u00ed v\u0161ak, naopak, pre\u017e\u00edvaj\u00fa tento moment ako por\u00e1\u017eku, hoci si myslia, \u017ee nemaj\u00fa in\u00fa cestu. Zvl\u00e1\u0161\u0165 mysl\u00edm na v\u0161etky \u017eeny, ktor\u00e9 podst\u00fapili potrat. Dobre viem, pod ak\u00fdm tlakom urobili toto rozhodnutie. Viem, \u017ee ide o \u017eivotn\u00fa i mor\u00e1lnu trag\u00e9diu. Stretol som to\u013ek\u00e9 \u017eeny, ktor\u00e9 nosili v srdci jazvu po tomto prekonanom a bolestnom rozhodnut\u00ed. To, \u010do sa stalo, je hlboko nespr\u00e1vne; je mo\u017en\u00e9 nestrati\u0165 n\u00e1dej, av\u0161ak len vtedy, ak to v celej pravde pochop\u00edme. Bo\u017eie odpustenie nie je mo\u017en\u00e9 odoprie\u0165 nikomu, kto \u013eutuje, najm\u00e4 ak s \u00faprimn\u00fdm srdcom prist\u00fapi k sviatostnej spovedi, aby dosiahol zmierenie s Otcom. Aj z tohto d\u00f4vodu som sa rozhodol udeli\u0165 v\u0161etk\u00fdm k\u0148azom \u2013 bez oh\u013eadu na ak\u00e9ko\u013evek in\u00e9 odli\u0161n\u00e9 nariadenie \u2013 po\u010das sv\u00e4t\u00e9ho roka fakultu: da\u0165 rozhre\u0161enie od hriechu potratu v\u0161etk\u00fdm, ktor\u00ed sa ho dopustili, a s kaj\u00facim srdcom prosia o odpustenie. K\u0148azi nech sa pripravia na t\u00fato ve\u013ek\u00fa \u00falohu, aby vedeli pripoji\u0165 slov\u00e1 \u00faprimn\u00e9ho prijatia spolu s my\u0161lienkami, ktor\u00e9 pom\u00f4\u017eu kaj\u00facnikom pochopi\u0165 sp\u00e1chan\u00fd hriech. Rovnako im maj\u00fa uk\u00e1za\u0165 cestu skuto\u010dn\u00e9ho obr\u00e1tenia, aby dok\u00e1zali pochopi\u0165 ozajstn\u00e9 a ve\u013ekodu\u0161n\u00e9 odpustenie Otca, ktor\u00fd svojou pr\u00edtomnos\u0165ou v\u0161etko obnovuje.<\/div>\n<div><\/div>\n<div><\/div>\n<div>Posledn\u00e9 zamyslenie venujem veriacim, ktor\u00ed z rozli\u010dn\u00fdch d\u00f4vodov nav\u0161tevuj\u00fa kostoly spravovan\u00e9 k\u0148azmi z Bratstva sv. Pia X. V tomto Sv\u00e4tom roku milosrdenstva nechcem nikoho vyl\u00fa\u010di\u0165. Z rozli\u010dn\u00fdch str\u00e1n mi spolubratia biskupi referovali o spr\u00e1vnej viere a sviatostnej praxi t\u00fdchto veriacich, ktor\u00e1 je v\u0161ak spojen\u00e1 s nev\u00fdhodou, \u017ee \u017eij\u00fa v pastora\u010dne \u0165a\u017ekej situ\u00e1cii. D\u00fafam, \u017ee v bl\u00edzkej bud\u00facnosti sa n\u00e1jdu rie\u0161enia ako nadobudn\u00fa\u0165 pln\u00e9 spolo\u010denstvo s k\u0148azmi a predstaven\u00fdmi tohto bratstva. Dovtedy, veden\u00fd potrebou postara\u0165 sa o dobro t\u00fdchto veriacich, zo svojho vlastn\u00e9ho rozhodnutia ustanovujem, \u017ee t\u00ed, ktor\u00ed po\u010das Sv\u00e4t\u00e9ho roku milosrdenstva prist\u00fapia k sviatosti zmierenia u k\u0148azov Bratstva sv. Pia X., prijm\u00fa rozhre\u0161enie od svojich hriechov platne a dovolene.<\/div>\n<div><\/div>\n<div><\/div>\n<div>D\u00fafaj\u00fac v pr\u00edhovor Matky milosrdenstva, zverujem pr\u00edpravu tohto mimoriadneho sv\u00e4t\u00e9ho roku do jej ochrany.<\/div>\n<div>Vo Vatik\u00e1ne 1. septembra 2015<\/div>\n<div>Franti\u0161ek<\/div>\n","protected":false},"excerpt":{"rendered":"<p>Cten\u00e9mu bratovi Mons. Rinovi Fisichellovi, predsedovi P\u00e1pe\u017eskej rady na podporu novej evanjeliz\u00e1cie. Bl\u00edzkos\u0165 mimoriadneho Sv\u00e4t\u00e9ho roku milosrdenstva mi dovo\u013euje, aby som sa zameral na p\u00e1r bodov, ktor\u00e9 sa mi zdaj\u00fa d\u00f4le\u017eit\u00e9, lebo umo\u017enia, aby&#46;&#46;&#46;<\/p>\n","protected":false},"author":3,"featured_media":4304,"comment_status":"open","ping_status":"closed","sticky":false,"template":"","format":"standard","meta":{"ngg_post_thumbnail":0},"categories":[24,1],"tags":[],"_links":{"self":[{"href":"https:\/\/www.skmisia.ch\/index.php?rest_route=\/wp\/v2\/posts\/4303"}],"collection":[{"href":"https:\/\/www.skmisia.ch\/index.php?rest_route=\/wp\/v2\/posts"}],"about":[{"href":"https:\/\/www.skmisia.ch\/index.php?rest_route=\/wp\/v2\/types\/post"}],"author":[{"embeddable":true,"href":"https:\/\/www.skmisia.ch\/index.php?rest_route=\/wp\/v2\/users\/3"}],"replies":[{"embeddable":true,"href":"https:\/\/www.skmisia.ch\/index.php?rest_route=%2Fwp%2Fv2%2Fcomments&post=4303"}],"version-history":[{"count":4,"href":"https:\/\/www.skmisia.ch\/index.php?rest_route=\/wp\/v2\/posts\/4303\/revisions"}],"predecessor-version":[{"id":4308,"href":"https:\/\/www.skmisia.ch\/index.php?rest_route=\/wp\/v2\/posts\/4303\/revisions\/4308"}],"wp:featuredmedia":[{"embeddable":true,"href":"https:\/\/www.skmisia.ch\/index.php?rest_route=\/wp\/v2\/media\/4304"}],"wp:attachment":[{"href":"https:\/\/www.skmisia.ch\/index.php?rest_route=%2Fwp%2Fv2%2Fmedia&parent=4303"}],"wp:term":[{"taxonomy":"category","embeddable":true,"href":"https:\/\/www.skmisia.ch\/index.php?rest_route=%2Fwp%2Fv2%2Fcategories&post=4303"},{"taxonomy":"post_tag","embeddable":true,"href":"https:\/\/www.skmisia.ch\/index.php?rest_route=%2Fwp%2Fv2%2Ftags&post=4303"}],"curies":[{"name":"wp","href":"https:\/\/api.w.org\/{rel}","templated":true}]}}