{"id":4282,"date":"2015-10-25T08:50:52","date_gmt":"2015-10-25T07:50:52","guid":{"rendered":"https:\/\/www.skmisia.ch\/?p=4282"},"modified":"2019-04-08T21:08:50","modified_gmt":"2019-04-08T20:08:50","slug":"detsky-koncert-smejko-a-tanculienka","status":"publish","type":"post","link":"https:\/\/www.skmisia.ch\/?p=4282","title":{"rendered":"Detsk\u00fd koncert Smejko a Tanculienka"},"content":{"rendered":"<p><a href=\"https:\/\/www.skmisia.ch\/wp-content\/uploads\/2015\/09\/smejkoatanculienka6.jpg\"><img decoding=\"async\" loading=\"lazy\" class=\"size-medium wp-image-4283 alignright\" src=\"https:\/\/www.skmisia.ch\/wp-content\/uploads\/2015\/09\/smejkoatanculienka6-300x200.jpg\" alt=\"smejkoatanculienka6\" width=\"300\" height=\"200\" srcset=\"https:\/\/www.skmisia.ch\/wp-content\/uploads\/2015\/09\/smejkoatanculienka6-300x200.jpg 300w, https:\/\/www.skmisia.ch\/wp-content\/uploads\/2015\/09\/smejkoatanculienka6.jpg 600w\" sizes=\"(max-width: 300px) 100vw, 300px\" \/><\/a>M\u00e1te radi slovensk\u00e9 vesel\u00e9 rytmick\u00e9 pesni\u010dky? Pr\u00eddete si iste na svoje &#8230;<\/p>\n<p>14.11.2015 bude v Rheinfeldene <strong>koncert pre deti Smejko a Tanculienka<\/strong>. L\u00edstky si m\u00f4\u017eete zak\u00fapi\u0165 na k\u00e1ve po sv. Om\u0161iach:<\/p>\n<p>&#8211; v Z\u00fcrichu v term\u00ednoch 27.9 , 18.10. po sv. Om\u0161i o 9:30.<\/p>\n<p>&#8211; v Bazilej v term\u00ednoch 11.10 a\u00a0 25.10 po sv. Om\u0161i o 17:30.<\/p>\n","protected":false},"excerpt":{"rendered":"<p>M\u00e1te radi slovensk\u00e9 vesel\u00e9 rytmick\u00e9 pesni\u010dky? Pr\u00eddete si iste na svoje &#8230; 14.11.2015 bude v Rheinfeldene koncert pre deti Smejko a Tanculienka. L\u00edstky si m\u00f4\u017eete zak\u00fapi\u0165 na k\u00e1ve po sv. Om\u0161iach: &#8211; v Z\u00fcrichu&#46;&#46;&#46;<\/p>\n","protected":false},"author":3,"featured_media":4283,"comment_status":"open","ping_status":"closed","sticky":false,"template":"","format":"standard","meta":{"ngg_post_thumbnail":0},"categories":[24,1],"tags":[],"_links":{"self":[{"href":"https:\/\/www.skmisia.ch\/index.php?rest_route=\/wp\/v2\/posts\/4282"}],"collection":[{"href":"https:\/\/www.skmisia.ch\/index.php?rest_route=\/wp\/v2\/posts"}],"about":[{"href":"https:\/\/www.skmisia.ch\/index.php?rest_route=\/wp\/v2\/types\/post"}],"author":[{"embeddable":true,"href":"https:\/\/www.skmisia.ch\/index.php?rest_route=\/wp\/v2\/users\/3"}],"replies":[{"embeddable":true,"href":"https:\/\/www.skmisia.ch\/index.php?rest_route=%2Fwp%2Fv2%2Fcomments&post=4282"}],"version-history":[{"count":2,"href":"https:\/\/www.skmisia.ch\/index.php?rest_route=\/wp\/v2\/posts\/4282\/revisions"}],"predecessor-version":[{"id":4331,"href":"https:\/\/www.skmisia.ch\/index.php?rest_route=\/wp\/v2\/posts\/4282\/revisions\/4331"}],"wp:featuredmedia":[{"embeddable":true,"href":"https:\/\/www.skmisia.ch\/index.php?rest_route=\/wp\/v2\/media\/4283"}],"wp:attachment":[{"href":"https:\/\/www.skmisia.ch\/index.php?rest_route=%2Fwp%2Fv2%2Fmedia&parent=4282"}],"wp:term":[{"taxonomy":"category","embeddable":true,"href":"https:\/\/www.skmisia.ch\/index.php?rest_route=%2Fwp%2Fv2%2Fcategories&post=4282"},{"taxonomy":"post_tag","embeddable":true,"href":"https:\/\/www.skmisia.ch\/index.php?rest_route=%2Fwp%2Fv2%2Ftags&post=4282"}],"curies":[{"name":"wp","href":"https:\/\/api.w.org\/{rel}","templated":true}]}}