{"id":4279,"date":"2015-09-22T15:18:11","date_gmt":"2015-09-22T14:18:11","guid":{"rendered":"https:\/\/www.skmisia.ch\/?p=4279"},"modified":"2019-04-08T21:08:50","modified_gmt":"2019-04-08T20:08:50","slug":"tradicia-putovania-do-einsiedeln-pokracuje","status":"publish","type":"post","link":"https:\/\/www.skmisia.ch\/?p=4279","title":{"rendered":"Trad\u00edcia putovania do Einsiedeln pokra\u010duje"},"content":{"rendered":"<p><a href=\"https:\/\/www.skmisia.ch\/wp-content\/uploads\/2015\/09\/DSC_7847.jpg\" target=\"_blank\" rel=\"noopener noreferrer\"><img decoding=\"async\" loading=\"lazy\" class=\"size-medium wp-image-4066 alignleft\" src=\"https:\/\/www.skmisia.ch\/wp-content\/uploads\/2015\/09\/DSC_7847-300x199.jpg\" alt=\"DSC_7847\" width=\"300\" height=\"199\" srcset=\"https:\/\/www.skmisia.ch\/wp-content\/uploads\/2015\/09\/DSC_7847-300x199.jpg 300w, https:\/\/www.skmisia.ch\/wp-content\/uploads\/2015\/09\/DSC_7847-1024x680.jpg 1024w\" sizes=\"(max-width: 300px) 100vw, 300px\" \/><\/a>Po\u010das rokov neslobody sa ve\u013emi nechodievalo na p\u00fa\u0165, aspo\u0148 nie na organizovan\u00fa, hromadn\u00fa. Sk\u00f4r so spolu\u017eia\u010dkami sme si spravili jarn\u00fd v\u00fdlet na dubnick\u00fa kalv\u00e1riu spojen\u00fd so zbieran\u00edm prv\u00fdch jarn\u00fdch kvietkov. Ke\u010f\u017ee n\u00e1s rodi\u010dia nevideli, zobrali sme si sebou podkolienky a\u00a0v\u00a0nich \u0161\u0165astn\u00e9\u00a0 behali hore Kalv\u00e1riou. Nosenia hrub\u00fdch zimn\u00fdch pan\u010d\u00fach sme u\u017e mali dos\u0165.<\/p>\n<p>Pr\u00edchodom do \u0160vaj\u010diarska obnovila\u00a0 mal\u00e1 skupinka krajanov putovanie. Chodn\u00ed\u010dky viedli ku \u010diernej Madone v\u00a0Einsiedeln. Pravidelne v sobotu pred ve\u013ekou celo\u0161vaj\u010diarskou p\u00fa\u0165ou sme od v\u010dasn\u00e9ho r\u00e1na s\u00a0v\u010fa\u010dnos\u0165ou kl\u00e1dli krok za krokom, na\u010d\u00favali \u0161epotu pr\u00edrody a\u00a0zur\u010diaci Sihl zla\u010foval modlenie ru\u017eenca s\u00a0\u00faprimn\u00fdm prosbami.<\/p>\n<p>Za nami s\u00fa roky spomienok na v\u0161etk\u00fdch, ktor\u00ed za\u010d\u00ednali, ktor\u00ed sa pridali a\u00a0medzi \u010dasom, ktor\u00ed s\u00fa v\u00a0nebeskom nebi . P\u00fatnick\u00fa palicu prevzala mlad\u0161ia gener\u00e1cia a\u00a0tak\u00a0 vz\u00e1cny \u010das spolo\u010dn\u00e9ho putovania pokra\u010duje. Ur\u010dite za\u010diato\u010dn\u00edci p\u00fate\u00a0 sa ve\u013emi te\u0161ia z\u00a0impulzu potreby modlitby za n\u00e1rod, za spolo\u010denstvo vo svete a\u00a0predov\u0161etk\u00fdm za svoj kri\u017e.<\/p>\n<p>Po tret\u00ed kr\u00e1t v\u00a0sobotu pred ve\u013ekou p\u00fa\u0165ou u\u017e nekr\u00e1\u010dam, ale to\u010d\u00edm ped\u00e1lmi. Od pe\u0161ej skupinky som sa odtrhla, preto\u017ee kolen\u00e1 si zvykaj\u00fa na arthr\u00f3zu.<\/p>\n<p><a href=\"https:\/\/www.skmisia.ch\/wp-content\/uploads\/2015\/09\/DSC_7855.jpg\" target=\"_blank\" rel=\"noopener noreferrer\"><img decoding=\"async\" loading=\"lazy\" class=\"size-medium wp-image-4069 alignright\" src=\"https:\/\/www.skmisia.ch\/wp-content\/uploads\/2015\/09\/DSC_7855-300x199.jpg\" alt=\"DSC_7855\" width=\"300\" height=\"199\" srcset=\"https:\/\/www.skmisia.ch\/wp-content\/uploads\/2015\/09\/DSC_7855-300x199.jpg 300w, https:\/\/www.skmisia.ch\/wp-content\/uploads\/2015\/09\/DSC_7855-1024x680.jpg 1024w\" sizes=\"(max-width: 300px) 100vw, 300px\" \/><\/a>V\u00a0sobotu, 5. Septembra 2015\u00a0 neur\u010ditos\u0165 po\u010dasia, vn\u00fatorn\u00e1 pochybnos\u0165 pre\u0165ahovali \u010das \u0161tartu. Predsa\u00a0 len t\u00fa\u017eba pokra\u010dova\u0165 v\u00a0trad\u00edci\u00ed\u00a0 a\u00a0n\u00e1dej\u00a0 bez nehody d\u00f4js\u0165 ku \u010diernej Madone rozhodli kona\u0165. Po jednom\u00a0 kilometri moju neistotu s\u00a0po\u010das\u00edm vyrie\u0161ili vysok\u00e9 slne\u010dnice v kukuri\u010dnom poli. Upevnili moje predsavzatie, \u017ee d\u00f4jdem do Einsiedeln bez da\u017e\u010fa. Slab\u00e1 rann\u00e1 prem\u00e1vka cez Winterthur mi vyhovovala, bola som pa\u0148ou na ceste. A\u00a0i tich\u00e1 cyklistick\u00e1 trasa\u00a0 popri rieke T\u00f4ss, takmer bez vody, len vymyt\u00e9 kamene v\u00a0koryte upozornili na hor\u00face leto. Mne nebolo ve\u013emi teplo, chladnej\u0161\u00ed vzduch vial na chrb\u00e1t, ale i\u00a0tak sa dobre a \u00a0pravidelne \u00a0ot\u00e1\u010dali koles\u00e1, kilometre prib\u00fadali. Ke\u010f\u017ee na trase nebolo takmer \u017eiadneho bicyklistu, po\u010dasie neve\u0161tilo ni\u010d dobr\u00e9ho. Prv\u00fa prest\u00e1vkku som si dovolila a\u017e pri\u00a0 odpo\u010d\u00edvadle v\u00a0Hurden.\u00a0 Posilnen\u00e1 bilinkov\u00fdm\u00a0 \u010dajom a\u00a0dobr\u00fdm krajcom chleba, poh\u013ead na \u00a0panor\u00e1mu smerom k\u00a0Einsiedeln upozornil\u00a0 na bl\u00ed\u017eiacu sa zmenu po\u010dasia. Poh\u013ead som si osladila zasl\u00fa\u017een\u00fdm kusom \u010dokol\u00e1dy\u00a0 a\u00a0i\u00a0\u010dokol\u00e1dov\u00fdm dezertom, potrebovala som silu, energiu. Na moje \u0161\u0165astie a\u00a0ve\u013ek\u00e9 prekvapenie som v\u00a0Schindellegi natrafila na skupinu vern\u00fdch p\u00fatnikov z\u00a0Z\u00farichu. Mne mo\u017eno e\u0161te vydr\u017e\u00ed po\u010dasie\u00a0 bez da\u017e\u010fa, myslela som si, preto len kr\u00e1tke pozdravenie a\u00a0pokra\u010dovanie kr\u00fatenia kolies k cie\u013eu. Posledn\u00fdch 15 kilometrov som u\u017e dobre poznala, nebolo treba sledova\u0165 cyklistick\u00fa trasu , len sv\u0155bilo jedno \u017eelanie, vydr\u017ea\u0165 v\u00a0tempe. Moji vern\u00ed spolup\u00fatnici z minulosti by boli prekvapen\u00ed ve\u013ek\u00fdmi stavebn\u00fdmi objektmi, n\u00e1kupn\u00fdmi strediskami modern\u00fdch obchodn\u00fdch p\u00fatnikov.<\/p>\n<p><a href=\"https:\/\/www.skmisia.ch\/wp-content\/uploads\/2015\/09\/DSC_8080.jpg\" target=\"_blank\" rel=\"noopener noreferrer\"><img decoding=\"async\" loading=\"lazy\" class=\"size-medium wp-image-4169 alignleft\" src=\"https:\/\/www.skmisia.ch\/wp-content\/uploads\/2015\/09\/DSC_8080-300x199.jpg\" alt=\"DSC_8080\" width=\"300\" height=\"199\" srcset=\"https:\/\/www.skmisia.ch\/wp-content\/uploads\/2015\/09\/DSC_8080-300x199.jpg 300w, https:\/\/www.skmisia.ch\/wp-content\/uploads\/2015\/09\/DSC_8080-1024x680.jpg 1024w\" sizes=\"(max-width: 300px) 100vw, 300px\" \/><\/a>Vst\u00fapi\u0165 do baziliky s\u00a0neupraven\u00fdmi vlasmi, spoten\u00fdm oble\u010den\u00edm, to nie je mojou ob\u013eubou. Pr\u00e1zdne toiletty sl\u00fa\u017eili len mne a\u00a0mojej vonkaj\u0161ej \u00faprave. Bicykel som odstavila takmer pred vchodom do baziliky, zhlboka vyd\u00fdchla, \u0161\u0165astie spojen\u00e9 s\u00a0v\u010fakou rann\u00fdm slne\u010dniciam,\u00a0 s\u00a0pokorou za vyplnen\u00fa n\u00e1dej a\u00a0po hodin\u00e1ch zhrbenia, vyrovnan\u00fd chod do byziliky. Najsk\u00f4r poklona pred sochou Panny M\u00e1rie, ktor\u00e1 bola dokon\u010den\u00e1 pred 550 rokmi.<\/p>\n<p>Poh\u013ead nahor pri prvom pilieri baziliky spo\u010dinul\u00a0 na anjelovi, ktor\u00fd ma v\u00edtal a\u00a0uviedol na miesto. Teplo sialalo priestorom\u00a0baziliky. Po sl\u00e1vnostn\u00fdch ve\u0161per\u00e1ch a\u00a0Salve Regina pred kaplnkou, predsa sa len pustil d\u00e1\u017e\u010f a\u00a0nastalo ochladenie.<\/p>\n<p>Nezostal \u010das na vydr\u017eanie pr\u00edchodu mlad\u00fdch obetav\u00fdch p\u00fatnikov z\u00a0Z\u00farichu, bolo treba nasadn\u00fa\u0165 na vlak a\u00a0opusti\u0165 miesto vzdialen\u00e9 84 kilometrov od m\u00f4jho bydliska.<\/p>\n<p>&nbsp;<\/p>\n<p>&nbsp;<\/p>\n","protected":false},"excerpt":{"rendered":"<p>Po\u010das rokov neslobody sa ve\u013emi nechodievalo na p\u00fa\u0165, aspo\u0148 nie na organizovan\u00fa, hromadn\u00fa. Sk\u00f4r so spolu\u017eia\u010dkami sme si spravili jarn\u00fd v\u00fdlet na dubnick\u00fa kalv\u00e1riu spojen\u00fd so zbieran\u00edm prv\u00fdch jarn\u00fdch kvietkov. Ke\u010f\u017ee n\u00e1s rodi\u010dia nevideli,&#46;&#46;&#46;<\/p>\n","protected":false},"author":3,"featured_media":4059,"comment_status":"open","ping_status":"closed","sticky":false,"template":"","format":"standard","meta":{"ngg_post_thumbnail":0},"categories":[24,1],"tags":[],"_links":{"self":[{"href":"https:\/\/www.skmisia.ch\/index.php?rest_route=\/wp\/v2\/posts\/4279"}],"collection":[{"href":"https:\/\/www.skmisia.ch\/index.php?rest_route=\/wp\/v2\/posts"}],"about":[{"href":"https:\/\/www.skmisia.ch\/index.php?rest_route=\/wp\/v2\/types\/post"}],"author":[{"embeddable":true,"href":"https:\/\/www.skmisia.ch\/index.php?rest_route=\/wp\/v2\/users\/3"}],"replies":[{"embeddable":true,"href":"https:\/\/www.skmisia.ch\/index.php?rest_route=%2Fwp%2Fv2%2Fcomments&post=4279"}],"version-history":[{"count":2,"href":"https:\/\/www.skmisia.ch\/index.php?rest_route=\/wp\/v2\/posts\/4279\/revisions"}],"predecessor-version":[{"id":9328,"href":"https:\/\/www.skmisia.ch\/index.php?rest_route=\/wp\/v2\/posts\/4279\/revisions\/9328"}],"wp:featuredmedia":[{"embeddable":true,"href":"https:\/\/www.skmisia.ch\/index.php?rest_route=\/wp\/v2\/media\/4059"}],"wp:attachment":[{"href":"https:\/\/www.skmisia.ch\/index.php?rest_route=%2Fwp%2Fv2%2Fmedia&parent=4279"}],"wp:term":[{"taxonomy":"category","embeddable":true,"href":"https:\/\/www.skmisia.ch\/index.php?rest_route=%2Fwp%2Fv2%2Fcategories&post=4279"},{"taxonomy":"post_tag","embeddable":true,"href":"https:\/\/www.skmisia.ch\/index.php?rest_route=%2Fwp%2Fv2%2Ftags&post=4279"}],"curies":[{"name":"wp","href":"https:\/\/api.w.org\/{rel}","templated":true}]}}