{"id":4276,"date":"2016-05-21T07:45:03","date_gmt":"2016-05-21T06:45:03","guid":{"rendered":"https:\/\/www.skmisia.ch\/?p=4276"},"modified":"2019-04-08T21:08:49","modified_gmt":"2019-04-08T20:08:49","slug":"oznamy-na-27-nedelu","status":"publish","type":"post","link":"https:\/\/www.skmisia.ch\/?p=4276","title":{"rendered":"Oznamy na 8. nede\u013eu &#8211; Sl\u00e1vnos\u0165 Najsv\u00e4tej\u0161ej Trojice"},"content":{"rendered":"<p style=\"text-align: center;\"><span style=\"color: #000000;\"><strong>SLOVENSK<\/strong><strong>\u00c1 KATOL\u00cdCKA MISIA, BRAUERSTRA<\/strong><strong>SSe<\/strong><strong>\u00a0<\/strong><strong>99;<\/strong><\/span><\/p>\n<p style=\"text-align: center;\"><span style=\"color: #000000;\"><strong>8004 Z\u00dcRICH, T\/F: 0041 44 241 50 22<\/strong><\/span><\/p>\n<p><span style=\"color: #000000;\">Oznamy na 8. nede\u013eu &#8211; Sl\u00e1vnos\u0165 Najsv\u00e4tej\u0161ej Trojice.<\/span><\/p>\n<p>&nbsp;<\/p>\n<p><span style=\"color: #000000;\">Liturgick\u00fd kalend\u00e1r:<\/span><\/p>\n<p>&nbsp;<\/p>\n<p><span style=\"color: #000000;\">Vo \u0161tvrtok je liturgick\u00e1 sl\u00e1vnos\u0165 Najsv\u00e4tej\u0161ieho Kristovho tela a krvi. (org.)<\/span><\/p>\n<p><span style=\"color: #000000;\">V piatok je \u013eubovo\u013en\u00e1 spomienka sv. August\u00edna z Cantembury, biskupa.<\/span><\/p>\n<p><span style=\"color: #000000;\">V sobotu je \u013eubovo\u013en\u00e1 spomienka Panny M\u00e1rie v sobotu.<\/span><\/p>\n<p><span style=\"color: #000000;\">Bud\u00faca nede\u013ea je 9. nede\u013ea v obdob\u00ed cez rok.<\/span><\/p>\n<p>&nbsp;<\/p>\n<p>&nbsp;<\/p>\n<p><span style=\"color: #000000;\">Program sv. om\u0161\u00ed po\u010das t\u00fd\u017ed\u0148a:<\/span><\/p>\n<p>&nbsp;<\/p>\n<p><span style=\"color: #000000;\">V stredu je v Krypte o\u00a019:00 v\u00edg\u00edlna sv. om\u0161a zo sl\u00e1vnosti <strong>Najsv\u00e4tej\u0161ieho Kristovho tela a krvi. <\/strong>V kant\u00f3noch, kde je pracovn\u00e9 vo\u013eno, je to prik\u00e1zan\u00fd sviatok. Kv\u00f4li lep\u0161ej dostupnosti aj pre rodiny s de\u0165mi, je sv. om\u0161a u\u017e o 19:00 v Krypte.<\/span><\/p>\n<p><span style=\"color: #000000;\">N\u00e1vcik piesn\u00ed bude \u00bd hod pred sv. om\u0161ou.<\/span><\/p>\n<p>&nbsp;<\/p>\n<ul>\n<li><span style=\"color: #000000;\">Povzbudzujem aj t\u00fdch, ktor\u00ed pracujete a\u00a0m\u00e1te mo\u017enos\u0165 sa z\u00fa\u010dastni\u0165 sv. om\u0161e, aby ste sa z\u00fa\u010dastnili a\u00a0zachovali si hlbok\u00fa eucharistick\u00fa zbo\u017enos\u0165, ktor\u00fa n\u00e1m v\u0161tepili rodi\u010dia. (vi\u010f. India &#8230;)<\/span><\/li>\n<\/ul>\n<p>&nbsp;<\/p>\n<ol>\n<li><span style=\"color: #000000;\">\u00datorkov\u00e9 stretko bude ako obvykle na Talianskej misii so za\u010diatkom o 19:00. Na druh\u00fd pokus sa budeme venova\u0165 kres\u0165ansk\u00e9mu poh\u013eadu na problematiku antikoncepcie.<\/span><\/li>\n<\/ol>\n<p>&nbsp;<\/p>\n<ol start=\"2\">\n<li><span style=\"color: #000000;\">Vo \u0161tvrtkok je \u0161portov\u00fd kr\u00fa\u017eok.<\/span><\/li>\n<\/ol>\n<p>&nbsp;<\/p>\n<ol start=\"3\">\n<li><span style=\"color: #000000;\">Dnes po sv\u00e4tej om\u0161i je posedenie pri k\u00e1ve- ako obvykle v pastora\u010dn\u00fdch priestoroch oproti kostolu. V\u0161etci sme srde\u010dne pozvan\u00ed.<\/span><\/li>\n<\/ol>\n<p>&nbsp;<\/p>\n<ol start=\"4\">\n<li><span style=\"color: #000000;\">Pripom\u00ednam, \u017ee pri modlitebn\u00fdch kn\u00ed\u017ekach je prihl\u00e1\u0161ka na pr\u00edpravu na 1. Sv\u00e4t\u00e9 prij\u00edmanie a Birmovku na nov\u00fd \u0161kolsk\u00fd rok. Vyplnen\u00fa a potvrden\u00fa prihl\u00e1\u0161ku je potrebn\u00e9 odovzda\u0165 do 15. J\u00fala 2016. N\u00e1jdete ju aj na web. Str\u00e1nke skmisia.ch<\/span><\/li>\n<\/ol>\n<p>&nbsp;<\/p>\n<ol start=\"5\">\n<li><span style=\"color: #000000;\">Srde\u010dne V\u00e1m avizujeme a poz\u00fdvame V\u00e1s na p\u00fa\u0165 do Reichenau, ktor\u00e1 bude o mesiac, v sobotu 25. J\u00fana 2014 o 17:00. T\u00ed, ktor\u00ed m\u00f4\u017eete pon\u00faknu\u0165 odvoz alebo h\u013ead\u00e1te odvoz sa m\u00f4\u017eete na k\u00e1ve skontaktova\u0165.<\/span><\/li>\n<\/ol>\n<p>&nbsp;<\/p>\n<p style=\"text-align: center;\"><span style=\"color: #808080;\">*<\/span><\/p>\n<p style=\"text-align: center;\"><span style=\"color: #808080;\"><strong>SLOVENSK<\/strong><strong>\u00c1 KATOL\u00cdCKA MISIA, BRAUERSTRA<\/strong><strong>SSe<\/strong><strong>\u00a0<\/strong><strong>99;<\/strong><\/span><\/p>\n<p style=\"text-align: center;\"><span style=\"color: #808080;\"><strong>8004 Z\u00dcRICH, T\/F: 0041 44 241 50 22<\/strong><\/span><\/p>\n<p><span style=\"color: #808080;\">Oznamy na nede\u013eu zoslania Ducha Sv\u00e4t\u00e9ho &#8211; Tur\u00edce.<\/span><\/p>\n<p><span style=\"color: #808080;\">Liturgick\u00fd kalend\u00e1r:<\/span><\/p>\n<p>&nbsp;<\/p>\n<p><span style=\"color: #808080;\">V pondelok je spomienka sv. J\u00e1na Nepemuck\u00e9ho, k\u0148aza a mu\u010den\u00edka alebo vot\u00edvna sv. om\u0161a zo Sv\u00e4todu\u0161n\u00e9ho pondelka.<\/span><\/p>\n<p><span style=\"color: #808080;\">Vo \u0161tvrtok je sviatok N\u00e1\u0161ho P\u00e1na Je\u017ei\u0161a Krista, Najvy\u0161\u0161ieho ve\u013ek\u0148aza.<\/span><\/p>\n<p><span style=\"color: #808080;\">V piatok je \u013eubovo\u013en\u00e1 spomienka sv. Bernard\u00edna Siensk\u00e9ho, k\u0148aza.<\/span><\/p>\n<p><span style=\"color: #808080;\">V sobotu je \u013eubovo\u013en\u00e1 spomienka Panny M\u00e1rie v sobotu.<\/span><\/p>\n<p><span style=\"color: #808080;\">Bud\u00faca nede\u013ea je 8. Nede\u013ea v obdob\u00ed cez rok- Sl\u00e1vnos\u0165 Najsv\u00e4tej\u0161ej Trojice.<\/span><\/p>\n<p><span style=\"color: #808080;\">Dnes kon\u010d\u00ed ve\u013ekono\u010dn\u00e9 obdobie a od zajtra sa modl\u00edme Anjel P\u00e1na.<\/span><\/p>\n<p>&nbsp;<\/p>\n<p>&nbsp;<\/p>\n<p><span style=\"color: #808080;\">Program sv. om\u0161\u00ed po\u010das t\u00fd\u017ed\u0148a:<\/span><\/p>\n<p>&nbsp;<\/p>\n<p><span style=\"color: #808080;\">Streda <strong>ml\u00e1de\u017en\u00edcka sv. om\u0161a o 20:00<\/strong> na Talianskej misii. Stretnutie spevokolu je \u00bd hodinku pred sv. om\u0161ou. Po sv. om\u0161i v\u00e1s poz\u00fdvam na mari\u00e1nske lit\u00e1nie.<\/span><\/p>\n<p>&nbsp;<\/p>\n<p>&nbsp;<\/p>\n<ol>\n<li><span style=\"color: #808080;\">Utorkov\u00e9 stretko bude ako obvykle na Talianskej misii so za\u010diatkom o 19:00. Vedie ho Roman a Andrejka na t\u00e9mu \u201cPoh\u013ead kres\u0165ana na antikoncepciu\u201d.<\/span><\/li>\n<\/ol>\n<p>&nbsp;<\/p>\n<ol start=\"2\">\n<li><span style=\"color: #808080;\">Vo \u0161tvrtok je \u0161portov\u00fd kr\u00fa\u017eok.<\/span><\/li>\n<\/ol>\n<p>&nbsp;<\/p>\n<ol start=\"3\">\n<li><span style=\"color: #808080;\">V\u00a0piatok ve\u010der je predman\u017eelsk\u00e1 <strong>n\u00e1uka A-<\/strong>na Talianskej misii so za\u010diatkom o\u00a019:00.<\/span><\/li>\n<\/ol>\n<p>&nbsp;<\/p>\n<ol start=\"4\">\n<li><span style=\"color: #808080;\">Dnes po sv\u00e4tej om\u0161i je posedenie pri k\u00e1ve- ako obvykle v pastora\u010dn\u00fdch priestoroch oproti kostolu. V\u0161etci sme srde\u010dne pozvan\u00ed.<\/span><\/li>\n<\/ol>\n<p>&nbsp;<\/p>\n<ol start=\"5\">\n<li><span style=\"color: #808080;\">Bud\u00facu nede\u013eu 22. m\u00e1ja bud\u00fa 2 sv\u00e4t\u00e9 om\u0161e: o\u00a09:30 a\u00a0o\u00a011:30- detsk\u00e1 sv. om\u0161a.<\/span><\/li>\n<\/ol>\n<p>&nbsp;<\/p>\n<ol start=\"6\">\n<li><span style=\"color: #808080;\">Na zbierku na m\u00e9di\u00e1 sme prispeli sumou 165,15 CHF. P\u00e1n Boh zapla\u0165.<\/span><\/li>\n<\/ol>\n<p>&nbsp;<\/p>\n<ol start=\"7\">\n<li><span style=\"color: #808080;\">Pripom\u00ednam, \u017ee pri modlitebn\u00fdch kn\u00ed\u017ekach je prihl\u00e1\u0161ka na pr\u00edpravu na 1. Sv\u00e4t\u00e9 prij\u00edmanie a Birmovku na nov\u00fd \u0161kolsk\u00fd rok. Vyplnen\u00fa a potvrden\u00fa prihl\u00e1\u0161ku je potrebn\u00e9 odovzda\u0165 do 15. J\u00fala 2016. N\u00e1jdete ju aj na web. Str\u00e1nke skmisia.ch<\/span><\/li>\n<\/ol>\n<p>&nbsp;<\/p>\n<ol start=\"8\">\n<li><span style=\"color: #808080;\">(\u010eakujem v\u0161etk\u00fdm v\u00e1m za va\u0161u bohat\u00fa \u00fa\u010das\u0165 a zapojenie sa do M\u00e1jovej p\u00fati. Mysl\u00edm, \u017ee n\u00e1s t\u00e1to udalos\u0165 obohatila a mali sme hlbok\u00fd duchovn\u00fd z\u00e1\u017eitok.<\/span><\/li>\n<\/ol>\n<p>&nbsp;<\/p>\n<p><span style=\"color: #808080;\">-21.05.2016 o 15:00 hod v Rheinfeldene\u00a0 v Kapuzinerkirche sa uskuto\u010dn\u00ed koncert ur\u010den\u00fd pre slovensk\u00e9 deti s n\u00e1zvom ,,Paci Pac,,. Je to ur\u010den\u00e9\u00a0 pre deti vo veku 2- 8 rokov.<\/span><\/p>\n<p><span style=\"color: #808080;\">Tie\u017e bude pripraven\u00e9 ob\u010derstvenie a prekvapenie. L\u00edstky sa daj\u00fa rezervova\u0165 alebo zak\u00fapi\u0165 pred koncertom. Kontaktna osoba: katarina meszaros<\/span><\/p>\n<p><span style=\"color: #808080;\">N\u00e1jdete ma na facebooku, v pr\u00edpade z\u00e1ujmu tu je moje telef\u00f3nne cislo. 0793673740<\/span><\/p>\n<p>&nbsp;<\/p>\n<p><span style=\"color: #808080;\">-Zdru\u017eenie Slov\u00e1kov vo \u0160vaj\u010diarsku srde\u010dne poz\u00fdva v\u0161etky deti, ml\u00e1de\u017e a rodi\u010dov na \u0161portov\u00e9 popoludnie pri pr\u00edle\u017eitosti sviatku D\u0148a det\u00ed, ktor\u00e9 sa uskuto\u010dn\u00ed\u00a0<u>v sobotu 28. m\u00e1ja 2016 <\/u>v\u00a0\u0161portovom zariaden\u00ed Im Birch, Margrit-Rainer-Strasse 5, Z\u00fcrich \u2013 Oerlikon. Za\u010diatok podujatia je o 14.00 hod.\u00a0<\/span><\/p>\n<p><span style=\"color: #808080;\">Viac inform\u00e1ci\u00ed n\u00e1jdete na webovej str\u00e1nke Zdru\u017eenia:<a style=\"color: #808080;\" href=\"http:\/\/www.zdruzenie.ch\/\">www.zdruzenie.ch<\/a>.<\/span><\/p>\n<p style=\"text-align: center;\"><span style=\"color: #808080;\">*<\/span><\/p>\n<p style=\"text-align: center;\"><span style=\"color: #808080;\"><strong>SLOVENSK<\/strong><strong>\u00c1 KATOL\u00cdCKA MISIA, BRAUERSTRA<\/strong><strong>SSe<\/strong><strong>\u00a0<\/strong><strong>99;<\/strong><\/span><\/p>\n<p style=\"text-align: center;\"><span style=\"color: #808080;\"><strong>8004 Z\u00dcRICH, T\/F: 0041 44 241 50 22<\/strong><\/span><\/p>\n<p>&nbsp;<\/p>\n<p><span style=\"color: #808080;\">Oznamy na 7. Nede\u013eu v cezro\u010dnom obdob\u00ed.<\/span><\/p>\n<p><span style=\"color: #808080;\">Liturgick\u00fd kalend\u00e1r:<\/span><\/p>\n<p>&nbsp;<\/p>\n<p><span style=\"color: #808080;\">Vo \u0161tvrtok je \u013eubovoln\u00e1 spomienka sv. Pankr\u00e1ca Mu\u010den\u00edka.<\/span><\/p>\n<p><span style=\"color: #808080;\">V piatok je \u013eubovo\u013en\u00e1 spomienka Blahoslavenej Panny M\u00e1rie Fatimskej.<\/span><\/p>\n<p><span style=\"color: #808080;\">V sobotu je sviatok sv. Mateja, apo\u0161tola.<\/span><\/p>\n<p><span style=\"color: #808080;\">Bud\u00faca nede\u013ea je sl\u00e1vnos\u0165 zoslania Ducha Sv\u00e4t\u00e9ho.<\/span><\/p>\n<p><span style=\"color: #808080;\">Veriaci, ktor\u00ed sa v tento de\u0148- na Tur\u00edce z\u00fa\u010dastnia na verejnom speve alebo recitovan\u00ed hymnu <em>Veni, Creator Spiritu<\/em>, m\u00f4\u017ee za obvykl\u00fdch podmienok z\u00edska\u0165 \u00fapln\u00e9 odpustky.<\/span><\/p>\n<p>&nbsp;<\/p>\n<p><span style=\"color: #808080;\">Program sv. om\u0161\u00ed po\u010das t\u00fd\u017ed\u0148a:<\/span><\/p>\n<p>&nbsp;<\/p>\n<p><span style=\"color: #808080;\"><strong>Streda sv. om\u0161a o 20:00<\/strong> na Talianskej misii. Stretnutie spevokolu je \u00bd hodinku pred sv.om\u0161ou. Po sv\u00e4tej om\u0161i v\u00e1s poz\u00fdvame na kr\u00e1tku pobo\u017enos\u0165 zameran\u00fa na vyprosovanie si pomoci Ducha Sv\u00e4t\u00e9ho.<\/span><\/p>\n<p><span style=\"color: #808080;\">V\u010faka n\u00e1\u0161mu spevokolu za hudobn\u00fd doprovod po\u010das liturgie posledn\u00fdch nediel, bolo pre n\u00e1s ve\u013ek\u00fdm obohaten\u00edm a budeme v\u017edy radi za toto spostrenie.<\/span><\/p>\n<p>&nbsp;<\/p>\n<ol>\n<li><span style=\"color: #808080;\">Po sv. om\u0161i je pod\u013ea kalend\u00e1ra Katechizmus pre deti na 1SP.<\/span><\/li>\n<\/ol>\n<p><span style=\"color: #808080;\">Upozor\u0148ujem, \u017ee pri modlitebn\u00fdch kn\u00ed\u017ekach je prihl\u00e1\u0161ka na 1. Sv\u00e4t\u00e9 prij\u00edmanie a Birmovku na nov\u00fd \u0161kolsk\u00fd rok. Vyplnen\u00fa a potvrden\u00fa prihl\u00e1\u0161ku je potrebn\u00e9 odovzda\u0165 do 15. J\u00fala 2016. N\u00e1jdete ju aj na web. Str\u00e1nke skmisia.ch<\/span><\/p>\n<p>&nbsp;<\/p>\n<ol start=\"2\">\n<li><span style=\"color: #808080;\">V utorok je biblicko-diskusn\u00e9 stretko na Talianskej misii o 19:00, radi v\u00e1s uvid\u00edme medzi sebou. Obsahom stretka bude film \u201cVe jm\u00e9nu otce\u201d.<\/span><\/li>\n<\/ol>\n<p>&nbsp;<\/p>\n<ol start=\"3\">\n<li><span style=\"color: #808080;\">Vo \u0161tvrtok po pr\u00e1zdnin\u00e1ch za\u010d\u00edna \u0161tvrtkov\u00e1 futbalov\u00e1 liga majstrov.<\/span><\/li>\n<\/ol>\n<p>&nbsp;<\/p>\n<ol start=\"4\">\n<li><span style=\"color: #808080;\">Po sv\u00e4tej om\u0161i nie je posedenie pri k\u00e1ve. Ur\u00fdchlene odch\u00e1dzame na p\u00fa\u0165 do Mariasteinu. V\u015betk\u00fdm mami\u010dk\u00e1m vyprosujeme a prajeme hojnos\u0165 Bo\u017e\u00edch milost\u00ed a l\u00e1sky pre cul\u00fa rodinu.<\/span><\/li>\n<\/ol>\n<p>&nbsp;<\/p>\n<ol start=\"5\">\n<li><span style=\"color: #808080;\">05.2016 o 15:00 hod v Rheinfeldene v Kapuzinerkirche sa uskuto\u010dn\u00ed koncert ur\u010den\u00fd pre slovensk\u00e9 deti ,,Paci Pac,,. Je to ur\u010den\u00e9\u00a0 pre deti vo veku 2- 8 rokov.\u00a0Tie\u017e bude pripraven\u00e9 ob\u010derstvenie a ku d\u0148u det\u00ed \u010dak\u00e1 na deti prekvapenie. L\u00edstky sa daj\u00fa rezervova\u0165 alebo zak\u00fapi\u0165 pred koncertom. Kontaktna osoba: katarina meszaros.\u00a0N\u00e1jdete ma na facebooku, v pr\u00edpade z\u00e1ujmu tu je moje telef\u00f3nne cislo: 079 367 37 40<\/span><\/li>\n<\/ol>\n<p style=\"text-align: center;\">*<\/p>\n<p style=\"text-align: center;\"><span style=\"color: #808080;\"><strong>SLOVENSK<\/strong><strong>\u00c1 KATOL\u00cdCKA MISIA, BRAUERSTRA<\/strong><strong>SSe<\/strong><strong>\u00a0<\/strong><strong>99;<\/strong><\/span><\/p>\n<p style=\"text-align: center;\"><span style=\"color: #808080;\"><strong>8004 Z\u00dcRICH, T\/F: 0041 44 241 50 22<\/strong><\/span><\/p>\n<p>&nbsp;<\/p>\n<p><span style=\"color: #808080;\">\u00a0Oznamy na \u0161iestu ve\u013ekono\u010dn\u00fa nede\u013eu.<\/span><\/p>\n<p>&nbsp;<\/p>\n<p><span style=\"color: #808080;\">Liturgick\u00fd kalend\u00e1r:<\/span><\/p>\n<p>&nbsp;<\/p>\n<p><span style=\"color: #808080;\"><strong>M<\/strong>esiac m\u00e1j je v kres\u0165anskom povedom\u00ed odprad\u00e1vna spojen\u00fd s \u00factou k nebeskej Matke, Panne M\u00e1rii. Konaj\u00fa sa m\u00e1jov\u00e9 pobo\u017enosti, lit\u00e1nie i p\u00fate- nezabudnime si n\u00e1js\u0165 \u010das na m\u00e1jov\u00e9 lit\u00e1nia, \u010di in\u00fa formu modlitby.<\/span><\/p>\n<p>&nbsp;<\/p>\n<p><span style=\"color: #808080;\">V pondelok je spomienka sv. Atan\u00e1za, biskupa a u\u010dite\u013ea Cirkvi.<\/span><\/p>\n<p><span style=\"color: #808080;\">V utorok je sviatok sv. Filipa a Jakuba, apo\u0161tolov.<\/span><\/p>\n<p><span style=\"color: #808080;\">Vo \u0161tvrtok je prik\u00e1zan\u00fd sviatok Nanebovst\u00fapenia P\u00e1na.<\/span><\/p>\n<p><span style=\"color: #808080;\">V piatok je spomienka sv. Dominika S\u00e1via a prv\u00fd piatok v mesiaci. V tento de\u0148 za\u010d\u00edna i Nov\u00e9na k Duchu Sv\u00e4t\u00e9mu.<\/span><\/p>\n<p><span style=\"color: #808080;\">Bud\u00faca nede\u013ea je siedma ve\u013ekono\u010dn\u00e1 nede\u013ea.<\/span><\/p>\n<p>&nbsp;<\/p>\n<p><span style=\"color: #808080;\">Program sv. om\u0161\u00ed po\u010das t\u00fd\u017ed\u0148a:<\/span><\/p>\n<p>&nbsp;<\/p>\n<p><span style=\"color: #808080;\"><strong>Streda ml\u00e1de\u017en\u00edcka<\/strong> sv. om\u0161a o 20:00 na Talianskej. Stretnutie spevokolu je \u00bd hodinku pred sv. om\u0161ou. Ve\u010dern\u00e1 sv. om\u0161a je s\u00a0platnos\u0165ou za Nanebovst\u00fapenie P\u00e1na. Po sv. om\u0161i sa pomodl\u00edme m\u00e1jov\u00e9 lit\u00e1nia.<\/span><\/p>\n<p><span style=\"color: #808080;\">Vo \u0161tvrtok bude sv. om\u0161a o\u00a09:30 v\u00a0Krypte <strong>zo sl\u00e1vnosti Nanebovst\u00fapenia P\u00e1na<\/strong>.<\/span><\/p>\n<p><span style=\"color: #808080;\">V piatok je <strong>prv\u00fd piatok v mesiaci<\/strong>. Spoveda\u0165 budem \u00bd hodinu pred sv. Om\u0161ou. Sv. om\u0161a bude o 20:00 v\u00a0Krypte-Liebfrauen a po nej bude nasledova\u0165 prvopiatkov\u00e1 pobo\u017enos\u0165, po\u010das ktorej bude mo\u017enos\u0165 sv. spoved\u00ed.<\/span><\/p>\n<p>&nbsp;<\/p>\n<p><span style=\"color: #808080;\">Na bud\u00facu nede\u013eu je <strong>m\u00e1jov\u00e1 p\u00fa\u0165 do Mariastien 8. M\u00e1ja 2016 o 12:30<\/strong>. Mo\u017enos\u0165 spovedania sa bude u\u017e od 11:00, don Bago nepr\u00edde do ZH, ale bude v\u00e1s \u010daka\u0165. Kazate\u013e, \u0160tefan Turansk\u00fd.<\/span><\/p>\n<p><span style=\"color: #808080;\">&#8211; Kto m\u00e1 z\u00e1ujem e\u0161te o kroje obr\u00e1\u0165te sa na p. Zelenaya.<\/span><\/p>\n<p>&nbsp;<\/p>\n<p>&nbsp;<\/p>\n<ol>\n<li><span style=\"color: #808080;\">V utorok je biblicko-diskusn\u00e9 stretko ako obvykle na Talianskej misii o 19:00 na t\u00e9mu <strong>INTERUPCIA<\/strong>. (Ma\u0165a)<\/span><\/li>\n<\/ol>\n<p>&nbsp;<\/p>\n<ol start=\"2\">\n<li><span style=\"color: #808080;\">Vo \u0161tvrtok je \u0161portov\u00fd kr\u00fa\u017eok nie je.<\/span><\/li>\n<\/ol>\n<p>&nbsp;<\/p>\n<ol start=\"3\">\n<li><span style=\"color: #808080;\">Dnes po sv\u00e4tej om\u0161i je posedenie pri k\u00e1ve ako obvykle v pastora\u010dn\u00fdch priestoroch oproti kostolu, vo ve\u013ekej s\u00e1le.<\/span><\/li>\n<\/ol>\n<p>&nbsp;<\/p>\n<ol start=\"4\">\n<li><span style=\"color: #808080;\">P\u00e1n Boh zapla\u0165 za zbierku na Ukrajinu, ktor\u00e1 vyniesla 1240 CHF.<\/span><\/li>\n<\/ol>\n<p>&nbsp;<\/p>\n<ol start=\"5\">\n<li><span style=\"color: #808080;\">Pri modlitebn\u00fdch kni\u017ek\u00e1ch s\u00fa prihl\u00e1\u0161ky na 1SP a\u00a0Birmovku. Do konca \u0161k. roka 15. J\u00fala 2016 ich treba riadne vyplnen\u00e9 a potvrden\u00e9 odovzda\u0165.<\/span><\/li>\n<\/ol>\n<p>&nbsp;<\/p>\n<ol start=\"6\">\n<li><span style=\"color: #808080;\">\u010eakujeme za koncelebr\u00e1ciu dp. Timotejovi Mas\u00e1rovi. Zast\u00fapi ma o\u00a02 t\u00fd\u017edne, ke\u010f budeme na stretnut\u00ed- duchovnej obnove rod\u00edn.<\/span><\/li>\n<\/ol>\n<p style=\"text-align: center;\"><span style=\"color: #808080;\"><strong>SLOVENSK<\/strong><strong>\u00c1 KATOL\u00cdCKA MISIA, BRAUERSTRA<\/strong><strong>SSe<\/strong><strong>\u00a0<\/strong><strong>99;<\/strong><\/span><\/p>\n<p style=\"text-align: center;\"><span style=\"color: #808080;\"><strong>8004 Z\u00dcRICH,\u00a0<\/strong><strong>T\/F: 0041 44 241 50 22<\/strong><\/span><\/p>\n<p><span style=\"color: #808080;\">\u00a0Oznamy na \u0160tvrt\u00fa ve\u013ekono\u010dn\u00fa nede\u013eu.<\/span><\/p>\n<p>&nbsp;<\/p>\n<p><span style=\"color: #808080;\">Liturgick\u00fd kalend\u00e1r:<\/span><\/p>\n<p>&nbsp;<\/p>\n<p><span style=\"color: #999999;\">Vo \u0161tvrtok je \u013eubovo\u013en\u00e1 spomienka na sv. Anzelma, biskupa a u\u010dite\u013ea.<\/span><\/p>\n<p><span style=\"color: #999999;\">V sobotu je spomienka na sv. Vojtecha, biskupa a mu\u010den\u00edka.<\/span><\/p>\n<p><span style=\"color: #999999;\">Bud\u00faca nede\u013ea je piata ve\u013ekono\u010dn\u00e1 nede\u013ea.<\/span><\/p>\n<p>&nbsp;<\/p>\n<p><span style=\"color: #999999;\">Program sv. om\u0161\u00ed po\u010das t\u00fd\u017ed\u0148a:<\/span><\/p>\n<p>&nbsp;<\/p>\n<p><span style=\"color: #999999;\">Streda sv. om\u0161a o 20:00 na Talianskej. Stretnutie spevokolu je \u00bd hodinku pred sv. om\u0161ou.<\/span><\/p>\n<p>&nbsp;<\/p>\n<ol>\n<li><span style=\"color: #999999;\">Po sv. om\u0161i je Katechizmus pre deti. Preopakujeme si priebeh sv. spoved\u00ed.<\/span><\/li>\n<\/ol>\n<p>&nbsp;<\/p>\n<ol start=\"2\">\n<li><span style=\"color: #999999;\">Utorkov\u00e9 biblicko-diskusn\u00e9 stretko bude ako obvykle na Talianskej misii o 19:00. Stretko animuje Martinka.<\/span><\/li>\n<\/ol>\n<p>&nbsp;<\/p>\n<ol start=\"3\">\n<li><span style=\"color: #999999;\">Vo \u0161tvrtkok je \u0161portov\u00fd kr\u00fa\u017eok.<\/span><\/li>\n<\/ol>\n<p>&nbsp;<\/p>\n<ol start=\"4\">\n<li><span style=\"color: #999999;\">Dnes po sv\u00e4tej om\u0161i je posedenie pri k\u00e1ve ako obvykle v pastora\u010dn\u00fdch priestoroch oproti kostolu. Pros\u00edme o zap\u00edsanie sa na slu\u017ebu na k\u00e1vu na posledn\u00fd qvart\u00e1l. Rozpis je na n\u00e1stenke pri modlitebn\u00fdch kn\u00ed\u017ekach. Pros\u00edm o zodpovednos\u0165. V\u010faka.<\/span><\/li>\n<\/ol>\n<p>&nbsp;<\/p>\n<ul>\n<li><span style=\"color: #999999;\">Na bud\u00facu nede\u013eu vyhl\u00e1sil p\u00e1pe\u017e mimoriadnu zbierku na Ukrajinu, ktor\u00fa koordinuje biskupsk\u00fd \u00farad v Chure. P\u00e1n Boh zapla\u0165.<\/span><\/li>\n<li style=\"text-align: center;\"><span style=\"color: #999999;\">*<\/span><\/li>\n<\/ul>\n<p style=\"text-align: center;\"><span style=\"color: #808080;\"><strong>SLOVENSK<\/strong><strong>\u00c1 KATOL\u00cdCKA MISIA, BRAUERSTRA<\/strong><strong>SSe<\/strong><strong>\u00a0<\/strong><strong>99; 8004 Z\u00dcRICH<\/strong><\/span><\/p>\n<p style=\"text-align: center;\"><span style=\"color: #808080;\"><strong>T\/F: 0041 44 241 50 22<\/strong><\/span><\/p>\n<p>&nbsp;<\/p>\n<p><span style=\"color: #808080;\">Oznamy na tretiu ve\u013ekono\u010dn\u00fa nede\u013eu.<\/span><\/p>\n<p>&nbsp;<\/p>\n<p><span style=\"color: #808080;\">Liturgick\u00fd kalend\u00e1r:<\/span><\/p>\n<p>&nbsp;<\/p>\n<p><span style=\"color: #808080;\">V pondelok je spomienka sv. Stanislava biskupa a mu\u010den\u00edka.<\/span><\/p>\n<p><span style=\"color: #808080;\">V stredu je \u013eubovo\u013en\u00e1 spomienka sv. Martina I. P\u00e1pe\u017ea a mu\u010den\u00edka.<\/span><\/p>\n<p><span style=\"color: #808080;\">Bud\u00faca nede\u013ea je \u0161tvrt\u00e1 ve\u013ekono\u010dn\u00e1 nede\u013ea.<\/span><\/p>\n<p><span style=\"color: #808080;\">Tento t\u00fd\u017ede\u0148 je v Cirkvi t\u00fd\u017ede\u0148 modlitieb za duchovn\u00e9 povolania.<\/span><\/p>\n<p>&nbsp;<\/p>\n<p>&nbsp;<\/p>\n<p><span style=\"color: #808080;\">Program sv. om\u0161\u00ed po\u010das t\u00fd\u017ed\u0148a:<\/span><\/p>\n<p>&nbsp;<\/p>\n<p><span style=\"color: #808080;\">Streda sv. om\u0161a o 20:00 na Talianskej. Stretnutie spevokolu je \u00bd hodinku pred sv. om\u0161ou.<\/span><\/p>\n<p>&nbsp;<\/p>\n<ol>\n<li><span style=\"color: #808080;\">Po sv. om\u0161i je dnes Katechizmus pre deti.<\/span><\/li>\n<\/ol>\n<p>&nbsp;<\/p>\n<ol start=\"2\">\n<li><span style=\"color: #808080;\">V utorok o 19:00 je mo\u017enos\u0165 z\u00fa\u010dastni\u0165 sa ml\u00e1de\u017en\u00edcko-biblick\u00e9ho stretka na Talianskej misii na t\u00e9mu <strong>KRES\u0164ANSK\u00c1 MODLITBA VS. <\/strong><strong>V\u00ddCHODN\u00c9 N\u00c1BO\u017dENSTV\u00c1<\/strong>&#8211; poz\u00fdvame mlad\u00fdch medzi seba.<\/span><\/li>\n<\/ol>\n<p>&nbsp;<\/p>\n<ol start=\"3\">\n<li><span style=\"color: #808080;\">Vo \u0161tvrtkok je \u0161portov\u00fd kr\u00fa\u017eok.<\/span><\/li>\n<\/ol>\n<p>&nbsp;<\/p>\n<ol start=\"4\">\n<li><span style=\"color: #808080;\">Dnes po sv\u00e4tej om\u0161i je posedenie pri k\u00e1ve ako obvykle v pastora\u010dn\u00fdch priestoroch oproti kostolu. V\u0161etci sme srde\u010dne pozvan\u00ed.<\/span><\/li>\n<\/ol>\n<p>&nbsp;<\/p>\n<ol start=\"5\">\n<li><span style=\"color: #808080;\">Poz\u00fdvame v\u0161etk\u00fdch veriacich na tradi\u010dn\u00fa mari\u00e1nsku m\u00e1jov\u00fa p\u00fa\u0165 do Mariastein, ktor\u00e1 bude o\u00a03 t\u00fd\u017edne. Od 11:00 \u2013 mo\u017enos\u0165 vykona\u0165 si sviatos\u0165 zmierenia a o12:30 za\u010dne sv. om\u0161a. Pripravme tak na\u0161ej Nebeskej Matke ku d\u0148u matiek mil\u00fd dar\u010dek v podobe synovskej pozornosti a \u00facty. Bli\u017e\u0161ie info na <a style=\"color: #808080;\" href=\"http:\/\/www.skmisia\">skmisia<\/a>.<\/span><\/li>\n<\/ol>\n<p>&nbsp;<\/p>\n<ol start=\"6\">\n<li><span style=\"color: #808080;\">Dnes popoludn\u00ed p\u00f4jdem odsl\u00fa\u017ei\u0165 sv. om\u0161u do Bazilej.<\/span><\/li>\n<\/ol>\n<p>&nbsp;<\/p>\n<p>&nbsp;<\/p>\n<p style=\"text-align: center;\"><span style=\"color: #808080;\"><strong>SLOVENSK<\/strong><strong>\u00c1 KATOL\u00cdCKA MISIA, BRAUERSTRA<\/strong><strong>SSE<\/strong><strong>\u00a0<\/strong><strong>99; <\/strong><\/span><\/p>\n<p style=\"text-align: center;\"><span style=\"color: #808080;\"><strong>8004 Z\u00dcRICH T\/F: 0041 44 241 50 22<\/strong><\/span><\/p>\n<p>&nbsp;<\/p>\n<p><span style=\"color: #808080;\">\u00a0Oznamy na Druh\u00fa ve\u013ekono\u010dn\u00fa \u2013 Nede\u013eu Bo\u017eieho milosrdenstva.<\/span><\/p>\n<p><span style=\"color: #808080;\">Ka\u017ed\u00fd kto sa dnes z\u00fa\u010dastn\u00ed verejnej \u00facty k Bo\u017eiemu milosrdenstvu a spln\u00ed obvykl\u00e9 podmienky (Ot\u010den\u00e1\u0161, Zdravas\u00b4, Sl\u00e1va- na \u00famysel sv. otca) z\u00edska plnomocn\u00e9 odpustky pre seba alebo pre du\u0161e v o\u010distci.<\/span><\/p>\n<p>&nbsp;<\/p>\n<p><span style=\"color: #808080;\">Liturgick\u00fd kalend\u00e1r:<\/span><\/p>\n<p>&nbsp;<\/p>\n<p><span style=\"color: #808080;\">V pondelok je sviatok Zvestovania P\u00e1na.<\/span><\/p>\n<p><span style=\"color: #808080;\">Vo \u0161tvrtok je spomienka sv. J\u00e1na de la Dalle, k\u0148aza.<\/span><\/p>\n<p><span style=\"color: #808080;\">Bud\u00faca nede\u013ea je Tretia ve\u013ekono\u010dn\u00e1 nede\u013ea<\/span><\/p>\n<p>&nbsp;<\/p>\n<p><span style=\"color: #808080;\">Program sv. om\u0161\u00ed po\u010das t\u00fd\u017ed\u0148a:<\/span><\/p>\n<p>&nbsp;<\/p>\n<p><span style=\"color: #808080;\">Streda sv. om\u0161a o 20:00 na Talianskej. Stretnutie spevokolu je \u00bd hodinku pred sv. om\u0161ou.<\/span><\/p>\n<p>&nbsp;<\/p>\n<p>&nbsp;<\/p>\n<ol>\n<li><span style=\"color: #808080;\">V\u00a0utorok nie je ml\u00e1de\u017en\u00edcko-biblick\u00e9 stretko. Ja som odcestovan\u00fd na Slovensko.<\/span><\/li>\n<\/ol>\n<p>&nbsp;<\/p>\n<ol start=\"2\">\n<li><span style=\"color: #808080;\">Vo \u0161tvrtkok je \u0161portov\u00fd kr\u00fa\u017eok.<\/span><\/li>\n<\/ol>\n<p>&nbsp;<\/p>\n<ol start=\"3\">\n<li><span style=\"color: #808080;\">Dnes po sv\u00e4tej om\u0161i je posedenie pri k\u00e1ve. \u010eakujeme sn\u00fabencom za dne\u0161n\u00fa slu\u017ebu, rozpis je pri modlitebn\u00fdch kni\u017ek\u00e1ch.<\/span><\/li>\n<\/ol>\n<p>&nbsp;<\/p>\n<ol start=\"4\">\n<li><span style=\"color: #808080;\">Poz\u00fdvame v\u0161etk\u00fdch veriacich na tradi\u010dn\u00fa mari\u00e1nsku m\u00e1jov\u00fa p\u00fa\u0165 do Mariastein, ktor\u00e1 bude o\u00a01 mesiac. (Detsk\u00e1 om\u0161a sa pos\u00fava a\u017e na 22.5.)<\/span><\/li>\n<\/ol>\n<p>&nbsp;<\/p>\n<ol start=\"5\">\n<li><span style=\"color: #808080;\">Zajtra odch\u00e1dzam na kr\u00e1tku n\u00e1v\u0161tevu Slovenska. V\u00a0pr\u00edpade potreby ma zast\u00fapi otec Anton\u00edn \u0160pa\u010dek. V\u0161etky sv. om\u0161e a\u00a0pobo\u017enosti zost\u00e1vaj\u00fa nezmenen\u00e9.<\/span><\/li>\n<\/ol>\n<p>&nbsp;<\/p>\n<ol start=\"6\">\n<li><span style=\"color: #808080;\">Po sv. om\u0161i sa pomodl\u00edme korunku k\u00a0Bo\u017eiemu milosrdenstvu a\u00a0po nej vysl\u00fa\u017eim sviatos\u0165 pomazania chor\u00fdch pre star\u00fdch a\u00a0chor\u00fdch.<\/span><\/li>\n<\/ol>\n<p>&nbsp;<\/p>\n<p><span style=\"color: #808080;\">Po sv. om\u0161i je tie\u017e stretnutie dospel\u00fdch na pr\u00edpravu na birmovku s\u00a0Andrejom.<\/span><\/p>\n<p>&nbsp;<\/p>\n<p><span style=\"color: #808080;\">V\u010faka za prekvapenie a va\u0161e milodary po\u010das p\u00f4stu, na Ukrajinu sme vyzbierali \u2013 2054,6 CHF (24,87 Eur) =&gt; 2100 CHF.<\/span><\/p>\n<p style=\"text-align: center;\">*<\/p>\n<p><span style=\"color: #808080;\"><strong>SLOVENSK<\/strong><strong>\u00c1 KATOL\u00cdCKA MISIA, BRAUERSTRA<\/strong><strong>SSE<\/strong><strong>\u00a0<\/strong><strong>99; 8004 Z\u00dcRICH<\/strong><\/span><\/p>\n<p><span style=\"color: #808080;\"><strong>T\/F: 0041 44 241 50 22<\/strong><\/span><\/p>\n<p><span style=\"color: #808080;\">\u00a0Oznamy na Ve\u013ekono\u010dn\u00fa nede\u013eu Nede\u013eu.<\/span><\/p>\n<p>&nbsp;<\/p>\n<p><span style=\"color: #808080;\">Liturgick\u00fd kalend\u00e1r:<\/span><\/p>\n<p><span style=\"color: #808080;\">Ve\u013ekono\u010dnou Nede\u013eou za\u010d\u00edna Ve\u013ekono\u010dn\u00e1 okt\u00e1va, ktor\u00e1 sa cel\u00e1 sl\u00e1vi ako jeden de\u0148 Kristovho zm\u0155tvychvstania. Po\u010das celej okt\u00e1vy zaznieva pri sv. om\u0161i gl\u00f3ria a sl\u00e1vnostn\u00e9 aleluja.<\/span><\/p>\n<p><span style=\"color: #808080;\">Bud\u00faca nede\u013ea je Druh\u00e1 ve\u013ekono\u010dn\u00e1 &#8211; Nede\u013ea Bo\u017eieho milosrdenstva. Po sv. om\u0161i udel\u00edm sviatos\u0165 pomazania chor\u00fdch. (Ohrozenie \u017eivota starobou alebo chorobou i za\u010d\u00ednaj\u00facou. odpustenie hriechov, ak ho chor\u00fd nemohol prija\u0165 vo sviatosti pok\u00e1nia)<\/span><\/p>\n<p><span style=\"color: #808080;\">Namiesto <em>Anjel P\u00e1na<\/em> sa po cel\u00e9 Ve\u013ekono\u010dn\u00e9 obdobie modl\u00edme <em>Raduj sa, nebies Kr\u00e1\u013eovn\u00e1. <\/em>Ve\u013ekono\u010dn\u00e9 obdobie trv\u00e1 a\u017e do Zoslania Ducha Sv\u00e4t\u00e9ho.<\/span><\/p>\n<p>&nbsp;<\/p>\n<p><span style=\"color: #808080;\">Program sv. om\u0161\u00ed po\u010das t\u00fd\u017ed\u0148a:<\/span><\/p>\n<p>&nbsp;<\/p>\n<p><span style=\"color: #808080;\">Streda sv. om\u0161a o 20:00 na Talianskej. Stretnutie spevokolu je \u00bd hodinku pred sv. om\u0161ou a\u00a0po sv. om\u0161i radostn\u00e9 podelenie a\u00a0Agap\u00e9. Te\u0161\u00edme sa na dobroty.<\/span><\/p>\n<p>&nbsp;<\/p>\n<ol>\n<li><span style=\"color: #808080;\">\u010eakujeme v\u0161etk\u00fdm, ktor\u00ed sa podie\u013eali na pr\u00edprave a sl\u00e1ven\u00ed Ve\u013ekono\u010dn\u00fdch sviatkov:<\/span><\/li>\n<\/ol>\n<p><span style=\"color: #808080;\">Mini\u0161trantom, spev\u00e1kom, organistovi, lektorom.<\/span><\/p>\n<p>&nbsp;<\/p>\n<ol start=\"2\">\n<li><span style=\"color: #808080;\">Utorkov\u00e9 stretko e\u0161te nebude.<\/span><\/li>\n<\/ol>\n<p>&nbsp;<\/p>\n<ol start=\"3\">\n<li><span style=\"color: #808080;\">Vo \u0161tvrtkok je \u0161portov\u00fd kr\u00fa\u017eok.<\/span><\/li>\n<\/ol>\n<p>&nbsp;<\/p>\n<ol start=\"4\">\n<li><span style=\"color: #808080;\">Dnes po sv\u00e4tej om\u0161i nie je posedenie pri k\u00e1ve. Ve\u013ekono\u010dn\u00fd pr\u00edpitok?<\/span><\/li>\n<\/ol>\n<p>&nbsp;<\/p>\n<ol start=\"5\">\n<li><span style=\"color: #808080;\">Ve\u013ekono\u010dn\u00fd v\u00fdlet- info oh\u013eadom v\u00fdletu.<\/span><\/li>\n<\/ol>\n<p><span style=\"color: #808080;\">Srde\u010dne V\u00e1s poz\u00fdvame na Ve\u013ekono\u010dn\u00fd v\u00fdlet po sv. om\u0161i v Berne, ktor\u00fd bude\u00a0 v pondelok 28. marca o 9:00 v\u00a0 Dreifaltigkeit na Taubenstrasse 6, Bern.<\/span><\/p>\n<p><span style=\"color: #808080;\">Stret\u00e1vka \u00fa\u010dastn\u00edkov je na parkovisku pri re\u0161taur\u00e1cii Belchenfkue o 12:00. <strong>Jedna z najzauj\u00edmavej\u0161\u00edch vyhliadok a z\u00e1rove\u0148 ve\u013emi \u013eahko pr\u00edstupn\u00e1 je vyhliadka v BELCHENFLUE v Oberbolchen regione<\/strong>. Je to odbo\u010dka z dia\u013enice <strong>BERN-BASEL za tunelom do dediny Eptingen<\/strong>.<\/span><\/p>\n<p style=\"text-align: center;\">*<\/p>\n<p style=\"text-align: center;\"><span style=\"color: #808080;\"><strong>SLOVENSK<\/strong><strong>\u00c1 KATOL\u00cdCKA MISIA, BRAUERSTRA<\/strong><strong>SSe<\/strong><strong>\u00a0<\/strong><strong>99; 8004 Z\u00dcRICH<\/strong><\/span><\/p>\n<p style=\"text-align: center;\"><span style=\"color: #808080;\"><strong>T\/F: 0041 44 241 50 22<\/strong><\/span><\/p>\n<p>&nbsp;<\/p>\n<p><span style=\"color: #808080;\">Oznamy na 5. P\u00f4stnu Nede\u013eu.<\/span><\/p>\n<p>&nbsp;<\/p>\n<p><span style=\"color: #808080;\">Liturgick\u00fd kalend\u00e1r:<\/span><\/p>\n<p><span style=\"color: #808080;\">Vo \u0161tvrtok je spomienka sv. Patrika, biskupa.<\/span><\/p>\n<p><span style=\"color: #808080;\">V piatok je spomienka sv. Cyrila Jeruzalemsk\u00e9ho, biskupa.<\/span><\/p>\n<p><span style=\"color: #808080;\">V sobotu je sl\u00e1vnos\u0165 sv. Jozefa, \u017een\u00edcha Panny M\u00e1rie.<\/span><\/p>\n<p><span style=\"color: #808080;\">Bud\u00faca nede\u013ea je 6. P\u00f4stna nede\u013ea- \u201cKvetn\u00e1 nede\u013ea\u201d.<\/span><\/p>\n<p>&nbsp;<\/p>\n<p><span style=\"color: #808080;\">Program sv. om\u0161\u00ed po\u010das t\u00fd\u017ed\u0148a:<\/span><\/p>\n<p>&nbsp;<\/p>\n<p><span style=\"color: #808080;\">Streda sv. om\u0161a o 20:00 na Talianskej. Po sv. om\u0161i je stretnutie v ml\u00e1de\u017en\u00edckom stredisku pod kostom obohaten\u00e9 n\u00e1cvikom piesn\u00ed.<\/span><\/p>\n<p>&nbsp;<\/p>\n<ol>\n<li><span style=\"color: #808080;\">V utorok o 9:30 bude stretnutie mami\u010diek v hra\u010dk\u00e1rni na pr\u00edzem\u00ed Liebfrauen s pojen\u00e9 s Ador\u00e1ciou. V\u0161etky mami\u010dky s\u00fa pozvn\u00e9.<\/span><\/li>\n<\/ol>\n<p>&nbsp;<\/p>\n<ol start=\"2\">\n<li><span style=\"color: #808080;\">\u00datorkov\u00e9 stretko za\u010dneme v kostole dona Bosca modlitbou Korunky Bo\u017eieho milosrdenstva. Sme srde\u010dne pozvan\u00ed.<\/span><\/li>\n<\/ol>\n<p>&nbsp;<\/p>\n<ol start=\"3\">\n<li><span style=\"color: #808080;\">Vo \u0161tvrtkok je \u0161portov\u00fd kr\u00fa\u017eok.<\/span><\/li>\n<\/ol>\n<p>&nbsp;<\/p>\n<ol start=\"5\">\n<li><span style=\"color: #808080;\">Srde\u010dne V\u00e1s poz\u00fdvame na detsk\u00fa kr\u00ed\u017eov\u00fa cestu 19.3. 2016 o 10:45. Stretnutie \u00fa\u010dastn\u00edkov je v Spreitenbachu na konci Heiterbergstrasse \u2013 a\u017e po dopravn\u00fa zna\u010dku Z\u00e1kaz vjazdu. Po pobo\u017enosti Kr\u00ed\u017eovej cesty je mo\u017enos\u0165 grilova\u0165 na bl\u00edzkom grile a ohnisku.<\/span><\/li>\n<\/ol>\n<p>&nbsp;<\/p>\n<ol start=\"6\">\n<li><span style=\"color: #808080;\">Info o\u00a0Ve\u013ekono\u010dn\u00fdch obradoch n\u00e1jdete v\u00a0posledom MI alebo na <a style=\"color: #808080;\" href=\"https:\/\/www.skmisia.ch\">skmisia.ch<\/a>.<\/span><\/li>\n<\/ol>\n<p>&nbsp;<\/p>\n<ol start=\"7\">\n<li><span style=\"color: #808080;\">Srde\u010dn\u00e1 v\u010faka v\u0161etk\u00fdm z\u00fa\u010dastnen\u00fdm za minulot\u00fd\u017ed\u0148ov\u00fa kr\u00ed\u017eov\u00fa cestu v\u00a0pr\u00edrode.<\/span><\/li>\n<\/ol>\n<p>&nbsp;<\/p>\n<ol start=\"8\">\n<li><span style=\"color: #808080;\">Na bud\u00facu nede\u013eu sa pred sv. om\u0161ou zoskup\u00edme na priestranstve pred Kryptou. Tu bud\u00fa po\u017eehnan\u00e9 ratolesti a\u00a0n\u00e1sledn\u00fdm sprievodom do krypty si\u00a0pripomenieme Je\u017ei\u0161ov sl\u00e1vnostn\u00fd vstup do Jeruzalema. M\u00f4\u017eete si prinies\u0165 aj vlastn\u00e9 bahniatka.<\/span><\/li>\n<\/ol>\n<p>&nbsp;<\/p>\n<ol start=\"9\">\n<li><span style=\"color: #808080;\">Na bud\u00facu nede\u013eu bude informa\u010dn\u00e9 stretko o svetovom dni ml\u00e1de\u017ee. Svedectvo i inform\u00e1cie sa dozviete po sv. om\u0161i.<\/span><\/li>\n<\/ol>\n<p>&nbsp;<\/p>\n<ol start=\"10\">\n<li><span style=\"color: #808080;\">V\u010faka don Petrovi Pag\u00e1\u010dovi za duchovn\u00fa obnovu a slov\u00e1 povzbudenia.<\/span><\/li>\n<\/ol>\n<p style=\"text-align: center;\"><span style=\"color: #808080;\">*<\/span><\/p>\n<p style=\"text-align: center;\"><span style=\"color: #808080;\"><strong>SLOVENSK<\/strong><strong>\u00c1 KATOL\u00cdCKA MISIA, BRAUERSTRA<\/strong><strong>SSe<\/strong><strong>\u00a0<\/strong><strong>99; 8004 Z\u00dcRICH<\/strong><\/span><\/p>\n<p style=\"text-align: center;\"><span style=\"color: #808080;\"><strong>T\/F: 0041 44 241 50 22<\/strong><\/span><\/p>\n<p>&nbsp;<\/p>\n<p><span style=\"color: #808080;\">Oznamy na 4. P\u00f4stnu Nede\u013eu.<\/span><\/p>\n<p>&nbsp;<\/p>\n<p><span style=\"color: #808080;\">Liturgick\u00fd kalend\u00e1r:<\/span><\/p>\n<p><span style=\"color: #808080;\">V pondelok je (\u013eubovo\u013en\u00e1) spomienka sv. Perpetui a Felicity, mu\u010den\u00edc.<\/span><\/p>\n<p><span style=\"color: #808080;\">V utorok je \u013eubovo\u013en\u00e1 spomienka sv. J\u00e1na z Boha, reho\u013en\u00edka.<\/span><\/p>\n<p><span style=\"color: #808080;\">Bud\u00faca nede\u013ea je 5. P\u00f4stna nede\u013ea- \u201cSmrtn\u00e1 nede\u013ea\u201d.<\/span><\/p>\n<p>&nbsp;<\/p>\n<p><span style=\"color: #808080;\">Program sv. om\u0161\u00ed po\u010das t\u00fd\u017ed\u0148a:<\/span><\/p>\n<p>&nbsp;<\/p>\n<p><span style=\"color: #808080;\">Streda sv. om\u0161a o 20:00 na Talianskej. Stretnutie spevokolu je \u00bd hodinku pred sv. om\u0161ou. Po sv. om\u0161i je stretnutie v ml\u00e1de\u017en\u00edckom stredisku pod kostom zameran\u00e9 na n\u00e1cvik p\u00f4stnych a ve\u013ekono\u010dn\u00fdch piesn\u00ed.<\/span><\/p>\n<p><span style=\"color: #808080;\">Na sv. om\u0161i sa z\u00fa\u010dastn\u00ed aj riadite\u013e \u00daradu pre Slov\u00e1kov \u017eij\u00facich v zahrani\u010d\u00ed.<\/span><\/p>\n<p>&nbsp;<\/p>\n<ol>\n<li><span style=\"color: #808080;\">Po sv. om\u0161i je:<\/span><\/li>\n<\/ol>\n<ul>\n<li><span style=\"color: #808080;\">stretnutie spev\u00e1kov pa\u0161i\u00ed pri organe pod veden\u00edm Tonka Hrneka.<\/span><\/li>\n<li><span style=\"color: #808080;\">spolo\u010dn\u00e9 posedenie so \u0160vaj\u010diarmi pri k\u00e1ve a Fasten Zuppe vo ve\u013ekej s\u00e1le v pastora\u010dn\u00fdch priestorov oproti kostolu. Pr\u00eddme ich podpori\u0165 J<\/span><\/li>\n<li><span style=\"color: #808080;\">detsk\u00e1 sv. om\u0161a.<\/span><\/li>\n<li><span style=\"color: #808080;\">katech\u00e1za dospel\u00fdch pripravuj\u00facich sa na birmovku.<\/span><\/li>\n<\/ul>\n<p>&nbsp;<\/p>\n<ol start=\"2\">\n<li><span style=\"color: #808080;\">Dnes popoludn\u00ed o 15:00 sa bude KR\u00cd\u017dOV\u00c1 CESTA V PR\u00cdRODE \u2013 CHODN\u00cdKOM NA UETLIBERG (Z\u00fcrich). Za\u010diatok je o 15:00. Stretneme sa na parkovisku pre aut\u00e1 na Uetlibergstrasse 345, Z\u00fcrich. Spojmi mestskej dopravy je najv\u00fdhodnej\u0161ie cestova\u0165 na kone\u010dn\u00e9 zast\u00e1vky <strong>elektri\u010dky \u010d. 13<\/strong> (s n\u00e1zvom <strong>Albisg\u00fcetli<\/strong>) alebo <strong>trolejbusu \u010d. 32<\/strong> (s n\u00e1zvom <strong>Strassenverkrsamt<\/strong>). Odtia\u013e treba kr\u00e1\u010da\u0165 k\u00fasok nahor smerom ku lesu. Budeme putova\u0165 po zvy\u010dajnom turistickom chodn\u00edku, vystupuj\u00fac na vrchol kopca Uetliberg. Nezabudnite preto na pevn\u00fa obuv. Poz\u00fdvame toho roku op\u00e4\u0165 v\u0161etk\u00fdch \u201eskaln\u00fdch\u201c ale i \u201enovicov\u201c do n\u00e1\u0161ich radov, a\u00a0toto spolo\u010denstvo umocn\u00edme v\u00a0z\u00e1vere v\u00fdborn\u00fdm pohosten\u00edm a\u00a0podelen\u00edm z\u00a0na\u0161ich ruksakov.J Info je na let\u00e1koch.<\/span><\/li>\n<\/ol>\n<p>&nbsp;<\/p>\n<ol start=\"3\">\n<li><span style=\"color: #808080;\">V utorok o 19:00 bude v kostole dona Bosca Kr\u00ed\u017eov\u00e1 cesta. Po nej je mo\u017enos\u0165 z\u00fa\u010dastni\u0165 sa ml\u00e1de\u017en\u00edcko-biblick\u00e9ho stretka, asi o\u00a019:30 na Talianskej misii na t\u00e9mu <strong>AKO M\u00c1 KRES\u0164AN POM\u00c1HA\u0164 N\u00daDZNYM<\/strong>&#8211; poz\u00fdvame mlad\u00fdch medzi seba.<\/span><\/li>\n<\/ol>\n<p>&nbsp;<\/p>\n<ol start=\"4\">\n<li><span style=\"color: #808080;\">Vo \u0161tvrtkok je \u0161portov\u00fd kr\u00fa\u017eok.<\/span><\/li>\n<\/ol>\n<p>&nbsp;<\/p>\n<ol start=\"5\">\n<li><span style=\"color: #808080;\">Bud\u00faci v\u00edkend je Duchovn\u00e1 obnova s predve\u013ekono\u010dnou sv. spove\u010fou. T\u00e9ma DO je Predn\u00e1\u0161kov\u00e9 bloky za\u010d\u00ednaj\u00fa:<\/span><\/li>\n<\/ol>\n<ul>\n<li><span style=\"color: #808080;\">V piatok o 19:00 v Krypte<\/span><\/li>\n<li><span style=\"color: #808080;\">V sobotu o 17:00 v Krypte<\/span><\/li>\n<li><span style=\"color: #808080;\">V nede\u013eu o 9:30<\/span><\/li>\n<\/ul>\n<p>&nbsp;<\/p>\n<ol start=\"6\">\n<li><span style=\"color: #808080;\">Pri modlitebn\u00fdch kni\u017ek\u00e1ch si m\u00f4\u017eete vzia\u0165:<\/span><\/li>\n<\/ol>\n<ul>\n<li><span style=\"color: #808080;\">nov\u00e9 \u010d\u00edslo MI- zameran\u00e9 na Ve\u013ekono\u010dn\u00e9 sl\u00e1vnosti.<\/span><\/li>\n<li><span style=\"color: #808080;\">let\u00e1\u010dik o programe\u00a0duchovnej obnove<\/span><\/li>\n<li><span style=\"color: #808080;\">let\u00e1\u010diky o\u00a0Kr\u00ed\u017eov\u00fdch cest\u00e1ch (Detsk\u00e1 19.3. 2016).<\/span><\/li>\n<\/ul>\n<p>&nbsp;<\/p>\n<ol start=\"7\">\n<li><span style=\"color: #808080;\">Predsavzatie na \u010fal\u0161\u00ed p\u00f4stny t\u00fd\u017ede\u0148: Ubli\u017euj\u00facim odp\u00fa\u0161\u0165a\u0165.<\/span><\/li>\n<\/ol>\n<p style=\"text-align: center;\"><span style=\"color: #808080;\"><strong>SLOVENSK<\/strong><strong>\u00c1 KATOL\u00cdCKA MISIA, BRAUERSTRA<\/strong><strong>SSe<\/strong><strong>\u00a0<\/strong><strong>99; 8004 Z\u00dcRICH; T\/F: 0041 44 241 50 22<\/strong><\/span><\/p>\n<p>&nbsp;<\/p>\n<p><span style=\"color: #808080;\">Oznamy na 2. P\u00f4stnu Nede\u013eu.<\/span><\/p>\n<p><span style=\"color: #808080;\">Liturgick\u00fd kalend\u00e1r:<\/span><\/p>\n<p>&nbsp;<\/p>\n<p><span style=\"color: #808080;\">V\u00a0pondelok je sviatok Katedra sv. Petra, apo\u0161tola.<\/span><\/p>\n<p><span style=\"color: #808080;\">Bud\u00faca nede\u013ea je 3. P\u00f4stna nede\u013ea.<\/span><\/p>\n<p>&nbsp;<\/p>\n<p><span style=\"color: #808080;\">Program sv. om\u0161\u00ed po\u010das t\u00fd\u017ed\u0148a:<\/span><\/p>\n<p>&nbsp;<\/p>\n<p><span style=\"color: #808080;\"><strong>Streda sv. om\u0161a o 20:00<\/strong> na Talianskej misii. Po sv. om\u0161i poz\u00fdvame na precvi\u010denie p\u00f4stnych piesn\u00ed.<\/span><\/p>\n<p>&nbsp;<\/p>\n<ol>\n<li><span style=\"color: #808080;\">V utorok o 19:00 bude v kostole dona Bosca Kr\u00ed\u017eov\u00e1 cesta. Po nej je mo\u017enos\u0165 z\u00fa\u010dastni\u0165 sa ml\u00e1de\u017en\u00edcko-biblick\u00e9ho stretka, asi o\u00a019:30 na Talianskej misii na t\u00e9mu <strong>PROJEKT VLASTN\u00c9HO \u017dIVOTA<\/strong>&#8211; poz\u00fdvame mlad\u00fdch medzi seba.<\/span><\/li>\n<\/ol>\n<ol start=\"2\">\n<li><span style=\"color: #808080;\">V stredu pred sv. om\u0161ou o 19:30 bude p\u00f4stna ml\u00e1de\u017en\u00edcka kri\u017eov\u00e1 cesta. Bude to na Talianksej misii v kostole sv. J\u00e1na Bosca.<\/span><\/li>\n<\/ol>\n<ol start=\"3\">\n<li><span style=\"color: #808080;\">Vo \u0161tvrtkok nie je \u0161portov\u00fd kr\u00fa\u017eok.<\/span><\/li>\n<\/ol>\n<ol start=\"4\">\n<li><span style=\"color: #808080;\">Po sv\u00e4tej om\u0161i v\u00e1s poz\u00fdvame na posedenie pri k\u00e1ve do ve\u013ekej s\u00e1ly do pastora\u010dn\u00fdch priestorov oproti kostolu. Pri modlitebn\u00fdch kni\u017ek\u00e1ch je n\u00e1stenka s rozpisom slu\u017eieb. Kto sa e\u0161te nezapojil, m\u00f4\u017ee sa tam zap\u00edsa\u0165.<\/span><\/li>\n<\/ol>\n<ol start=\"5\">\n<li><span style=\"color: #808080;\">Na bud\u00facu nede\u013eu bude mo\u017enos\u0165 sv. spovede cez sel\u00fa sv. om\u0161u. Pr\u00edde spoveda\u0165 don Jozef Bago.<\/span><\/li>\n<\/ol>\n<ol start=\"6\">\n<li><span style=\"color: #808080;\">Kr\u00ed\u017eov\u00e1 cesta v pr\u00edrode na Uetliberg pl\u00e1nujeme na 6. Marca 2016 o 15:00. <strong>Teda o 2 t\u00fd\u017edne.<\/strong><\/span><\/li>\n<\/ol>\n<p><span style=\"color: #808080;\">Kr\u00ed\u017eov\u00e1 cesta za \u00fa\u010dast\u00ed det\u00ed sa pl\u00e1nuje na 19. Marca pri Spreitenbachu, ako minul\u00fd rok.<\/span><\/p>\n<p><span style=\"color: #808080;\"><u>O tri t\u00fd\u017edene<\/u> sa na na\u0161ej SKM bude ude\u013eova\u0165 Bo\u017eia Amnestia v podobe p\u00f4stnej duchovnej obnovy, ktor\u00fa pr\u00edde k\u00e1za\u0165 don Peter Pag\u00e1\u010d, slovensk\u00fd k\u0148az v Lond\u00fdne.<\/span><\/p>\n<p style=\"text-align: center;\"><span style=\"color: #808080;\">*<\/span><\/p>\n<p style=\"text-align: center;\"><span style=\"color: #808080;\">*<\/span><\/p>\n<p style=\"text-align: center;\"><span style=\"color: #808080;\"><strong>\u00a0<\/strong><strong>SLOVENSK<\/strong><strong>\u00c1 KATOL\u00cdCKA MISIA, BRAUERSTRA<\/strong><strong>SSe<\/strong><strong>\u00a0<\/strong><strong>99; 8004 Z\u00dcRICH;<\/strong><\/span><\/p>\n<p style=\"text-align: center;\"><span style=\"color: #808080;\"><strong>T\/F: 0041 44 241 50 22<\/strong><\/span><\/p>\n<p><span style=\"color: #808080;\">Oznamy na 1. P\u00f4stnu Nede\u013eu.<\/span><\/p>\n<p><span style=\"color: #808080;\">Liturgick\u00fd kalend\u00e1r:<\/span><\/p>\n<p>&nbsp;<\/p>\n<p><span style=\"color: #808080;\">Liturgia p\u00f4stneho obdobia m\u00e1 pr\u00edpravn\u00fd a\u00a0kaj\u00faci r\u00e1z. Preto toto obdobie naz\u00fdvame siln\u00e9 a p\u00f4stne\u00a0liturgick\u00e9 texty\u00a0maj\u00fa zna\u010dn\u00fa prednos\u0165. V\u0161etky spomienky v\u00a0P\u00f4stnom obdob\u00ed sa st\u00e1vaj\u00fa \u013eubovo\u013en\u00fdmi.<\/span><\/p>\n<p><span style=\"color: #808080;\">Bud\u00faca nede\u013ea je 2. P\u00f4stna nede\u013ea.<\/span><\/p>\n<p>&nbsp;<\/p>\n<p><span style=\"color: #808080;\">Program sv. om\u0161\u00ed po\u010das t\u00fd\u017ed\u0148a:<\/span><\/p>\n<p>&nbsp;<\/p>\n<p><span style=\"color: #808080;\"><strong>Streda sv. om\u0161a o 20:00<\/strong> na Talianskej misii. Tradi\u010dn\u00fd n\u00e1cvik piesn\u00ed bude v p\u00f4ste b\u00fdva\u0165 po sv. om\u0161i namiesto ob\u010derstvenia, ktor\u00e9ho sa zriekneme v prospech Ukrajiny. Chceme tak v p\u00f4ste popracova\u0165 i na n\u00e1cviku piesn\u00ed, aby sme lep\u0161ie pre\u017e\u00edvali liturgiu.<\/span><\/p>\n<p>&nbsp;<\/p>\n<ol>\n<li><span style=\"color: #808080;\">Po sv. om\u0161i m\u00e1 birmovaneck\u00e9 stretko- ml\u00e1de\u017e.<\/span><\/li>\n<\/ol>\n<p>&nbsp;<\/p>\n<ol start=\"2\">\n<li><span style=\"color: #808080;\">\u00datorkov\u00e9 stretko za\u010dne kr\u00ed\u017eovou cestou o 19:00 v kostole dona Bosca a potom budeme pokra\u010dova\u0165 ml\u00e1de\u017en\u00edckym stretkom. (Do zvy\u0161ku p\u00f4stu kri\u017eova cesta bude z\u00e1visie\u0165 od iniciat\u00edvy mlad\u00fdch a veriaceho \u013eudu, &#8230;Uetliberg, at\u010f)<\/span><\/li>\n<\/ol>\n<p>&nbsp;<\/p>\n<ol start=\"3\">\n<li><span style=\"color: #808080;\">Vo \u0161tvrtok nie je \u0161portov\u00fd kr\u00fa\u017eok \u2013 s\u00fa pr\u00e1zdniny.<\/span><\/li>\n<\/ol>\n<p>&nbsp;<\/p>\n<ol start=\"4\">\n<li><span style=\"color: #808080;\">Po sv\u00e4tej om\u0161i v\u00e1s poz\u00fdvame na posedenie pri k\u00e1ve do ve\u013ekej s\u00e1ly do pastora\u010dn\u00fdch priestorov oproti kostolu. V\u010faka za slu\u017ebu minuly t\u00fd\u017eden dospel\u00fdm birmovancom i za dne\u0161n\u00fa slu\u017ebu.<\/span><\/li>\n<\/ol>\n<p>&nbsp;<\/p>\n<ol start=\"5\">\n<li><span style=\"color: #808080;\">Pripom\u00ednam mo\u017enos\u0165 sv. spovede \u00bd hodinu pred ka\u017edou nede\u013enou sv. om\u0161ou, ak som vo\u013en\u00fd aj po sv. om\u0161i, ale niekedy je v tedy viacej stranok.<\/span><\/li>\n<\/ol>\n<p>&nbsp;<\/p>\n<ol start=\"6\">\n<li><span style=\"color: #808080;\">P\u00f4stna aktivita \u2013 ako funguje? U\u010d\u00edme deti by\u0165 citliv\u00fdmi na n\u00fadznych.<\/span><\/li>\n<\/ol>\n<p>&nbsp;<\/p>\n<p style=\"text-align: center;\"><span style=\"color: #808080;\">*<\/span><\/p>\n<p style=\"text-align: center;\"><span style=\"color: #808080;\">*<\/span><\/p>\n<p style=\"text-align: center;\"><span style=\"color: #808080;\">SLOVENSK\u00c1 KATOL\u00cdCKA MISIA, BRAUERSTRASSe\u00a099; 8004 ZURICH;<\/span><\/p>\n<p style=\"text-align: center;\"><span style=\"color: #808080;\">T\/F: 0041 44 241 50 22<\/span><\/p>\n<p>&nbsp;<\/p>\n<p><span style=\"color: #808080;\">Oznamy na 4. Nede\u013eu v cezro\u010dnom obdob\u00ed.<\/span><\/p>\n<p><span style=\"color: #808080;\">Liturgick\u00fd kalend\u00e1r:<\/span><\/p>\n<p>&nbsp;<\/p>\n<p><span style=\"color: #808080;\">V utorok je sviatok obetovanie P\u00e1na.<\/span><\/p>\n<p><span style=\"color: #808080;\">V stredu je \u013eubovo\u013en\u00e1 spomienka sv. Bla\u017eeja, biskupa a mu\u010den\u00edka.<\/span><\/p>\n<p><span style=\"color: #808080;\">V piatok je spomienka sv. Ag\u00e1ty, panny a mu\u010denice a prv\u00fd piatok v mesiaci.<\/span><\/p>\n<p><span style=\"color: #808080;\">V sobotu je sv. Pavla Mikiho a spolo\u010dn\u00edkov, mu\u010den\u00edkov.<\/span><\/p>\n<p><span style=\"color: #808080;\">Bud\u00faca nede\u013ea je 5. Nede\u013ea v cezro\u010dnom obdob\u00ed.<\/span><\/p>\n<p>&nbsp;<\/p>\n<p><span style=\"color: #808080;\">Program sv. om\u0161\u00ed po\u010das t\u00fd\u017ed\u0148a:<\/span><\/p>\n<p><span style=\"color: #808080;\"><strong>Streda sv. om\u0161a o 20:00<\/strong> na Talianskej misii- poz\u00fdvame si zaspieva\u0165 do spevokolu 31.min pred sv. om\u0161ou. Po sv\u00e4tej om\u0161i bude Ador\u00e1cia za rodiny z pr\u00edle\u017eitosti modlitieb za Referendum.<\/span><\/p>\n<p><span style=\"color: #808080;\"><strong>V piatok o 20:00 sv. om\u0161a<\/strong>. Po sv. om\u0161i bude nasledova\u0165 prvopiatkov\u00e1 pobo\u017enos\u0165 po\u010das ktorej bude mo\u017enos\u0165 sv. Spoved\u00ed.<\/span><\/p>\n<ol>\n<li><span style=\"color: #808080;\">Ml\u00e1de\u017en\u00edcko-biblick\u00e9 stretko &#8211; v\u00a0utorok o\u00a019:00 na Talianskej misii- poz\u00fdvame medzi seba.<\/span><\/li>\n<\/ol>\n<ol start=\"2\">\n<li><span style=\"color: #808080;\">\u0160portov\u00fd kr\u00fa\u017eok bude vo \u0161tvrtok o\u00a019:00 pre chlapov a\u00a0otcov.<\/span><\/li>\n<\/ol>\n<ol start=\"3\">\n<li><span style=\"color: #808080;\">Pozor, detsk\u00e1 sv. om\u0161a bude v prv\u00fa febru\u00e1rov\u00fa nede\u013eu a to 7. Febru\u00e1ra o 11:30. Deti bud\u00fa ma\u0165 n\u00e1cvik pred sv. om\u0161ou.<\/span><\/li>\n<\/ol>\n<ol start=\"4\">\n<li><span style=\"color: #808080;\">Z\u00e1v\u00e4zn\u00fa prihl\u00e1\u0161ka na p\u00fa\u0165 do R\u00edma <strong>spolu so z\u00e1lohou 300 CHF<\/strong> je nutn\u00e9 odovzda\u0165 do dnes 31.1. 2016, nako\u013eko zajtra rezervujeme letenky. Kto odovzdal predbe\u017en\u00fa prihl\u00e1\u0161ku, <strong>mus\u00ed odovzda\u0165 i z\u00e1v\u00e4zn\u00fa nako\u013eko je tam uveden\u00fd defin\u00edtny term\u00edn s podmienkami p\u00fate<\/strong>. V pr\u00edpade ome\u0161kania, v\u00e1m m\u00f4\u017eu st\u00fapnu\u0165 n\u00e1klady na letenky. V mojej nepr\u00edtomnosti ju odovzdajte prihl\u00e1\u0161ku po om\u0161i v sakristii p. \u013dudke Kova\u010di\u010dovej.<\/span><\/li>\n<\/ol>\n<ol start=\"5\">\n<li><span style=\"color: #808080;\">Pri v\u00fdchode z kostola pri modlitebn\u00fdch kni\u017ek\u00e1ch n\u00e1jdete let\u00e1\u010dik s d\u00f4le\u017eit\u00fdmi term\u00ednmy na na\u0161ej SKM na rok 2016 \u2013 Duchovn\u00e9 Obnovy, Popolcov\u00e1 streda, P\u00fate, &#8230; Zazna\u010dme si ich u\u017e teraz. (Duchovn\u00fa obnovu pr\u00edde k\u00e1za\u0165 don Peter Pag\u00e1\u010d z Lond\u00fdna)<\/span><\/li>\n<\/ol>\n<ol start=\"6\">\n<li><span style=\"color: #808080;\">Srde\u010dne v\u00e1s poz\u00fdvame na posedenie pri k\u00e1ve v pastora\u010dn\u00fdch priestoroch v budove oproti.<\/span><\/li>\n<\/ol>\n<ol start=\"7\">\n<li><span style=\"color: #808080;\">Zdru\u017eenie Slov\u00e1kov poz\u00fdva v\u0161etk\u00fdch na Fa\u0161iangov\u00fa sobotu spojen\u00fa s detsk\u00fdm karnevalom, vyst\u00fapen\u00edm slovensk\u00e9ho folkl\u00f3rneho s\u00faboru a cimbalovou muzikou ktor\u00e1 sa bude kona\u0165 6.2.2016 v Zurich-Leimbach. Detsk\u00fd karneval sa za\u010dne o 14:30 hod. a vyst\u00fapenie folkl\u00f3rneho s\u00faboru o 18:00 hod.<\/span><\/li>\n<\/ol>\n<p><span style=\"color: #808080;\">Rezerv\u00e1cia vstupeniek je mo\u017en\u00e1 najnesk\u00f4r do 2.2.2016. Viac inform\u00e1ci\u00ed na let\u00e1koch pri dver\u00e1ch alebo na webovej str\u00e1nke www.slovenskezvesti.ch. Te\u0161\u00edme sa na va\u0161u \u00fa\u010das\u0165.<\/span><\/p>\n<p><span style=\"color: #808080;\">Otec Pavol sa potom te\u0161\u00ed na va\u0161u \u00fa\u010das\u0165 na nede\u013enej sv. om\u0161i a to o 9:30 alebo 11:30 \ud83d\ude42<\/span><\/p>\n<p style=\"text-align: center;\"><span style=\"color: #808080;\">*<\/span><\/p>\n<p style=\"text-align: center;\"><span style=\"color: #808080;\">*<\/span><\/p>\n<p style=\"text-align: center;\"><span style=\"color: #808080;\">SLOVENSK\u00c1 KATOL\u00cdCKA MISIA, BRAUERSTRASSe\u00a099; 8004 ZURICH;<\/span><\/p>\n<p style=\"text-align: center;\"><span style=\"color: #808080;\">T\/F: 0041 44 241 50 22<\/span><\/p>\n<p><span style=\"color: #808080;\">Oznamy na 3. Nede\u013eu v cezro\u010dnom obdob\u00ed.<\/span><\/p>\n<p><span style=\"color: #808080;\">Liturgick\u00fd kalend\u00e1r:<\/span><\/p>\n<p>&nbsp;<\/p>\n<p><span style=\"color: #808080;\">V\u00a0pondelok je sviatok obr\u00e1tenia sv. Pavla, apo\u0161tola.<\/span><\/p>\n<p><span style=\"color: #808080;\">V utorok je spomienka sv. Timoteja a T\u00edta, biskupov.<\/span><\/p>\n<p><span style=\"color: #808080;\">Vo \u0161tvrtok je spomienka sv. Tom\u00e1\u0161a Akvinsk\u00e9ho, k\u0148aza a u\u010dite\u013ea Cirkvi.<\/span><\/p>\n<p><span style=\"color: #808080;\">V sobotu je spomienka Panny M\u00e1rie v sobotu, prv\u00e1 sobota v mesiaci.<\/span><\/p>\n<p><span style=\"color: #808080;\">Bud\u00faca nede\u013ea je 4. Nede\u013ea v cezro\u010dnom obdob\u00ed<\/span><\/p>\n<p><span style=\"color: #808080;\">(Spomienka sv. J\u00e1na Bosca sa preto sl\u00e1vi len v kostoloch, kde je patr\u00f3nom kostola)<\/span><\/p>\n<p>&nbsp;<\/p>\n<p>&nbsp;<\/p>\n<p><span style=\"color: #808080;\">Program sv. om\u0161\u00ed po\u010das t\u00fd\u017ed\u0148a:<\/span><\/p>\n<p>&nbsp;<\/p>\n<p><span style=\"color: #808080;\"><strong>Streda sv. om\u0161a o 20:00<\/strong> na Talianskej misii- poz\u00fdvame si zaspieva\u0165 do spevokolu.<\/span><\/p>\n<p>&nbsp;<\/p>\n<ol>\n<li><span style=\"color: #808080;\">Po sv. om\u0161i je k\u00e1va, v\u010faka za posl\u00fa\u017eenie zainteresovan\u00fdm.<\/span><\/li>\n<\/ol>\n<p>&nbsp;<\/p>\n<ol start=\"2\">\n<li><span style=\"color: #808080;\">V nede\u013eu salezi\u00e1nska rodina sl\u00e1vi sviatok svojho zakladate\u013ea sv. J\u00e1na Bosca. V sobotu ve\u010der o 18:30 bude v kostele dona Bosca ml\u00e1de\u017en\u00edcka modlitebn\u00e1 vig\u00edlia. V\u0161etci sme srde\u010dne pozvan\u00ed.<\/span><\/li>\n<\/ol>\n<p>&nbsp;<\/p>\n<ol start=\"3\">\n<li><span style=\"color: #808080;\">V utorok o 19:00 v\u00e1s poz\u00fdvame na ml\u00e1de\u017en\u00edcke stratnutie na Talianskej misii. T\u00e9ma animovan\u00e9ho stretnutia bude: V Boha ver\u00edm, Cirkev nepotrebujem.<\/span><\/li>\n<\/ol>\n<p>&nbsp;<\/p>\n<ol start=\"4\">\n<li><span style=\"color: #808080;\">Vo \u0161tvrtok je \u0161portov\u00fd kr\u00fa\u017eok ako obvykle. Poz\u00fdvame, v zdravom tele, zdrav\u00fd duch.<\/span><\/li>\n<\/ol>\n<p>&nbsp;<\/p>\n<ol start=\"5\">\n<li><span style=\"color: #808080;\">Bud\u00facu nede\u013eu ma pri sv. om\u0161i zast\u00fapi don Bago, budem nieko\u013eko dn\u00ed na Slovensku.<\/span><\/li>\n<\/ol>\n<p>&nbsp;<\/p>\n<ol start=\"6\">\n<li><span style=\"color: #808080;\">Z\u00e1v\u00e4zn\u00fa prihl\u00e1\u0161ka na p\u00fa\u0165 do R\u00edma <strong>spolu so z\u00e1lohou 300 CHF<\/strong> je k dispoz\u00edcii pri modlitebn\u00fdch kni\u017ek\u00e1ch. Odovzda\u0165 ju je nutn\u00e9 do 31.1. 2016, nako\u013eko potom rezervujeme letenky. Kto odovzdal predbe\u017en\u00fa prihl\u00e1\u0161ku, <strong>mus\u00ed odovzda\u0165 i z\u00e1v\u00e4zn\u00fa nako\u013eko je tam uveden\u00fd defin\u00edtny term\u00edn s podmienkami p\u00fate<\/strong>. V pr\u00edpade ome\u0161kania, v\u00e1m m\u00f4\u017eu st\u00fapnu\u0165 n\u00e1klady na letenky. V mojej nepr\u00edtomnosti ju odovzdajte p. Mgr. M\u00e1rii Kova\u010di\u010dovej.<\/span><\/li>\n<\/ol>\n<p>&nbsp;<\/p>\n<ol start=\"7\">\n<li><span style=\"color: #808080;\">Pri v\u00fdchode z kostola pri modlitebn\u00fdch kni\u017ek\u00e1ch si e\u0161te m\u00f4\u017eete vzia\u0165 dotla\u010den\u00e9 Trojkr\u00e1\u013eovsk\u00e9 n\u00e1lepky a texty. Sv\u00e4ten\u00e1 voda je v n\u00e1dobe v k\u00fate.<\/span><\/li>\n<\/ol>\n<p>&nbsp;<\/p>\n<ol start=\"8\">\n<li><span style=\"color: #808080;\">Pri v\u00fdchode z kostola pri modlitebn\u00fdch kni\u017ek\u00e1ch n\u00e1jdete let\u00e1\u010dik s d\u00f4le\u017eit\u00fdmi term\u00ednmy na na\u0161ej SKM na rok 2016 \u2013 Duchovn\u00e9 Obnovy, Popolcov\u00e1 streda, P\u00fate, &#8230; Zazna\u010dme si ich u\u017e teraz. (Peter Pag\u00e1\u010d)<\/span><\/li>\n<\/ol>\n<p style=\"text-align: center;\"><span style=\"color: #000000;\">S<span style=\"color: #808080;\">LOVENSK\u00c1 KATOL\u00cdCKA MISIA, BRAUERSTRASSE 99; 8004 ZURICH;<\/span><\/span><\/p>\n<p style=\"text-align: center;\"><span style=\"color: #808080;\">T\/F: 0041 44 241 50 22<\/span><\/p>\n<p>&nbsp;<\/p>\n<p><span style=\"color: #808080;\">Oznamy na 2. Nede\u013eu v\u00a0obdob\u00ed cez rok.<\/span><\/p>\n<p><span style=\"color: #808080;\">Liturgick\u00fd kalend\u00e1r:<\/span><\/p>\n<p><span style=\"color: #808080;\">Zajtra za\u010d\u00edna T\u00dd\u017dDE\u0147 MODLITIEB ZA JEDNOTU KRES\u0164ANOV, potrv\u00e1 do bud\u00faceho pondelka.<\/span><\/p>\n<p><span style=\"color: #808080;\">V stredu je \u013eubovo\u013en\u00e1 spomienka sv. \u0160ebasti\u00e1na, mu\u010den\u00edka (hl. Patr\u00f3n VO).<\/span><\/p>\n<p><span style=\"color: #808080;\">Vo \u0161tvrtok je spomienka sv. Agnesy, panny a mu\u010denice.<\/span><\/p>\n<p><span style=\"color: #808080;\">V sobotu je \u013eubovo\u013en\u00e1 spomienka Panny M\u00e1rie v sobotu.<\/span><\/p>\n<p><span style=\"color: #808080;\">Bud\u00faca nede\u013ea je 3. Nede\u013ea v cezro\u010dnom obdob\u00ed.<\/span><\/p>\n<p>&nbsp;<\/p>\n<p><span style=\"color: #808080;\">Program sv. om\u0161\u00ed po\u010das t\u00fd\u017ed\u0148a:<\/span><\/p>\n<p><span style=\"color: #808080;\">Streda sv. om\u0161a o 20:00 na Talianskej misii a po nej stretnutie na Taliankej misii.<\/span><\/p>\n<p>&nbsp;<\/p>\n<p><span style=\"color: #808080;\">\u010eal\u0161ie oznamy:<\/span><\/p>\n<ol>\n<li><span style=\"color: #808080;\">Po sv. om\u0161i je n\u00e1cvik detsk\u00e9ho zboru. Na bud\u00facu nede\u013eu je okrem riadnej aj detsk\u00e1 sv. om\u0161a o\u00a011.30.<\/span><\/li>\n<\/ol>\n<ol start=\"2\">\n<li><span style=\"color: #808080;\">Ml\u00e1de\u017en\u00edcko-biblick\u00e9 stretko &#8211; v\u00a0utorok o\u00a019:00 na Talianskej misii- poz\u00fdvame medzi seba.<\/span><\/li>\n<\/ol>\n<ol start=\"3\">\n<li><span style=\"color: #808080;\">Vo \u0161tvrtok bude futbalov\u00fd kr\u00fa\u017eok.<\/span><\/li>\n<\/ol>\n<ol start=\"4\">\n<li><span style=\"color: #808080;\">Z\u00e1v\u00e4zn\u00e1 prihl\u00e1\u0161ka na p\u00fa\u0165 do R\u00edma je k dispoz\u00edcii pri modlitebn\u00fdch kni\u017ek\u00e1ch. Odovzda\u0165 ju je nutn\u00e9 do 31.1. 2016, nako\u013eko potom rezervujeme letenky.<\/span><\/li>\n<\/ol>\n<ol start=\"5\">\n<li><span style=\"color: #808080;\">Srde\u010dn\u00e1 v\u010faka \u013dubke Batkovej, rodi\u010dom i de\u0165om za mil\u00fa Viano\u010dn\u00fa Besiedku. Te\u0161ime sa i o rok. PN.<\/span><\/li>\n<\/ol>\n<ol start=\"6\">\n<li><span style=\"color: #808080;\">Organiza\u010dn\u00e9 stretnutie oh\u013eadom pr\u00edpravy k\u00e1vy \u2013 COFFY TEAM, bude kr\u00e1tko po sv. om\u0161i v A-triede v pastora\u010dnom centre. Budeme rie\u0161i\u0165 pr\u00edpravu k\u00e1vy a zamykanie. Zaiteresovan\u00ed i ochotn\u00ed sa zapoji\u0165 s\u00fa pozvan\u00ed na sch\u00f4dzu.<\/span><\/li>\n<\/ol>\n<p>&nbsp;<\/p>\n<p style=\"text-align: center;\"><span style=\"color: #808080;\">SLOVENSK\u00c1 KATOL\u00cdCKA MISIA, BRAUERSTRASSE 99; 8004 ZURICH;<\/span><\/p>\n<p style=\"text-align: center;\"><span style=\"color: #808080;\">T\/F: 0041 44 241 50 22<\/span><\/p>\n<p style=\"text-align: left;\"><span style=\"color: #808080;\">Oznamy na Nede\u013eu Krstu Krista P\u00e1na.<\/span><\/p>\n<p><span style=\"color: #808080;\">Liturgick\u00fd kalend\u00e1r:<\/span><\/p>\n<p>&nbsp;<\/p>\n<p><span style=\"color: #808080;\">Dne\u0161n\u00fdm sviatkom kon\u010d\u00ed Viano\u010dn\u00e9 obdobie a\u00a0za\u010d\u00edna cezro\u010dn\u00e9 liturgick\u00e9 obdobie.<\/span><\/p>\n<p><span style=\"color: #808080;\">V stredu je \u013eubovo\u013en\u00e1 spomienka sv.Hil\u00e1ra, biskupa a u\u010dite\u013ea Cirkvi.<\/span><\/p>\n<p><span style=\"color: #808080;\">V sobotu je \u013eubovo\u013en\u00e1 spomienka Panny M\u00e1rie v sobotu.<\/span><\/p>\n<p>&nbsp;<\/p>\n<p><span style=\"color: #808080;\">Program sv. om\u0161\u00ed po\u010das t\u00fd\u017ed\u0148a:<\/span><\/p>\n<p>&nbsp;<\/p>\n<p><span style=\"color: #808080;\"><strong>Streda sv. om\u0161a o 20:00<\/strong> na Talianskej misii a po nej posedenie na Taliankej misii. N\u00e1cvik piesn\u00ed na sv. om\u0161u o 19:30 SE\u010c.<\/span><\/p>\n<p><span style=\"color: #808080;\"><strong>Ador\u00e1cia Modlitby Matiek<\/strong>, kde s\u00fa pozvan\u00ed i ostatn\u00ed, bude <strong>tento \u0161tvrtok od 9:30 do 10:30<\/strong> v Krypte. K dispoz\u00edcii bude i hra\u010dk\u00e1re\u0148 oproti v PC.<\/span><\/p>\n<p>&nbsp;<\/p>\n<p><span style=\"color: #808080;\">\u010eal\u0161ie oznamy:<\/span><\/p>\n<p>&nbsp;<\/p>\n<ol>\n<li><span style=\"color: #808080;\">Kr\u00fa\u017eky, stretk\u00e1 a \u0161porty s\u00fa ako obvykle. (*1. prehra v sez\u00f3ne).<\/span><\/li>\n<\/ol>\n<p>&nbsp;<\/p>\n<ol start=\"2\">\n<li><span style=\"color: #808080;\">Dnes po sv. om\u0161i je Viano\u010dn\u00e1 Besiedka v podan\u00ed na\u0161ich det\u00ed a po nej Novoro\u010dn\u00fd pr\u00edpitok.<\/span><\/li>\n<\/ol>\n<p>&nbsp;<\/p>\n<ol start=\"3\">\n<li><span style=\"color: #808080;\">Pri v\u00fdchode z kostola si e\u0161te m\u00f4\u017eete vzia\u0165 ob\u00e1lky s Trojkr\u00e1\u013eovsk\u00fdm po\u017eehnan\u00edm domu. Nech V\u00e1m posl\u00fa\u017eia pri posv\u00e4covan\u00ed va\u0161\u00edch pr\u00edbytkov, aby sa stali miestom oslavy Boha. V pr\u00edpade z\u00e1ujmu m\u00f4\u017eete poprosi\u0165 i o posv\u00e4tenie pr\u00edbytku k\u0148azom a nahl\u00e1si\u0165 sa na SKM.<\/span><\/li>\n<\/ol>\n<p>&nbsp;<\/p>\n<ol start=\"4\">\n<li><span style=\"color: #808080;\">Organiza\u010dn\u00e9 stretnutie oh\u013eadom pr\u00edpravy k\u00e1vy \u2013 COFFY TEAM, bude na bud\u00facu nede\u013eu 17.1. po sv. om\u0161i. Slu\u017eby pod\u00e1vania a upratania funguj\u00fa norm\u00e1lne \u010falej, av\u0161ak pr\u00edprava a zamykanie nefunguje a treba ho vyrie\u0161i\u0165. Zaiteresovan\u00ed i ochotn\u00ed to napravi\u0165 s\u00fa pozvan\u00ed na sch\u00f4dzu.<\/span><\/li>\n<\/ol>\n<p>&nbsp;<\/p>\n<ol start=\"5\">\n<li><span style=\"color: #808080;\">N\u00e1cvik detsk\u00e9ho zboru je nab\u00facu nede\u013eu po sv. om\u0161i a detsk\u00e1 sv. om\u0161a je o 2 t\u00fd\u017edne.<\/span><\/li>\n<\/ol>\n<p>&nbsp;<\/p>\n<ol start=\"6\">\n<li><span style=\"color: #808080;\">Z\u00e1v\u00e4zn\u00e1 prihl\u00e1\u0161ka na p\u00fa\u0165 do R\u00edma je k dispoz\u00edcii pri modlitebn\u00fdch kni\u017ek\u00e1ch. Odovzda\u0165 ju je nutn\u00e9 do 31.1. 2016, nako\u013eko potom rezervujeme letenky.<\/span><\/li>\n<\/ol>\n<p style=\"text-align: center;\"><span style=\"color: #999999;\">SLOVENSK\u00c1 KATOL\u00cdCKA MISIA, BRAUERSTRASSE 99; 8004 ZURICH;<\/span><\/p>\n<p style=\"text-align: center;\"><span style=\"color: #999999;\">T\/F: 0041 44 241 50 22<\/span><\/p>\n<p>&nbsp;<\/p>\n<p><span style=\"color: #999999;\">Oznamy na 2. Nede\u013eu po Naroden\u00ed P\u00e1na.<\/span><\/p>\n<p><span style=\"color: #999999;\">Liturgick\u00fd kalend\u00e1r:<\/span><\/p>\n<p>&nbsp;<\/p>\n<p><span style=\"color: #999999;\">V stredu je sl\u00e1vnos\u0165 Zjavenia P\u00e1na- Troch kr\u00e1\u013eov.<\/span><\/p>\n<p><span style=\"color: #999999;\">Vo \u0161tvrtok je \u013eubovo\u013en\u00e1 spomienka sv. Rajmunda z Pe\u0148afortu, k\u0148aza.<\/span><\/p>\n<p><span style=\"color: #999999;\">Bud\u00faca nede\u013ea je 3. Nede\u013ea po naroden\u00ed P\u00e1na- Krst Krista P\u00e1na a z\u00e1ver viano\u010dn\u00e9ho obdobia.<\/span><\/p>\n<p>&nbsp;<\/p>\n<p><span style=\"color: #999999;\">Program sv. om\u0161\u00ed po\u010das t\u00fd\u017ed\u0148a:<\/span><\/p>\n<p><span style=\"color: #999999;\"><strong>V stredu je sv. om\u0161a o 19:00 v Krypte Liebfrauen<\/strong> s po\u017eehnan\u00edm trojkr\u00e1\u013eovskej vody.<\/span><\/p>\n<p><span style=\"color: #999999;\"><strong>Teda pr\u00edzvukujem, \u017ee v stredu sv. om\u0161a\u00a0nie je o 20:00 na Talianskej misii, ako obvykle b\u00fdva!<\/strong><\/span><\/p>\n<p>&nbsp;<\/p>\n<p><span style=\"color: #999999;\">\u010eal\u0161ie oznamy:<\/span><\/p>\n<p><span style=\"color: #999999;\">Fungujeme na\u010falej v pr\u00e1zdninovom re\u017eime:<\/span><\/p>\n<ol>\n<li><span style=\"color: #999999;\">V utorok <strong>nebude<\/strong> biblick\u00e9 stretko na Talianskej misii o 20:00.<\/span><\/li>\n<\/ol>\n<ol start=\"2\">\n<li><span style=\"color: #999999;\">V stredu po\u010das sv\u00e4tej om\u0161e v Krypte po\u017eehn\u00e1m trojkr\u00e1\u013eovsk\u00fa vodu, ktor\u00fa si budete m\u00f4c\u0165 n\u00e1sledne vzia\u0165 s ob\u00e1lkou s Trojkr\u00e1\u013eovsk\u00fdm po\u017eehnan\u00edm V\u00e1\u0161ho domu. Je potrebn\u00e9, aby si ka\u017ed\u00fd priniesol f\u013ea\u0161ti\u010dku na vodu. Nech V\u00e1m trojkr\u00e1\u013eovsk\u00e1 voda posl\u00fa\u017ei pri posv\u00e4covan\u00ed va\u0161\u00edch pr\u00edbytkov, aby sa stali miestom oslavy Boha. V pr\u00edpade z\u00e1ujmu m\u00f4\u017eete poprosi\u0165 i o posv\u00e4tenie pr\u00edbytku k\u0148azom a nahl\u00e1si\u0165 sa na SKM.<\/span><\/li>\n<\/ol>\n<ol start=\"3\">\n<li><span style=\"color: #999999;\">Viano\u010dn\u00e9 vyst\u00fapenie\u00a0det\u00ed (viano\u010dn\u00e1 besiedka) bude na bud\u00facu nede\u013eu <strong> janu\u00e1ra po sv. om\u0161i<\/strong> o\u00a09:30 a\u00a0<strong>24. jaun\u00e1ra 2016<\/strong> o\u00a011:30 bude detsk\u00e1 sv. om\u0161a. Po vyst\u00fapen\u00ed bude Novoro\u010dn\u00fd pr\u00edpitok v\u00a0r\u00e9\u017eii zdru\u017eenia.<\/span><\/li>\n<\/ol>\n<p>&nbsp;<\/p>\n<p><strong>AKO VOLI\u0164 ZO ZAHRANI\u010cIA<\/strong><\/p>\n<ul>\n<li><strong>Voli\u010d, ktor\u00fd nem\u00e1 trval\u00fd pobyt na \u00fazem\u00ed\u00a0Slovenskej republiky, m\u00f4\u017ee po\u017eiada\u0165 p\u00edsomne alebo elektronicky o vo\u013ebu po\u0161tou.<\/strong>\u00a0\u017diados\u0165 o vo\u013ebu po\u0161tou mus\u00ed by\u0165 doru\u010den\u00e1 ministerstvu vn\u00fatra najnesk\u00f4r 50 dn\u00ed predo d\u0148om konania volieb, teda najnesk\u00f4r<br \/>\n<strong><u>15. janu\u00e1ra 2016.<\/u><\/strong><\/li>\n<li><strong>Voli\u010d, ktor\u00fd m\u00e1 trval\u00fd pobyt na \u00fazem\u00ed Slovenskej republiky a v \u010dase volieb sa zdr\u017eiava mimo jej \u00fazemia, m\u00f4\u017ee po\u017eiada\u0165 p\u00edsomne alebo elektronicky obec trval\u00e9ho pobytu o vo\u013ebu po\u0161tou.\u00a0<\/strong>\u017diados\u0165 mus\u00ed by\u0165 doru\u010den\u00e1 najnesk\u00f4r 50 dn\u00ed predo d\u0148om konania volieb.<\/li>\n<\/ul>\n<p>&nbsp;<\/p>\n<p><span style=\"color: #808080;\">SLOVENSK\u00c1 KATOL\u00cdCKA MISA, BRAUERSTRASSE 99; 8004 ZURICH;<\/span><\/p>\n<p><span style=\"color: #808080;\">T\/F: 0041 44 241 50 22<\/span><\/p>\n<p>&nbsp;<\/p>\n<p><span style=\"color: #808080;\">Oznamy na 4. Adventn\u00fa nede\u013eu.<\/span><\/p>\n<p>&nbsp;<\/p>\n<p><span style=\"color: #808080;\">Liturgick\u00fd kalend\u00e1r:<\/span><\/p>\n<p>&nbsp;<\/p>\n<p><span style=\"color: #808080;\">V piatok je sl\u00e1vnos\u0165 Narodenia P\u00e1na, prik\u00e1zan\u00fd sviatok. Po Ve\u013ekej Noci s\u00fa Vianoce najstar\u0161\u00edm kres\u0165ansk\u00fdm sviatkom a sl\u00e1via sa tzv. Viano\u010dnou okt\u00e1vou. To znamen\u00e1 8 dn\u00ed si pripom\u00edname v liturgii t\u00fato udalos\u0165 a recitujeme sl\u00e1vnostn\u00e9 \u201cGl\u00f3ria\u201d. Prv\u00fdmi Ve\u0161perami za\u010d\u00edna Viano\u010dn\u00e9 liturgick\u00e9 obdobie.<\/span><\/p>\n<p><span style=\"color: #808080;\">V sobotu je sviatok sv. \u0160tefana, prv\u00e9ho mu\u010den\u00edka.<\/span><\/p>\n<p><span style=\"color: #808080;\">Bud\u00faca nede\u013ea je 1. Nede\u013ea po naroden\u00ed P\u00e1na- Sviatok Sv\u00e4tej rodiny.<\/span><\/p>\n<p>&nbsp;<\/p>\n<p><span style=\"color: #808080;\">Program sv. om\u0161\u00ed po\u010das t\u00fd\u017ed\u0148a:<\/span><\/p>\n<p>&nbsp;<\/p>\n<p><span style=\"color: #808080;\"><strong>V stredu sv. om\u0161a nie je!!!<\/strong><\/span><\/p>\n<p><span style=\"color: #808080;\"><strong>\u00a0<\/strong><\/span><\/p>\n<p><span style=\"color: #808080;\"><strong>&#8211; Vo \u0161tvrtok na \u0161tedr\u00fd de\u0148 je sv. om\u0161a om\u0161a:<\/strong><\/span><\/p>\n<p><span style=\"color: #808080;\"><strong>1.) o 16:00 Vig\u00edlna sv. om\u0161a pre rodiny z Narodenia P\u00e1na <\/strong>v Krypte kostola Liebfrauen.<\/span><\/p>\n<p><span style=\"color: #808080;\"><strong>2.) o 22:00 Polno\u010dn\u00e1 sv. om\u0161a <\/strong>v Krypte kostola Liebfrauen.<\/span><\/p>\n<p>&nbsp;<\/p>\n<p><span style=\"color: #808080;\"><strong>&#8211; V piatok je sv. om\u0161a o 9:00 zo sl\u00e1vnosti Narodenia P\u00e1na.<\/strong><\/span><\/p>\n<p><span style=\"color: #808080;\"><strong>&#8211; Vo sobotu je sv. om\u0161a o 9:30 sv. om\u0161a na sviatok sv. \u0160tefana, prvomu\u010den\u00edka.<\/strong><\/span><\/p>\n<p><span style=\"color: #808080;\"><strong>&#8211; V Nede\u013eu je sv. om\u0161a o 9:30, zo sviatku Sv\u00e4tej rodiny. Pri tejto sv. om\u0161i si man\u017eelia obnovia man\u017eelsk\u00e9 s\u013euby.<\/strong><\/span><\/p>\n<p>&nbsp;<\/p>\n<p><span style=\"color: #808080;\">\u010eal\u0161ie oznamy:<\/span><\/p>\n<p>&nbsp;<\/p>\n<ol>\n<li><span style=\"color: #808080;\">Kto dosia\u013e nestihol predviano\u010dn\u00fa sv. spove\u010f, po sv. om\u0161i budem k dispoz\u00edcii na spovedanie.<\/span><\/li>\n<\/ol>\n<ol start=\"2\">\n<li><span style=\"color: #808080;\">Srde\u010dn\u00e1 v\u010faka za predviano\u010dn\u00e9 spestrenie po minulot\u00fd\u017ed\u0148ovej sv. om\u0161i za spev i obetavos\u0165 pri kapustnici. Nech P\u00e1n odmen\u00ed v\u0161etk\u00fdch z\u00fa\u010dastnen\u00fdch hojn\u00fdm po\u017eehnan\u00edm.<\/span><\/li>\n<li><span style=\"color: #808080;\">Vo \u0161tvrtok nebude \u0161portov\u00fd kr\u00fa\u017eok.<\/span><\/li>\n<\/ol>\n<p>&nbsp;<\/p>\n","protected":false},"excerpt":{"rendered":"<p>SLOVENSK\u00c1 KATOL\u00cdCKA MISIA, BRAUERSTRASSe\u00a099; 8004 Z\u00dcRICH, T\/F: 0041 44 241 50 22 Oznamy na 8. nede\u013eu &#8211; Sl\u00e1vnos\u0165 Najsv\u00e4tej\u0161ej Trojice. &nbsp; Liturgick\u00fd kalend\u00e1r: &nbsp; Vo \u0161tvrtok je liturgick\u00e1 sl\u00e1vnos\u0165 Najsv\u00e4tej\u0161ieho Kristovho tela a krvi.&#46;&#46;&#46;<\/p>\n","protected":false},"author":3,"featured_media":3600,"comment_status":"open","ping_status":"closed","sticky":false,"template":"","format":"standard","meta":{"ngg_post_thumbnail":0},"categories":[24,1],"tags":[],"_links":{"self":[{"href":"https:\/\/www.skmisia.ch\/index.php?rest_route=\/wp\/v2\/posts\/4276"}],"collection":[{"href":"https:\/\/www.skmisia.ch\/index.php?rest_route=\/wp\/v2\/posts"}],"about":[{"href":"https:\/\/www.skmisia.ch\/index.php?rest_route=\/wp\/v2\/types\/post"}],"author":[{"embeddable":true,"href":"https:\/\/www.skmisia.ch\/index.php?rest_route=\/wp\/v2\/users\/3"}],"replies":[{"embeddable":true,"href":"https:\/\/www.skmisia.ch\/index.php?rest_route=%2Fwp%2Fv2%2Fcomments&post=4276"}],"version-history":[{"count":64,"href":"https:\/\/www.skmisia.ch\/index.php?rest_route=\/wp\/v2\/posts\/4276\/revisions"}],"predecessor-version":[{"id":5265,"href":"https:\/\/www.skmisia.ch\/index.php?rest_route=\/wp\/v2\/posts\/4276\/revisions\/5265"}],"wp:featuredmedia":[{"embeddable":true,"href":"https:\/\/www.skmisia.ch\/index.php?rest_route=\/wp\/v2\/media\/3600"}],"wp:attachment":[{"href":"https:\/\/www.skmisia.ch\/index.php?rest_route=%2Fwp%2Fv2%2Fmedia&parent=4276"}],"wp:term":[{"taxonomy":"category","embeddable":true,"href":"https:\/\/www.skmisia.ch\/index.php?rest_route=%2Fwp%2Fv2%2Fcategories&post=4276"},{"taxonomy":"post_tag","embeddable":true,"href":"https:\/\/www.skmisia.ch\/index.php?rest_route=%2Fwp%2Fv2%2Ftags&post=4276"}],"curies":[{"name":"wp","href":"https:\/\/api.w.org\/{rel}","templated":true}]}}