{"id":4273,"date":"2015-09-27T10:51:45","date_gmt":"2015-09-27T09:51:45","guid":{"rendered":"https:\/\/www.skmisia.ch\/?p=4273"},"modified":"2019-04-08T21:08:50","modified_gmt":"2019-04-08T20:08:50","slug":"oznamy-na-26-nedelu","status":"publish","type":"post","link":"https:\/\/www.skmisia.ch\/?p=4273","title":{"rendered":"Oznamy na 26. nede\u013eu"},"content":{"rendered":"<p><strong>SLOVENSK<\/strong><strong>\u00c1 KATOL\u00cdCKA MISIA, BRAUERSTRA<\/strong><strong>SSe<\/strong><strong>\u00a0<\/strong><strong>99; 8004 Z\u00dcRICH<\/strong><\/p>\n<p><strong>T\/F: 0041 44 241 50 22<\/strong><\/p>\n<p>&nbsp;<\/p>\n<p>Oznamy na 26. nede\u013eu v obdob\u00ed cez rok.<\/p>\n<p>&nbsp;<\/p>\n<p>Liturgick\u00fd kalend\u00e1r:<\/p>\n<p>V pondelok je \u013eubovoln\u00e1 spomienka sv. V\u00e1clava, mu\u010den\u00edka.<\/p>\n<p>V utorok je sviatok sv. Michala, Gabriela a Rafaela, archanjelov.<\/p>\n<p>V stredu je spomienka sv. Hieronyma, k\u0148aza a\u00a0u\u010dite\u013ea Cirkvi.<\/p>\n<p>Vo \u0161tvrtok je sv. Ter\u00e9zie z\u00a0Lisieux, panny a\u00a0u\u010dite\u013eky Cirkvi. (1. \u0161tvrtok v mesiaci)<\/p>\n<p>V\u00a0piatok je prv\u00fd piatok v\u00a0mesiaci okt\u00f3ber a spomienka sv. anjelov str\u00e1\u017ecov.<\/p>\n<p>V sobotu je \u013eubovoln\u00fd spomienka Panny M\u00e1rie v sobotu.<\/p>\n<p>Bud\u00facu nede\u013eu je 27. nede\u013ea v obdob\u00ed cez rok.<\/p>\n<p>&nbsp;<\/p>\n<p>V stredu bude sv. om\u0161a o 20:00 v kostole sv. J\u00e1na Bosca na Talianskej misii. Stretnutie spevokolu je \u00bd hodimu pred sv. om\u0161ou. Sl\u00e1vici z misie s\u00fa pozvan\u00ed.<\/p>\n<p>&nbsp;<\/p>\n<p>Vo \u0161tvrtok bude \u0161portov\u00fd kr\u00fa\u017eok.<\/p>\n<p>&nbsp;<\/p>\n<p>V piatok je prv\u00fd piatok v mesiaci. Spoveda\u0165 sa bude \u00bd hodinu pred sv. Om\u0161ou. Sv. om\u0161a bude o 20:00 tu v Liebfrauen a po nej bude nasledova\u0165 prvopiatkov\u00e1 pobo\u017enos\u0165, po\u010das ktorej bude mo\u017enos\u0165 sv. spoved\u00ed.<\/p>\n<p>&nbsp;<\/p>\n<p>V\u00a0sobotu 3.10. v\u00fdlet rod\u00edn so sv. om\u0161ou horskom kostol\u00edku a\u00a0nen\u00e1ro\u010dnou turistikou. Info n\u00e1jdete pri modlitebn\u00fdch kni\u017ek\u00e1ch a\u00a0na webe.<\/p>\n<p>&nbsp;<\/p>\n<p>Bud\u00facu nede\u013eu bud\u00fa v Z\u00fcrichu 2 sv. om\u0161e o\u00a09:30 a\u00a0o\u00a011:30 detsk\u00e1 sv. om\u0161a.<\/p>\n<p>&nbsp;<\/p>\n<p>\u017diada sa zorganizova\u0165 organiza\u010dno-pl\u00e1novacie stretnutie dobrovo\u013en\u00edkov na\u0161ej misie. Navrhovan\u00fd term\u00edn je na 18.10. po sv. om\u0161i. Ochotn\u00ed z\u00e1ujemcovia m\u00f4\u017eete da\u0165 av\u00edzo, \u010di vyhovuje term\u00edn. (Na pretras: Mikul\u00e1\u0161, Vianoce, apero, term\u00edny bud\u00faci rok 2016&#8230;)<\/p>\n<p>&nbsp;<\/p>\n","protected":false},"excerpt":{"rendered":"<p>SLOVENSK\u00c1 KATOL\u00cdCKA MISIA, BRAUERSTRASSe\u00a099; 8004 Z\u00dcRICH T\/F: 0041 44 241 50 22 &nbsp; Oznamy na 26. nede\u013eu v obdob\u00ed cez rok. &nbsp; Liturgick\u00fd kalend\u00e1r: V pondelok je \u013eubovoln\u00e1 spomienka sv. V\u00e1clava, mu\u010den\u00edka. V utorok&#46;&#46;&#46;<\/p>\n","protected":false},"author":3,"featured_media":3594,"comment_status":"open","ping_status":"closed","sticky":false,"template":"","format":"standard","meta":{"ngg_post_thumbnail":0},"categories":[24,1],"tags":[],"_links":{"self":[{"href":"https:\/\/www.skmisia.ch\/index.php?rest_route=\/wp\/v2\/posts\/4273"}],"collection":[{"href":"https:\/\/www.skmisia.ch\/index.php?rest_route=\/wp\/v2\/posts"}],"about":[{"href":"https:\/\/www.skmisia.ch\/index.php?rest_route=\/wp\/v2\/types\/post"}],"author":[{"embeddable":true,"href":"https:\/\/www.skmisia.ch\/index.php?rest_route=\/wp\/v2\/users\/3"}],"replies":[{"embeddable":true,"href":"https:\/\/www.skmisia.ch\/index.php?rest_route=%2Fwp%2Fv2%2Fcomments&post=4273"}],"version-history":[{"count":2,"href":"https:\/\/www.skmisia.ch\/index.php?rest_route=\/wp\/v2\/posts\/4273\/revisions"}],"predecessor-version":[{"id":4275,"href":"https:\/\/www.skmisia.ch\/index.php?rest_route=\/wp\/v2\/posts\/4273\/revisions\/4275"}],"wp:featuredmedia":[{"embeddable":true,"href":"https:\/\/www.skmisia.ch\/index.php?rest_route=\/wp\/v2\/media\/3594"}],"wp:attachment":[{"href":"https:\/\/www.skmisia.ch\/index.php?rest_route=%2Fwp%2Fv2%2Fmedia&parent=4273"}],"wp:term":[{"taxonomy":"category","embeddable":true,"href":"https:\/\/www.skmisia.ch\/index.php?rest_route=%2Fwp%2Fv2%2Fcategories&post=4273"},{"taxonomy":"post_tag","embeddable":true,"href":"https:\/\/www.skmisia.ch\/index.php?rest_route=%2Fwp%2Fv2%2Ftags&post=4273"}],"curies":[{"name":"wp","href":"https:\/\/api.w.org\/{rel}","templated":true}]}}