{"id":4248,"date":"2015-09-20T20:00:33","date_gmt":"2015-09-20T19:00:33","guid":{"rendered":"https:\/\/www.skmisia.ch\/?p=4248"},"modified":"2019-04-08T21:09:15","modified_gmt":"2019-04-08T20:09:15","slug":"oznamy-na-25-nedelu","status":"publish","type":"post","link":"https:\/\/www.skmisia.ch\/?p=4248","title":{"rendered":"Oznamy na 25. nede\u013eu"},"content":{"rendered":"<p style=\"text-align: center;\"><strong>SLOVENSK<\/strong><strong>\u00c1 KATOL\u00cdCKA MISIA, BRAUERSTRA<\/strong><strong>SSe<\/strong><strong>\u00a0<\/strong><strong>99; 8004 Z\u00dcRICH<\/strong><\/p>\n<p style=\"text-align: center;\"><strong>T\/F: 0041 44 241 50 22<\/strong><\/p>\n<p>Oznamy na 25. nede\u013eu v obdob\u00ed cez rok.<\/p>\n<p>&nbsp;<\/p>\n<p>Liturgick\u00fd kalend\u00e1r:<\/p>\n<p>V pondelo je sviatok sv. Mat\u00fa\u0161a, apo\u0161tola a evanjelistu.<\/p>\n<p>V stredu je spomienka sv. Pia z\u00a0Pietrel\u010d\u00edny, k\u0148aza.<\/p>\n<p>V sobotu je \u013eubovo\u013en\u00e1 spomienka sv. Kozmu a\u00a0Dami\u00e1na, mu\u010den\u00edkov.<\/p>\n<p>Bud\u00facu nede\u013eu je 26. nede\u013ea v obdob\u00ed cez rok.<\/p>\n<p>&nbsp;<\/p>\n<p>&nbsp;<\/p>\n<p>V stredu bude sv. om\u0161a o 20:00 v kostole sv. J\u00e1na Bosca na Talianskej misii. Stretnutie spevokolu je \u00bd hodimu pred sv. om\u0161ou.<\/p>\n<p>&nbsp;<\/p>\n<p>Vo \u0161tvrtok bude \u0161portov\u00fd kr\u00fa\u017eok.<\/p>\n<p>&nbsp;<\/p>\n<p>V\u00a0piatok je mo\u017enos\u0165 ml\u00e1de\u017en\u00edckeho stretnutia o\u00a020:00 na Talianskej misii.<\/p>\n<p>&nbsp;<\/p>\n<p>Po\u010das nasleduj\u00faceho t\u00fd\u017ed\u0148a, bratia a\u00a0sestry nebudem pr\u00edtomn\u00fd na misii. \u010cerp\u00e1m zvy\u0161n\u00fdch 10 dovolenky. Po\u010das nepr\u00edtomnosti ma zast\u00fapi dp. \u0160pa\u010dek a\u00a0Bago.<\/p>\n<p>&nbsp;<\/p>\n<p>Dospel\u00ed, ktor\u00ed sa prihl\u00e1sili v v\u00a0novom \u0161kolskom roku na\u00a0pr\u00edpravu ku sviatostiam \u00a0(Birmovku) bud\u00fa ma\u0165 dnes po sv. om\u0161i prv\u00e9 \u00favodn\u00e9 stretnutie v\u00a0Miestnosti A.<\/p>\n<p>&nbsp;<\/p>\n<p>Nieko\u013eko oznamov vopred:<\/p>\n<p>&nbsp;<\/p>\n<ul>\n<li>V\u00a0sobotu 3.10. v\u00fdlet rod\u00edn so sv. om\u0161ou horskom kostol\u00edku a\u00a0nen\u00e1ro\u010dnou turistikou. Info n\u00e1jdete pri modlitebn\u00fdch kni\u017ek\u00e1ch a\u00a0na webe.<\/li>\n<li>V\u00a0nede\u013eu 4.10. budu v\u00a0Zurichu 2 sv. om\u0161e (9:30 a\u00a011:30)<\/li>\n<\/ul>\n<p>&nbsp;<\/p>\n<p>&nbsp;<\/p>\n<p>&nbsp;<\/p>\n<p>&nbsp;<\/p>\n","protected":false},"excerpt":{"rendered":"<p>SLOVENSK\u00c1 KATOL\u00cdCKA MISIA, BRAUERSTRASSe\u00a099; 8004 Z\u00dcRICH T\/F: 0041 44 241 50 22 Oznamy na 25. nede\u013eu v obdob\u00ed cez rok. &nbsp; Liturgick\u00fd kalend\u00e1r: V pondelo je sviatok sv. Mat\u00fa\u0161a, apo\u0161tola a evanjelistu. V stredu&#46;&#46;&#46;<\/p>\n","protected":false},"author":3,"featured_media":3995,"comment_status":"open","ping_status":"closed","sticky":false,"template":"","format":"standard","meta":{"ngg_post_thumbnail":0},"categories":[24,1],"tags":[],"_links":{"self":[{"href":"https:\/\/www.skmisia.ch\/index.php?rest_route=\/wp\/v2\/posts\/4248"}],"collection":[{"href":"https:\/\/www.skmisia.ch\/index.php?rest_route=\/wp\/v2\/posts"}],"about":[{"href":"https:\/\/www.skmisia.ch\/index.php?rest_route=\/wp\/v2\/types\/post"}],"author":[{"embeddable":true,"href":"https:\/\/www.skmisia.ch\/index.php?rest_route=\/wp\/v2\/users\/3"}],"replies":[{"embeddable":true,"href":"https:\/\/www.skmisia.ch\/index.php?rest_route=%2Fwp%2Fv2%2Fcomments&post=4248"}],"version-history":[{"count":2,"href":"https:\/\/www.skmisia.ch\/index.php?rest_route=\/wp\/v2\/posts\/4248\/revisions"}],"predecessor-version":[{"id":4251,"href":"https:\/\/www.skmisia.ch\/index.php?rest_route=\/wp\/v2\/posts\/4248\/revisions\/4251"}],"wp:featuredmedia":[{"embeddable":true,"href":"https:\/\/www.skmisia.ch\/index.php?rest_route=\/wp\/v2\/media\/3995"}],"wp:attachment":[{"href":"https:\/\/www.skmisia.ch\/index.php?rest_route=%2Fwp%2Fv2%2Fmedia&parent=4248"}],"wp:term":[{"taxonomy":"category","embeddable":true,"href":"https:\/\/www.skmisia.ch\/index.php?rest_route=%2Fwp%2Fv2%2Fcategories&post=4248"},{"taxonomy":"post_tag","embeddable":true,"href":"https:\/\/www.skmisia.ch\/index.php?rest_route=%2Fwp%2Fv2%2Ftags&post=4248"}],"curies":[{"name":"wp","href":"https:\/\/api.w.org\/{rel}","templated":true}]}}