{"id":4011,"date":"2015-08-14T09:11:00","date_gmt":"2015-08-14T08:11:00","guid":{"rendered":"https:\/\/www.skmisia.ch\/?p=4011"},"modified":"2019-04-08T21:09:15","modified_gmt":"2019-04-08T20:09:15","slug":"4011","status":"publish","type":"post","link":"https:\/\/www.skmisia.ch\/?p=4011","title":{"rendered":"Don Bosco na slovenskej po\u0161tovej zn\u00e1mke"},"content":{"rendered":"<p>(Bratislava, 12. augusta 2015) \u2013 Slovensk\u00e1 po\u0161ta, a. s., vyd\u00e1va v piatok 14. augusta 2015 pri pr\u00edle\u017eitosti dvojst\u00e9ho v\u00fdro\u010dia narodenia zakladate\u013ea Salezi\u00e1nskej kongreg\u00e1cie sv\u00e4t\u00e9ho J\u00e1na Bosca po\u0161tov\u00fa zn\u00e1mku s jeho podobiz\u0148ou. Chce takto zlo\u017ei\u0165 hold nielen jeho pr\u00e1ci s ml\u00e1de\u017eou, ktorej v\u00fdchove zasv\u00e4til svoj \u017eivot, ale aj v\u0161etk\u00fdm salezi\u00e1nom, ktor\u00ed na\u010falej rozv\u00edjaj\u00fa jeho odkaz. V piatok 14. augusta bude zn\u00e1mka k dispoz\u00edcii na v\u0161etk\u00fdch pobo\u010dk\u00e1ch po\u0161ty a v tento de\u0148 bude k dispoz\u00edcii aj ob\u00e1lka prv\u00e9ho d\u0148a s osobitnou pe\u010diatkou a s mot\u00edvom Panny M\u00e1rie.<\/p>\n<p>Samotn\u00fd dizajn po\u0161tovej zn\u00e1mky s rozmermi 44,4 \u00d7 30,5 mm tvor\u00edportr\u00e9t dona Bosca umiestnen\u00fd na \u0161rafovanom pozad\u00ed, ktor\u00fd vytv\u00e1ra al\u00faziu line\u00e1rneho ochrann\u00e9ho prvku na platidl\u00e1ch a cenin\u00e1ch, a v ktorom presvit\u00e1 symbol kr\u00ed\u017ea.<br \/>\nS\u00fa\u010dasne s po\u0161tovou zn\u00e1mkou vyjde ob\u00e1lka prv\u00e9ho d\u0148a s jedine\u010dnou pe\u010diatkou, ktor\u00e1 sa bude da\u0165 z\u00edska\u0165 na hlavnej po\u0161te v Bratislave. Mot\u00edvom potla\u010de tejto ob\u00e1lky je Panna M\u00e1ria Pomocnica. Mot\u00edvom pe\u010diatky je monogram Panny M\u00e1rie Pomocnice, vytvoren\u00fd pod\u013ea vitr\u00e1\u017eneho okna v jej bazilike v Tur\u00edne, ktor\u00fa dal postavi\u0165 don Bosco.<\/p>\n<p>Autorom v\u00fdtvarn\u00fdch n\u00e1vrhov po\u0161tovej zn\u00e1mky, ob\u00e1lky a pe\u010diatky je akad. mal. Karol Felix. Autorom l\u00edniovej rozkresby a rytiny po\u0161tovej zn\u00e1mky a potla\u010de ob\u00e1lky je Franti\u0161ek Horniak. Do pr\u00edpravy zn\u00e1mky boli zapojen\u00ed aj samotn\u00ed slovensk\u00ed salezi\u00e1ni \u2013 poradcom pre tvorbu zn\u00e1mky sa stal don Tibor Halu\u0161ka.<\/p>\n<p>Slovensko sa vydan\u00edm tejto zn\u00e1mky zarad\u00ed k mnoh\u00fdm \u010fal\u0161\u00edm krajin\u00e1m, ktor\u00e9 v tomto roku dvojst\u00e9ho v\u00fdro\u010dia narodenia dona Bosca vydali na jeho po\u010des\u0165 aj samostatn\u00fa po\u0161tov\u00fa zn\u00e1mku.<\/p>\n<p><a href=\"https:\/\/www.skmisia.ch\/wp-content\/uploads\/2015\/08\/Don-Bosco.jpg\"><img decoding=\"async\" loading=\"lazy\" class=\"alignnone size-medium wp-image-4012\" alt=\"Don Bosco\" src=\"https:\/\/www.skmisia.ch\/wp-content\/uploads\/2015\/08\/Don-Bosco-300x207.jpg\" width=\"300\" height=\"207\" srcset=\"https:\/\/www.skmisia.ch\/wp-content\/uploads\/2015\/08\/Don-Bosco-300x207.jpg 300w, https:\/\/www.skmisia.ch\/wp-content\/uploads\/2015\/08\/Don-Bosco.jpg 810w\" sizes=\"(max-width: 300px) 100vw, 300px\" \/><\/a><\/p>\n","protected":false},"excerpt":{"rendered":"<p>(Bratislava, 12. augusta 2015) \u2013 Slovensk\u00e1 po\u0161ta, a. s., vyd\u00e1va v piatok 14. augusta 2015 pri pr\u00edle\u017eitosti dvojst\u00e9ho v\u00fdro\u010dia narodenia zakladate\u013ea Salezi\u00e1nskej kongreg\u00e1cie sv\u00e4t\u00e9ho J\u00e1na Bosca po\u0161tov\u00fa zn\u00e1mku s jeho podobiz\u0148ou. Chce takto zlo\u017ei\u0165&#46;&#46;&#46;<\/p>\n","protected":false},"author":3,"featured_media":4012,"comment_status":"open","ping_status":"closed","sticky":false,"template":"","format":"standard","meta":{"ngg_post_thumbnail":0},"categories":[24,1],"tags":[],"_links":{"self":[{"href":"https:\/\/www.skmisia.ch\/index.php?rest_route=\/wp\/v2\/posts\/4011"}],"collection":[{"href":"https:\/\/www.skmisia.ch\/index.php?rest_route=\/wp\/v2\/posts"}],"about":[{"href":"https:\/\/www.skmisia.ch\/index.php?rest_route=\/wp\/v2\/types\/post"}],"author":[{"embeddable":true,"href":"https:\/\/www.skmisia.ch\/index.php?rest_route=\/wp\/v2\/users\/3"}],"replies":[{"embeddable":true,"href":"https:\/\/www.skmisia.ch\/index.php?rest_route=%2Fwp%2Fv2%2Fcomments&post=4011"}],"version-history":[{"count":2,"href":"https:\/\/www.skmisia.ch\/index.php?rest_route=\/wp\/v2\/posts\/4011\/revisions"}],"predecessor-version":[{"id":4014,"href":"https:\/\/www.skmisia.ch\/index.php?rest_route=\/wp\/v2\/posts\/4011\/revisions\/4014"}],"wp:featuredmedia":[{"embeddable":true,"href":"https:\/\/www.skmisia.ch\/index.php?rest_route=\/wp\/v2\/media\/4012"}],"wp:attachment":[{"href":"https:\/\/www.skmisia.ch\/index.php?rest_route=%2Fwp%2Fv2%2Fmedia&parent=4011"}],"wp:term":[{"taxonomy":"category","embeddable":true,"href":"https:\/\/www.skmisia.ch\/index.php?rest_route=%2Fwp%2Fv2%2Fcategories&post=4011"},{"taxonomy":"post_tag","embeddable":true,"href":"https:\/\/www.skmisia.ch\/index.php?rest_route=%2Fwp%2Fv2%2Ftags&post=4011"}],"curies":[{"name":"wp","href":"https:\/\/api.w.org\/{rel}","templated":true}]}}