{"id":3993,"date":"2015-08-07T12:27:02","date_gmt":"2015-08-07T11:27:02","guid":{"rendered":"https:\/\/www.skmisia.ch\/?p=3993"},"modified":"2019-04-08T21:09:15","modified_gmt":"2019-04-08T20:09:15","slug":"curiculum-vitae-anton-banik","status":"publish","type":"post","link":"https:\/\/www.skmisia.ch\/?p=3993","title":{"rendered":"Curiculum vitae &#8211; Anton Ban\u00edk"},"content":{"rendered":"<p><a href=\"https:\/\/www.skmisia.ch\/wp-content\/uploads\/2015\/07\/Banik.jpg\"><img decoding=\"async\" loading=\"lazy\" class=\"size-medium wp-image-3991 alignleft\" alt=\"Banik\" src=\"https:\/\/www.skmisia.ch\/wp-content\/uploads\/2015\/07\/Banik-300x212.jpg\" width=\"300\" height=\"212\" srcset=\"https:\/\/www.skmisia.ch\/wp-content\/uploads\/2015\/07\/Banik-300x212.jpg 300w, https:\/\/www.skmisia.ch\/wp-content\/uploads\/2015\/07\/Banik.jpg 640w\" sizes=\"(max-width: 300px) 100vw, 300px\" \/><\/a>Vo veku 87 rokov zomrel 5. augusta 2015 v Galante salezi\u00e1nsky k\u0148az don Anton Ban\u00edk. Bol n\u00e1bo\u017eensk\u00fdm publicistom, prekladate\u013eom, organiz\u00e1torom duchovn\u00e9ho a\u00a0kult\u00farneho \u017eivota Slov\u00e1kov vo \u0160vaj\u010diarsku. Pou\u017e\u00edval pseudonymy Slavom\u00edr, Istropolitanus, Ivan Hron a\u00a0in\u00e9. V ostatn\u00fdch rokoch \u017eil v komunite star\u0161\u00edch spolubratov v Hodoch pri Galante.<\/p>\n<p>Pohrebn\u00e9 obrady so sv\u00e4tou om\u0161ou bude sl\u00fa\u017ei\u0165 bratislavsk\u00fd pomocn\u00fd biskup Mons. Jozef Ha\u013eko v pondelok 10. augusta \u00a0o 11.00 h v salezi\u00e1nskom kostole v Hodoch pri Galante. Telesn\u00e9 ostatky zosnul\u00e9ho dona Ban\u00edka bud\u00fa potom ulo\u017een\u00e9 v salezi\u00e1nskej hrobke v Bratislave.<\/p>\n<p>Salezi\u00e1ni dona Bosca na Slovensku uverejnili k\u00a0\u00famrtiu dona Antona Ban\u00edka nekrol\u00f3g:<\/p>\n<p>Anton Ban\u00edk sa narodil 22. apr\u00edla 1928 v Blatnom, kde pre\u017eil aj svojich prv\u00fdch dev\u00e4\u0165 rokov \u017eivota. Po pres\u0165ahovan\u00ed sa do Bratislavy ako chlapec nav\u0161tevoval salezi\u00e1nske orat\u00f3rium na Mileti\u010dovej. Po skon\u010den\u00ed z\u00e1kladnej \u0161koly absolvoval obchodn\u00fa akad\u00e9miu. U\u017e ako stredo\u0161kol\u00e1k sa venoval aj divadlu a r\u00e9\u017eii. Po maturite za\u010dal \u0161tudova\u0165 na Slovenskej univerzite divadlo a dejepis. V rokoch 1952-54 si vykonal vojensk\u00fa slu\u017ebu a potom sa zamestnal. V tom \u010dase rozpoznal vo svojom srdci Bo\u017eie volanie ku k\u0148azstvu a rozhodol sa nast\u00fapi\u0165 tajn\u00fdm sp\u00f4sobom cestu za salezi\u00e1nskym povolan\u00edm. Svoje h\u013eadanie povolania op\u00edsal v bro\u017e\u00farke \u201eSila ide\u00e1lu\u201c.<\/p>\n<p>Po roku tajn\u00e9ho novici\u00e1tu zlo\u017eil prv\u00e9 reho\u013en\u00e9 s\u013euby ako salezi\u00e1n 17. apr\u00edla 1956. Aj n\u00e1sledn\u00e9 teologick\u00e9 \u0161t\u00fadi\u00e1 si konal v tajnosti. Diakonsk\u00fa vysviacku potom prijal v Prahe z r\u00fak tajn\u00e9ho biskupa, jezuitu Mons. Dubovsk\u00e9ho, ktor\u00fd ho mal o tri mesiace vysv\u00e4ti\u0165 aj na k\u0148aza, ale medzit\u00fdm ho komunistick\u00fd re\u017eim uv\u00e4znil. K\u0148azsk\u00fa vysviacku tak Anton Ban\u00edk prijal 17. augusta 1964 v Krakove z r\u00fak tamoj\u0161ieho pomocn\u00e9ho biskupa Mons. Groblick\u00e9ho. O p\u00e1r mesiacov mal potom \u010derstv\u00fd novok\u0148az mo\u017enos\u0165 vycestova\u0165 do Viedne a to vyu\u017eil, aby pod\u013ea pokynov predstaven\u00fdch u\u0161iel do R\u00edma.<\/p>\n<p>Na slovenskom gymn\u00e1ziu pri Slovenskom \u00fastave sv. Cyrila a Metoda vy\u0161e dvoch rokov vyu\u010doval chlapcov, potom p\u00f4sobil rok v Belgicku. Nesk\u00f4r si dop\u013a\u0148al odborn\u00e9 teologick\u00e9 \u0161t\u00fadi\u00e1 v R\u00edme, a kr\u00e1tko p\u00f4sobil aj v salezi\u00e1nskom novici\u00e1te v Lanuvio. V roku 1971 za\u010dal p\u00f4sobi\u0165 ako spr\u00e1vca \u010derstvo vzniknutej slovenskej katol\u00edckej misie v Z\u00fcrichu. Na dlh\u00fdch 31 rokov zapustil korene v tejto krajina, medzi krajanmi ako ich duchovn\u00fd pastier ale aj n\u00e1rodovec. Bol tam tie\u017e predsedom zahrani\u010dnej Matice Slovenskej \u2013 eur\u00f3pskej odbo\u010dky so s\u00eddlom v Z\u00fcrichu. Svoj \u017eivot pre\u017e\u00edval striedmo, ve\u013ea pom\u00e1hal chudobn\u00fdm rodin\u00e1m a finan\u010dne podporoval stavby kostolov \u010di stred\u00edsk pre ml\u00e1de\u017e.<\/p>\n<p>Na Slovensko sa vr\u00e1til v roku 2002. Zachoval si nadobudnut\u00fa \u0161vaj\u010diarsku presnos\u0165 a d\u00f4slednos\u0165 \u2013 bol v tom pre spolubratov jasn\u00fdm pr\u00edkladom. Od j\u00fala 2008 pre\u017e\u00edval svoju starobu v salezi\u00e1nskej komunite v Hodoch. Postupn\u00e9 slabnutie a bl\u00ed\u017eiacu sa smr\u0165 prij\u00edmal z Bo\u017eej ruky. Neb\u00e1l sa. Hovorieval: \u201e\u00dalohu, ktor\u00fa mi Boh dal, som splnil.\u201c Svojho Stvorite\u013ea a Vykupite\u013ea o\u010dak\u00e1val s prosbou prv\u00fdch kres\u0165anov: \u201ePr\u00ed\u010f, Pane Je\u017ei\u0161u\u201c. Zosnul v P\u00e1novi v stredu 5. augusta 2015 vo veku 87 rokov, z ktor\u00fdch 59 pre\u017eil ako salezi\u00e1n a takmer 51 rokov ako Kristov k\u0148az.<\/p>\n<p>&nbsp;<\/p>\n<p style=\"text-align: center;\">\n","protected":false},"excerpt":{"rendered":"<p>Vo veku 87 rokov zomrel 5. augusta 2015 v Galante salezi\u00e1nsky k\u0148az don Anton Ban\u00edk. Bol n\u00e1bo\u017eensk\u00fdm publicistom, prekladate\u013eom, organiz\u00e1torom duchovn\u00e9ho a\u00a0kult\u00farneho \u017eivota Slov\u00e1kov vo \u0160vaj\u010diarsku. Pou\u017e\u00edval pseudonymy Slavom\u00edr, Istropolitanus, Ivan Hron a\u00a0in\u00e9. V&#46;&#46;&#46;<\/p>\n","protected":false},"author":3,"featured_media":3991,"comment_status":"open","ping_status":"closed","sticky":false,"template":"","format":"standard","meta":{"ngg_post_thumbnail":0},"categories":[24,1],"tags":[],"_links":{"self":[{"href":"https:\/\/www.skmisia.ch\/index.php?rest_route=\/wp\/v2\/posts\/3993"}],"collection":[{"href":"https:\/\/www.skmisia.ch\/index.php?rest_route=\/wp\/v2\/posts"}],"about":[{"href":"https:\/\/www.skmisia.ch\/index.php?rest_route=\/wp\/v2\/types\/post"}],"author":[{"embeddable":true,"href":"https:\/\/www.skmisia.ch\/index.php?rest_route=\/wp\/v2\/users\/3"}],"replies":[{"embeddable":true,"href":"https:\/\/www.skmisia.ch\/index.php?rest_route=%2Fwp%2Fv2%2Fcomments&post=3993"}],"version-history":[{"count":3,"href":"https:\/\/www.skmisia.ch\/index.php?rest_route=\/wp\/v2\/posts\/3993\/revisions"}],"predecessor-version":[{"id":3997,"href":"https:\/\/www.skmisia.ch\/index.php?rest_route=\/wp\/v2\/posts\/3993\/revisions\/3997"}],"wp:featuredmedia":[{"embeddable":true,"href":"https:\/\/www.skmisia.ch\/index.php?rest_route=\/wp\/v2\/media\/3991"}],"wp:attachment":[{"href":"https:\/\/www.skmisia.ch\/index.php?rest_route=%2Fwp%2Fv2%2Fmedia&parent=3993"}],"wp:term":[{"taxonomy":"category","embeddable":true,"href":"https:\/\/www.skmisia.ch\/index.php?rest_route=%2Fwp%2Fv2%2Fcategories&post=3993"},{"taxonomy":"post_tag","embeddable":true,"href":"https:\/\/www.skmisia.ch\/index.php?rest_route=%2Fwp%2Fv2%2Ftags&post=3993"}],"curies":[{"name":"wp","href":"https:\/\/api.w.org\/{rel}","templated":true}]}}