{"id":3974,"date":"2017-03-07T13:37:34","date_gmt":"2017-03-07T12:37:34","guid":{"rendered":"https:\/\/www.skmisia.ch\/?p=3974"},"modified":"2019-04-08T21:08:48","modified_gmt":"2019-04-08T20:08:48","slug":"otec-pavol-na-duchovnyc-cviceniach","status":"publish","type":"post","link":"https:\/\/www.skmisia.ch\/?p=3974","title":{"rendered":"Sm\u00fato\u010dn\u00e9 ozn\u00e1menie o smrti p. \u017dofie Koribani\u010dovej"},"content":{"rendered":"<p style=\"text-align: right;\" align=\"right\"><img decoding=\"async\" loading=\"lazy\" class=\" wp-image-3980 alignleft\" src=\"https:\/\/www.skmisia.ch\/wp-content\/uploads\/2015\/07\/Part-176x300.jpg\" alt=\"Part\" width=\"176\" height=\"300\" srcset=\"https:\/\/www.skmisia.ch\/wp-content\/uploads\/2015\/07\/Part-176x300.jpg 176w, https:\/\/www.skmisia.ch\/wp-content\/uploads\/2015\/07\/Part.jpg 203w\" sizes=\"(max-width: 176px) 100vw, 176px\" \/><\/p>\n<p style=\"text-align: right;\" align=\"right\">Ja som vzkriesenie a \u017eivot.<\/p>\n<p style=\"text-align: right;\" align=\"right\">Kto ver\u00ed vo m\u0148a, bude \u017ei\u0165, aj ke\u010f umrie.<\/p>\n<p style=\"text-align: right;\" align=\"right\">(Jn 11, 25)<\/p>\n<p>&nbsp;<\/p>\n<h5><\/h5>\n<h5><\/h5>\n<p>&nbsp;<\/p>\n<p>&nbsp;<\/p>\n<h5><\/h5>\n<h5 align=\"center\">S tichou b\u00e1z\u0148ou pred P\u00e1nom a s n\u00e1dejou na sl\u00e1vne vzkriesenie<\/h5>\n<h5 align=\"center\">V\u00e1m oznamujeme, \u017ee pani<\/h5>\n<h3 align=\"center\"><strong>\u017dofia Koribani\u010dov\u00e1<\/strong><\/h3>\n<h5 align=\"center\">zosnula v\u00a0P\u00e1novi<\/h5>\n<h5 align=\"center\">v\u00a0sobotu 28. janu\u00e1ra 2017 vo veku nedo\u017eit\u00fdch 92 rokov.<\/h5>\n<p>&nbsp;<\/p>\n<h5 align=\"center\"><strong>Pohrebn\u00e9 obrady bud\u00fa\u00a0<\/strong><strong>14. marca 2017 o 14.00 hod.<\/strong><\/h5>\n<h5 align=\"center\"><strong>na cintor\u00edne: \u00a0Friedhof Manegg, Thujastrasse 60, 8038 Z\u00fcrich.<\/strong><\/h5>\n<h5 align=\"center\">Sm\u00fatiacia rodina a pr\u00edbuzn\u00ed.<\/h5>\n<p>&nbsp;<\/p>\n<p align=\"center\"><em>Odpo\u010dinutie ve\u010dn\u00e9 daj jej, Pane, a svetlo ve\u010dn\u00e9 nech jej svieti!<\/em><i><\/i><\/p>\n<p align=\"center\"><a href=\"https:\/\/www.skmisia.ch\/wp-content\/uploads\/2015\/07\/Parte1.jpg\"><img decoding=\"async\" loading=\"lazy\" class=\"aligncenter size-full wp-image-3995\" src=\"https:\/\/www.skmisia.ch\/wp-content\/uploads\/2015\/07\/Parte1.jpg\" alt=\"Parte1\" width=\"259\" height=\"194\" \/><\/a><\/p>\n","protected":false},"excerpt":{"rendered":"<p>Ja som vzkriesenie a \u017eivot. Kto ver\u00ed vo m\u0148a, bude \u017ei\u0165, aj ke\u010f umrie. (Jn 11, 25) &nbsp; &nbsp; &nbsp; S tichou b\u00e1z\u0148ou pred P\u00e1nom a s n\u00e1dejou na sl\u00e1vne vzkriesenie V\u00e1m oznamujeme, \u017ee&#46;&#46;&#46;<\/p>\n","protected":false},"author":3,"featured_media":3995,"comment_status":"open","ping_status":"closed","sticky":false,"template":"","format":"standard","meta":{"ngg_post_thumbnail":0},"categories":[24,1],"tags":[],"_links":{"self":[{"href":"https:\/\/www.skmisia.ch\/index.php?rest_route=\/wp\/v2\/posts\/3974"}],"collection":[{"href":"https:\/\/www.skmisia.ch\/index.php?rest_route=\/wp\/v2\/posts"}],"about":[{"href":"https:\/\/www.skmisia.ch\/index.php?rest_route=\/wp\/v2\/types\/post"}],"author":[{"embeddable":true,"href":"https:\/\/www.skmisia.ch\/index.php?rest_route=\/wp\/v2\/users\/3"}],"replies":[{"embeddable":true,"href":"https:\/\/www.skmisia.ch\/index.php?rest_route=%2Fwp%2Fv2%2Fcomments&post=3974"}],"version-history":[{"count":20,"href":"https:\/\/www.skmisia.ch\/index.php?rest_route=\/wp\/v2\/posts\/3974\/revisions"}],"predecessor-version":[{"id":7207,"href":"https:\/\/www.skmisia.ch\/index.php?rest_route=\/wp\/v2\/posts\/3974\/revisions\/7207"}],"wp:featuredmedia":[{"embeddable":true,"href":"https:\/\/www.skmisia.ch\/index.php?rest_route=\/wp\/v2\/media\/3995"}],"wp:attachment":[{"href":"https:\/\/www.skmisia.ch\/index.php?rest_route=%2Fwp%2Fv2%2Fmedia&parent=3974"}],"wp:term":[{"taxonomy":"category","embeddable":true,"href":"https:\/\/www.skmisia.ch\/index.php?rest_route=%2Fwp%2Fv2%2Fcategories&post=3974"},{"taxonomy":"post_tag","embeddable":true,"href":"https:\/\/www.skmisia.ch\/index.php?rest_route=%2Fwp%2Fv2%2Ftags&post=3974"}],"curies":[{"name":"wp","href":"https:\/\/api.w.org\/{rel}","templated":true}]}}