{"id":3952,"date":"2015-10-14T07:25:56","date_gmt":"2015-10-14T06:25:56","guid":{"rendered":"https:\/\/www.skmisia.ch\/?p=3952"},"modified":"2019-04-08T21:08:50","modified_gmt":"2019-04-08T20:08:50","slug":"sv-omse-v-kantone-sankt-gallen","status":"publish","type":"post","link":"https:\/\/www.skmisia.ch\/?p=3952","title":{"rendered":"Sv. om\u0161a v Sankt Gallen v nede\u013eu 18. okt\u00f3bra o 16.30"},"content":{"rendered":"<p style=\"text-align: center;\"><b style=\"line-height: 1.5em;\"><\/b><strong><span style=\"text-decoration: underline;\">Sl\u00e1venie sv. om\u0161\u00ed v SANKT GALLENE V v kostole St. Fiden<\/span><\/strong><\/p>\n<p><strong>Adresa: Kostol\u00a0&#8211;\u00a0St. Fiden, Greithstrasse 7, 9000 St. Gallen, \u0160vaj\u010diarsko<\/strong><\/p>\n<p><strong>\u00a0<\/strong><\/p>\n<p><strong>Mil\u00ed veriaci Slov\u00e1ci v okol\u00ed Sankt Gallen,<\/strong><\/p>\n<p><strong>na z\u00e1klade V\u00e1\u0161ho z\u00e1ujmu sme podnikli kroky pre mo\u017enos\u0165 sl\u00e1venia nieko\u013ek\u00fdch sk\u00fa\u0161obn\u00fdch sv. om\u0161\u00ed pre oblas\u0165 SG. Pros\u00edme V\u00e1s preto o v\u0161estrann\u00fa informovanos\u0165 a prizvanie v\u0161etk\u00fdch Va\u0161ich zn\u00e1mych. Pod\u013ea \u00fa\u010dasti a V\u00e1\u0161ho z\u00e1ujmu n\u00e1m potom Vikari\u00e1t biskupa m\u00f4\u017ee odobri\u0165 pravidelnej\u0161ie sl\u00fa\u017eenie sv. om\u0161\u00ed pre t\u00fato oblas\u0165.<a href=\"https:\/\/www.skmisia.ch\/wp-content\/uploads\/2015\/07\/Fiden.jpg\" target=\"_blank\" rel=\"noopener noreferrer\"><img decoding=\"async\" loading=\"lazy\" class=\"size-medium wp-image-3953 alignright\" src=\"https:\/\/www.skmisia.ch\/wp-content\/uploads\/2015\/07\/Fiden-224x300.jpg\" alt=\"Fiden\" width=\"224\" height=\"300\" srcset=\"https:\/\/www.skmisia.ch\/wp-content\/uploads\/2015\/07\/Fiden-224x300.jpg 224w, https:\/\/www.skmisia.ch\/wp-content\/uploads\/2015\/07\/Fiden.jpg 765w\" sizes=\"(max-width: 224px) 100vw, 224px\" \/><\/a><\/strong><\/p>\n<p><strong>Term\u00edny sv. om\u0161\u00ed:<\/strong><\/p>\n<p><strong>&#8211;\u00a0\u00a0\u00a0\u00a0\u00a0\u00a0\u00a0 26 j\u00fal 2015, o 16.30<\/strong><\/p>\n<p><strong>&#8211;\u00a0\u00a0\u00a0\u00a0\u00a0\u00a0\u00a0 16 august 2015, o 16.30<\/strong><\/p>\n<p><strong>&#8211;\u00a0\u00a0\u00a0\u00a0\u00a0\u00a0\u00a0 18 okt\u00f3ber 2015, o 16.30<\/strong><\/p>\n<p><strong>&#8211;\u00a0\u00a0\u00a0\u00a0\u00a0\u00a0\u00a0 1 november 2015, o 16.30<\/strong><\/p>\n<p><strong>\u00a0<\/strong><\/p>\n<p><a href=\"https:\/\/www.skmisia.ch\/wp-content\/uploads\/2015\/07\/mapka-SG2.png\" target=\"_blank\" rel=\"noopener noreferrer\"><img decoding=\"async\" loading=\"lazy\" class=\"alignnone size-medium wp-image-3956\" src=\"https:\/\/www.skmisia.ch\/wp-content\/uploads\/2015\/07\/mapka-SG2-300x186.png\" alt=\"mapka SG2\" width=\"300\" height=\"186\" srcset=\"https:\/\/www.skmisia.ch\/wp-content\/uploads\/2015\/07\/mapka-SG2-300x186.png 300w, https:\/\/www.skmisia.ch\/wp-content\/uploads\/2015\/07\/mapka-SG2-1024x636.png 1024w, https:\/\/www.skmisia.ch\/wp-content\/uploads\/2015\/07\/mapka-SG2.png 1275w\" sizes=\"(max-width: 300px) 100vw, 300px\" \/><\/a>\u00a0 \u00a0 \u00a0<a href=\"https:\/\/www.skmisia.ch\/wp-content\/uploads\/2015\/07\/mapka-SG1.png\" target=\"_blank\" rel=\"noopener noreferrer\"><img decoding=\"async\" loading=\"lazy\" class=\"alignnone size-medium wp-image-3957\" src=\"https:\/\/www.skmisia.ch\/wp-content\/uploads\/2015\/07\/mapka-SG1-300x166.png\" alt=\"mapka SG1\" width=\"300\" height=\"166\" srcset=\"https:\/\/www.skmisia.ch\/wp-content\/uploads\/2015\/07\/mapka-SG1-300x166.png 300w, https:\/\/www.skmisia.ch\/wp-content\/uploads\/2015\/07\/mapka-SG1-1024x567.png 1024w, https:\/\/www.skmisia.ch\/wp-content\/uploads\/2015\/07\/mapka-SG1.png 1275w\" sizes=\"(max-width: 300px) 100vw, 300px\" \/><\/a><\/p>\n","protected":false},"excerpt":{"rendered":"<p>Sl\u00e1venie sv. om\u0161\u00ed v SANKT GALLENE V v kostole St. Fiden Adresa: Kostol\u00a0&#8211;\u00a0St. Fiden, Greithstrasse 7, 9000 St. Gallen, \u0160vaj\u010diarsko \u00a0 Mil\u00ed veriaci Slov\u00e1ci v okol\u00ed Sankt Gallen, na z\u00e1klade V\u00e1\u0161ho z\u00e1ujmu sme podnikli&#46;&#46;&#46;<\/p>\n","protected":false},"author":3,"featured_media":3957,"comment_status":"open","ping_status":"closed","sticky":false,"template":"","format":"standard","meta":{"ngg_post_thumbnail":0},"categories":[24,1],"tags":[],"_links":{"self":[{"href":"https:\/\/www.skmisia.ch\/index.php?rest_route=\/wp\/v2\/posts\/3952"}],"collection":[{"href":"https:\/\/www.skmisia.ch\/index.php?rest_route=\/wp\/v2\/posts"}],"about":[{"href":"https:\/\/www.skmisia.ch\/index.php?rest_route=\/wp\/v2\/types\/post"}],"author":[{"embeddable":true,"href":"https:\/\/www.skmisia.ch\/index.php?rest_route=\/wp\/v2\/users\/3"}],"replies":[{"embeddable":true,"href":"https:\/\/www.skmisia.ch\/index.php?rest_route=%2Fwp%2Fv2%2Fcomments&post=3952"}],"version-history":[{"count":9,"href":"https:\/\/www.skmisia.ch\/index.php?rest_route=\/wp\/v2\/posts\/3952\/revisions"}],"predecessor-version":[{"id":9327,"href":"https:\/\/www.skmisia.ch\/index.php?rest_route=\/wp\/v2\/posts\/3952\/revisions\/9327"}],"wp:featuredmedia":[{"embeddable":true,"href":"https:\/\/www.skmisia.ch\/index.php?rest_route=\/wp\/v2\/media\/3957"}],"wp:attachment":[{"href":"https:\/\/www.skmisia.ch\/index.php?rest_route=%2Fwp%2Fv2%2Fmedia&parent=3952"}],"wp:term":[{"taxonomy":"category","embeddable":true,"href":"https:\/\/www.skmisia.ch\/index.php?rest_route=%2Fwp%2Fv2%2Fcategories&post=3952"},{"taxonomy":"post_tag","embeddable":true,"href":"https:\/\/www.skmisia.ch\/index.php?rest_route=%2Fwp%2Fv2%2Ftags&post=3952"}],"curies":[{"name":"wp","href":"https:\/\/api.w.org\/{rel}","templated":true}]}}