{"id":3777,"date":"2015-06-30T11:04:01","date_gmt":"2015-06-30T10:04:01","guid":{"rendered":"https:\/\/www.skmisia.ch\/?p=3777"},"modified":"2019-04-08T21:09:15","modified_gmt":"2019-04-08T20:09:15","slug":"stretnutie-u-sestier-matky-terezy","status":"publish","type":"post","link":"https:\/\/www.skmisia.ch\/?p=3777","title":{"rendered":"Stretnutie u sestier Matky Terezy"},"content":{"rendered":"<p><span style=\"line-height: 1.5em;\">\u00a0 \u00a0 \u00a0Sviatok najsv\u00e4tej\u0161ieho Srdca Je\u017ei\u0161ovho sa v katol\u00edckej cirkvi sl\u00e1vi v prv\u00fd piatok po Sl\u00e1vnosti Najsv\u00e4tej\u0161ieho Kristovho Tela a Krvi &#8211; ide teda o pohybliv\u00fd sviatok. Ustanovil ho p\u00e1pe\u017e Klement XIII. v roku\u00a0 1765 \u010di\u017ee pred 250 rokmi a p\u00e1pe\u017e Pius IX. ho v roku 1856 roz\u0161\u00edril na cel\u00fa cirkev. Osobitn\u00e9 zjavenie od P\u00e1na Je\u017ei\u0161a mala sv. Margita Maria Alacoque. Je\u017ei\u0161 jej uk\u00e1zal svoje srdce, ktor\u00e9 tak ve\u013emi miluje \u013eud\u00ed a v\u00e4\u010d\u0161inou dost\u00e1va od nich iba nev\u010fa\u010dnos\u0165 a ur\u00e1\u017eky a \u017eiadal, aby bol ustanoven\u00fd osobitn\u00fd sviatok na \u010des\u0165 jeho srdca.\u00a0 Srdce ako symbol, ktor\u00e9 t\u00fa\u017ei po n\u00e1s, ktor\u00e9 n\u00e1s h\u013ead\u00e1, ktor\u00e9 pla\u010de, preto\u017ee ho neh\u013ead\u00e1me.<\/span><\/p>\n<p>Sl\u00e1vnostn\u00e1 sv. om\u0161a zo sviatku Srdca Je\u017ei\u0161ovho sa konala v r\u00e1mci ml\u00e1de\u017enick\u00e9ho stretnutia v kaplnke Milosrdn\u00fdch sestier od Matky Terezy v Zurichu. U\u017e samotn\u00e1 pr\u00edtomnos\u0165 sestier dodala stretnutiu doj\u00edmav\u00fd raz. Po sv\u00e4tej om\u0161i sa z\u00fa\u010dastnen\u00ed veriaci zapo\u010d\u00favali do slov sestry Mercedes. Skromn\u00e1, \u00fatla sestri\u010dka z ktorej vy\u017earuje pokoj a rados\u0165, porozpr\u00e1vala svoj pr\u00edbeh, ako vst\u00fapila do Kongreg\u00e1cie mision\u00e1rskej l\u00e1sky. &#8211; Bola mlad\u00e1 a milovala \u017eivot, zbo\u017e\u0148ovala hudbu a tanec a ako v\u0161etci mlad\u00ed \u013eudia aj ona chodievala na diskot\u00e9ky. Bola norm\u00e1lnym diev\u010da\u0165om, ktor\u00e1 si budovala svoj \u017eivot. A\u017e raz, na Ve\u013ek\u00fd piatok poc\u00edtila siln\u00fa t\u00fa\u017ebu Boha a rozhodla sa vst\u00fapi\u0165 do rehole. Pozvala si cel\u00fa rodinu a povedala o svojom pl\u00e1ne. Otec plakal a mama ostala v nemom \u00fa\u017ease bez slov. A pr\u00e1ve toto jej rozhodnutie upevnilo vieru v Krista v srdciach oboch rodi\u010dov. Mama sa nesk\u00f4r stala u\u010dite\u013ekou katech\u00e9zy a otec pom\u00e1ha v zdru\u017een\u00ed pre pomoc biednym a chudobn\u00fdm.<\/p>\n<p>Sestry od Matky Terezy zodpovedaj\u00fa za obrovsk\u00e9 dielo. Dnes m\u00e1 kongreg\u00e1cia Mision\u00e1rskej l\u00e1sky vy\u0161e 4000 sestier a p\u00f4sobia vo vy\u0161e 100 krajin\u00e1ch sveta. S\u00fa symbolom \u013eudskej dobroty, l\u00e1sky a pomoci. Nevlastnia \u017eiadny majetok. \u017dij\u00fa ako \u013eudia, o ktor\u00fdch sa staraj\u00fa, to znamen\u00e1 &#8211; ako najchudobnej\u0161\u00ed z chudobn\u00fdch. Reho\u013en\u00e9 pravidl\u00e1 s\u00fa d\u00f4sledne dodr\u017eiavan\u00e9 a s\u00fa ve\u013ami pr\u00edsne. Sestri\u010dky pom\u00e1haj\u00fa t\u00fdm, ktor\u00ed to najviac potrebuj\u00fa. A hoci je \u0160vaj\u010diarsko bohatou krajinou, aj tu s\u00fa chudobn\u00ed, biedn\u00ed a opusten\u00ed \u013eudia, ktor\u00ed ich vyh\u013ead\u00e1vaj\u00fa. O pomoc \u017eiadaj\u00fa aj drogovo z\u00e1visl\u00ed \u013eudia, prostit\u00fatky aj bezdomovci. S l\u00e1skou a rados\u0165ou otv\u00e1raj\u00fa svoje srdcia a n\u00e1ru\u010d v\u0161etk\u00fdm, ktor\u00ed sa chc\u00fa o ich pomoc oprie\u0165. Zvl\u00e1\u0161tnos\u0165ou pre nich je, \u017ee sa e\u0161te nikdy nestretli s negat\u00edvn\u00fdmi reakciami zo strany t\u00fdch, ktor\u00fdm chceli pom\u00f4c\u0165. V z\u00e1vere sestra Mercedes s \u00fasmevom na tv\u00e1ri zd\u00f4raznila, \u017ee Boh je L\u00e1ska. A Boh, hoci je v\u0161emoh\u00faci jednu vec nedok\u00e1\u017ee &#8211; nem\u00f4\u017ee n\u00e1s presta\u0165 milova\u0165 &#8211; Boh \u0165a miluje tak\u00e9ho, ak\u00fd si. A ke\u010f \u010dlovek miluje, nepoci\u0165uje \u0165a\u017ekosti a n\u00e1mahu.<\/p>\n","protected":false},"excerpt":{"rendered":"<p>\u00a0 \u00a0 \u00a0Sviatok najsv\u00e4tej\u0161ieho Srdca Je\u017ei\u0161ovho sa v katol\u00edckej cirkvi sl\u00e1vi v prv\u00fd piatok po Sl\u00e1vnosti Najsv\u00e4tej\u0161ieho Kristovho Tela a Krvi &#8211; ide teda o pohybliv\u00fd sviatok. Ustanovil ho p\u00e1pe\u017e Klement XIII. v roku\u00a0&#46;&#46;&#46;<\/p>\n","protected":false},"author":3,"featured_media":3779,"comment_status":"open","ping_status":"closed","sticky":false,"template":"","format":"standard","meta":{"ngg_post_thumbnail":0},"categories":[24,1],"tags":[],"_links":{"self":[{"href":"https:\/\/www.skmisia.ch\/index.php?rest_route=\/wp\/v2\/posts\/3777"}],"collection":[{"href":"https:\/\/www.skmisia.ch\/index.php?rest_route=\/wp\/v2\/posts"}],"about":[{"href":"https:\/\/www.skmisia.ch\/index.php?rest_route=\/wp\/v2\/types\/post"}],"author":[{"embeddable":true,"href":"https:\/\/www.skmisia.ch\/index.php?rest_route=\/wp\/v2\/users\/3"}],"replies":[{"embeddable":true,"href":"https:\/\/www.skmisia.ch\/index.php?rest_route=%2Fwp%2Fv2%2Fcomments&post=3777"}],"version-history":[{"count":1,"href":"https:\/\/www.skmisia.ch\/index.php?rest_route=\/wp\/v2\/posts\/3777\/revisions"}],"predecessor-version":[{"id":3780,"href":"https:\/\/www.skmisia.ch\/index.php?rest_route=\/wp\/v2\/posts\/3777\/revisions\/3780"}],"wp:featuredmedia":[{"embeddable":true,"href":"https:\/\/www.skmisia.ch\/index.php?rest_route=\/wp\/v2\/media\/3779"}],"wp:attachment":[{"href":"https:\/\/www.skmisia.ch\/index.php?rest_route=%2Fwp%2Fv2%2Fmedia&parent=3777"}],"wp:term":[{"taxonomy":"category","embeddable":true,"href":"https:\/\/www.skmisia.ch\/index.php?rest_route=%2Fwp%2Fv2%2Fcategories&post=3777"},{"taxonomy":"post_tag","embeddable":true,"href":"https:\/\/www.skmisia.ch\/index.php?rest_route=%2Fwp%2Fv2%2Ftags&post=3777"}],"curies":[{"name":"wp","href":"https:\/\/api.w.org\/{rel}","templated":true}]}}