{"id":3765,"date":"2015-06-22T21:10:43","date_gmt":"2015-06-22T20:10:43","guid":{"rendered":"https:\/\/www.skmisia.ch\/?p=3765"},"modified":"2019-04-08T21:09:15","modified_gmt":"2019-04-08T20:09:15","slug":"papez-frantisek-v-turine-dopoludnie","status":"publish","type":"post","link":"https:\/\/www.skmisia.ch\/?p=3765","title":{"rendered":"P\u00e1pe\u017e Franti\u0161ek v Tur\u00edne, dopoludnie"},"content":{"rendered":"<p>Vatik\u00e1n\/Tur\u00edn 21. j\u00fana \u2013 Sv\u00e4t\u00fd Otec Franti\u0161ek je v\u00a0nede\u013eu a\u00a0pondelok na n\u00e1v\u0161teve Tur\u00edna pri pr\u00edle\u017eitosti vystavenia Tur\u00ednskeho pl\u00e1tna a\u00a0200. v\u00fdro\u010dia narodenia sv. J\u00e1na Bosca, zakladate\u013ea salezi\u00e1nov.<\/p>\n<p><strong>Stretnutie so svetom pr\u00e1ce: Predch\u00e1dza\u0165 soci\u00e1lnemu konfliktu spravodlivos\u0165ou<\/strong><\/p>\n<p>Program pastora\u010dnej cesty sa za\u010dal u\u017e od skor\u00e9ho r\u00e1na stretnut\u00edm s\u00a0\u013eu\u010fmi pr\u00e1ce o\u00a08.30 na n\u00e1mest\u00ed v\u00a0centre Tur\u00edna. Pred niekdaj\u0161\u00edm Kr\u00e1\u013eovsk\u00fdm pal\u00e1com p\u00e1pe\u017ea priv\u00edtali predstavitelia mesta a regi\u00f3nu Piemont. Tur\u00ednsky arcibiskup Mons. Cesare Nosiglia sprev\u00e1dza Sv\u00e4t\u00e9ho Otca po\u010das celej pastora\u010dnej n\u00e1v\u0161tevy.<\/p>\n<p>P\u00e1pe\u017e Franti\u0161ek vo svojom\u00a0pr\u00edhovore reagoval na situ\u00e1ciu priemyselnej metropoly, ktor\u00e1 poci\u0165uje soci\u00e1lny dopad hospod\u00e1rskej kr\u00edzy, mnoho \u013eud\u00ed je don\u00faten\u00fdch \u017ei\u0165 so zatiahnut\u00fdm opaskom \u00a0a\u00a0bori\u0165 sa s probl\u00e9mami v\u00a0oblasti b\u00fdvania, zdravotn\u00edctva, \u0161kolstva \u010di in\u00fdch z\u00e1kladn\u00fdch potrieb. Vyjadril solidaritu s\u00a0nezamestnan\u00fdmi, osobitne s\u00a0mlad\u00fdmi, ako aj so v\u0161etk\u00fdmi, ktor\u00ed z\u00e1pasia s\u00a0 neistotou pr\u00e1ce. Zd\u00f4raznil, \u017ee \u201epr\u00e1ca nie je nevyhnutn\u00e1 iba pre ekonomiku, ale aj pre samotn\u00fa \u013eudsk\u00fa osobu, pre jej d\u00f4stojnos\u0165, pre jej ob\u010dianske a tie\u017e soci\u00e1lne za\u010dlenenie.\u201c Dotkol sa aj ot\u00e1zky pris\u0165ahovalcov. Ako povedal, t\u00edto s\u00edce predstavuj\u00fa konkurenciu v pracovn\u00fdch pr\u00edle\u017eitostiach, nem\u00e1 sa to v\u0161ak pripisova\u0165 za ich vinu, ke\u010f\u017ee oni sami s\u00fa toti\u017e obe\u0165ami nerovnosti, vyra\u010fuj\u00facej ekonomiky a\u00a0vojen \u2013 upozornil p\u00e1pe\u017e Franti\u0161ek. Vyzval poveda\u0165 \u201enie\u201c ekonomike vyra\u010fovania, kla\u0148ania sa b\u00f4\u017eikovi\u00a0pe\u0148az\u00ed, \u010doho v\u00fdsledkom je obohatenie nieko\u013ek\u00fdch pri ochudobnen\u00ed ve\u013emi mnoh\u00fdch, neraz a\u017e na hranicu hladu. Sv\u00e4t\u00fd Otec zd\u00f4raznil, \u017ee jasn\u00e9 \u201enie\u201c vyjadren\u00e9 skutkami a\u00a0nielen re\u010dami patr\u00ed korupcii, ktor\u00e1 je tak roz\u0161\u00edren\u00e1, \u017ee sa zd\u00e1 by\u0165 norm\u00e1lnym postojom: \u201eNie mafi\u00e1nskym skryt\u00fdm paktom, podvodom, \u00faplatkom a\u00a0podobn\u00fdm veciam!\u201c Postavi\u0165 sa proti zlu, ktor\u00e9 plod\u00ed n\u00e1silie, je mo\u017en\u00e9 len spojen\u00fdmi silami. \u201eDon Bosco n\u00e1s u\u010d\u00ed, \u017ee najlep\u0161ou met\u00f3dou je prevencia: aj soci\u00e1lnemu konfliktu je treba predch\u00e1dza\u0165, a\u00a0toto sa uskuto\u010d\u0148uje spravodlivos\u0165ou.\u201c<\/p>\n<p>O\u00a0potrebe dosta\u0165 sa von z kr\u00edzy hovoril p\u00e1pe\u017e Franti\u0161ek nielen v\u00a0kontexte Talianska, ale v\u00a0\u0161ir\u0161om, glob\u00e1lnom zmysle: \u201eToto si vy\u017eaduje tak\u00fd ekonomick\u00fd model, ktor\u00fd nebude organizovan\u00fd v prospech kapit\u00e1lu a\u00a0produkcie, ale sk\u00f4r v\u00a0prospech spolo\u010dn\u00e9ho dobra.\u201c<\/p>\n<p>Po\u010das stretnutia na zaplnenom n\u00e1mest\u00ed Piazza Vittorio po\u010fakoval aj za svedectv\u00e1, ktor\u00e9 v \u00favode stretnutia predniesli traja z\u00e1stupcovia sveta pr\u00e1ce: prev\u00e1dzkovate\u013e malej textilnej firmy, matka dvoch det\u00ed, ktor\u00e1 ako robotn\u00ed\u010dka pre\u0161la mno\u017estvom zamestnan\u00ed, a\u00a0otec rodiny, ktor\u00fd sa \u017eiv\u00ed ako pestovate\u013e okrasn\u00fdch rastl\u00edn a\u00a0pre\u0161iel sk\u00fasenos\u0165ou nov\u00e9ho za\u010diatku po \u017eivelnej pohrome. V\u00a0ich svedectv\u00e1ch p\u00e1pe\u017e Franti\u0161ek vyzdvihol rodinn\u00fd rozmer, dokazuj\u00faci, \u017ee viera v\u00a0Boha a\u00a0jednota rodiny s\u00fa im ve\u013ekou pomocou a\u00a0posilou. V\u00a0reakcii na svedectv\u00e1 Sv\u00e4t\u00fd Otec vyzval\u00a0aj k\u00a0ochrane pr\u00e1v \u017eien, \u201epreto\u017ee napriek tomu, \u017ee nes\u00fa hlavn\u00e9 bremeno starostlivosti o\u00a0dom\u00e1cnos\u0165, o\u00a0deti a\u00a0o\u00a0star\u00fdch \u013eud\u00ed, s\u00fa e\u0161te diskriminovan\u00e9, aj v\u00a0pr\u00e1ci.\u201c<\/p>\n<p>P\u00e1pe\u017e Franti\u0161ek Tur\u00edn\u010danov opakovane povzbudzoval k\u00a0odvahe a\u00a0kreativite. Vyzdvihol aktivitu zameran\u00fa na vytvorenie \u201esoci\u00e1lnej a\u00a0medzigenera\u010dnej dohody\u201c, ktor\u00fa v Tur\u00ednskej diec\u00e9ze rozv\u00edjaj\u00fa pod n\u00e1zvom \u201eAgora\u201c. \u201eZ kr\u00edzy sa nedostaneme bez mlad\u00fdch, ml\u00e1de\u017ee a\u00a0det\u00ed a\u00a0bez star\u00fdch \u013eud\u00ed. S\u00fa silou bud\u00facnosti, ale aj pam\u00e4\u0165ou minulosti, ktor\u00e1 n\u00e1m ukazuje, kam treba kr\u00e1\u010da\u0165. Nezab\u00fadajme na to, pros\u00edm. Deti a\u00a0star\u00ed \u013eudia s\u00fa bohatstvom a\u00a0pr\u00eds\u013eubom n\u00e1roda.\u201c<\/p>\n<p><strong><a href=\"http:\/\/sk.radiovaticana.va\/news\/2015\/06\/22\/pr%C3%ADhovor_sv%C3%A4t%C3%A9ho_otca_pri_stretnut%C3%AD_so_svetom_pr%C3%A1ce_v_tur%C3%ADne\/1153415\" target=\"_blank\" rel=\"noopener noreferrer\">Pln\u00e9 znenie pr\u00edhovoru pri stretnut\u00ed so svetom pr\u00e1ce<\/a><\/strong><\/p>\n<p><strong>P\u00e1pe\u017e Franti\u0161ek v tichu rozj\u00edmal pred Tur\u00ednskym pl\u00e1tnom<\/strong><\/p>\n<p>Po stretnut\u00ed so svetom pr\u00e1ce sa p\u00e1pe\u017e Franti\u0161ek odobral do miestnej katedr\u00e1ly, kde je vystaven\u00e9 Tur\u00ednske pl\u00e1tno a\u00a0v obdob\u00ed od polovice apr\u00edla do 24. j\u00fana sem pr\u00fadia z\u00e1stupy p\u00fatnikov, pribli\u017ene 3 tis\u00edcky denne. Motto vystavenia znie: \u201eNajv\u00e4\u010d\u0161ia l\u00e1ska\u201c. Sv\u00e4t\u00fd Otec pre\u0161iel lo\u010fou katedr\u00e1ly a\u017e do presbyt\u00e9ria. Pred Tur\u00ednskym pl\u00e1tnom sa uklonil a v\u00a0tichu posedia\u010dky rozj\u00edmal nieko\u013eko min\u00fat. Potom prist\u00fapil k\u00a0pl\u00e1tnu a\u00a0dotykom ruky vyjadril svoj kontakt s\u00a0hlbok\u00fdm duchovn\u00fdm tajomstvom, ktor\u00e9 pl\u00e1tno predstavuje. V\u00a0Tur\u00ednskej katedr\u00e1le si Sv\u00e4t\u00fd Otec uctil aj hrob blahoslaven\u00e9ho patr\u00f3na ml\u00e1de\u017ee Piergiorgia Frassatiho (1901-1925), laika, ktor\u00fd sa v\u00a0mladom veku svojou anga\u017eovanos\u0165ou v zdru\u017een\u00ed katol\u00edckych intelektu\u00e1lov stal vzorom akt\u00edvnej \u00falohy kres\u0165ana vo verejnom \u017eivote, v\u00a0soci\u00e1lnych a\u00a0politick\u00fdch ot\u00e1zkach.<\/p>\n<p>V\u00a0katedr\u00e1le, ktor\u00e1 je zasv\u00e4ten\u00e1 sv. J\u00e1novi Kristite\u013eovi, Sv\u00e4t\u00fd Otec tie\u017e pozdravil pr\u00edtomn\u00e9 klauz\u00farne sestry a\u00a0star\u00fdch k\u0148azov a\u00a0potom sa u\u017e presunul v\u00a0otvorenom papamobile ulicami mesta. Po ceste zi\u0161iel z\u00a0automobilu, aby jednotlivo po\u017eehnal chor\u00fdch na voz\u00ed\u010dkoch. Na priestrannom n\u00e1mest\u00ed Piazza Vittorio Veneto pred 10.30 za\u010dal p\u00e1pe\u017e Franti\u0161ek\u00a0<strong>sl\u00e1venie Eucharistie za \u00fa\u010dasti takmer 100-tis\u00edc veriacich.\u00a0<\/strong>V hom\u00edlii sa zameral na vlastnosti Bo\u017eej l\u00e1sky: Bo\u017eia l\u00e1ska je vern\u00e1, v\u0161etko obnovuje a je pevn\u00e1 ako skaln\u00e1 hr\u00e1dza odol\u00e1vaj\u00faca n\u00e1porom rozb\u00faren\u00fdch v\u013an. P\u00e1pe\u017e Franti\u0161ek sa na obyvate\u013eov regi\u00f3nu\u00a0Piemont, z ktor\u00e9ho poch\u00e1dzali jeho predkovia, obr\u00e1til aj\u00a0ver\u0161ami Nina Costu, jedn\u00e9ho z v\u00fdznamn\u00fdch b\u00e1snikov tohto kraja.<\/p>\n<p><a href=\"http:\/\/sk.radiovaticana.va\/news\/2015\/06\/21\/hom%C3%ADlia__p%C3%A1pe%C5%BEa_franti%C5%A1ka_v_tur%C3%ADne_vern%C3%AD,_obnoven%C3%AD_a_upevne\/1153147\" target=\"_blank\" rel=\"noopener noreferrer\"><strong>Hom\u00edlia Sv\u00e4t\u00e9ho Otca:\u00a0Vern\u00ed, obnoven\u00ed a upevnen\u00ed v l\u00e1ske<\/strong><\/a><\/p>\n<p>Jednoduch\u00e9 p\u00f3dium s olt\u00e1rom bolo umiestnen\u00e9 na n\u00e1mest\u00ed, ktor\u00e9 svojou rozlohou 320 kr\u00e1t 100 metrov patr\u00ed k\u00a0najv\u00e4\u010d\u0161\u00edm s\u00a0Eur\u00f3pe. Koncelebrovali viacer\u00ed biskupi a stovky k\u0148azov. Do spolo\u010dn\u00fdch modlitieb sa zapojil aj pris\u0165ahovalec z\u00a0Afriky, ktor\u00fd l\u00e1manou talian\u010dinou prosil za to, aby bol svet osloboden\u00fd od diskrimin\u00e1cie. Pred polud\u0148aj\u0161ou modlitbou Anjel P\u00e1na Sv\u00e4t\u00fd Otec obr\u00e1til pozornos\u0165 na Pannu M\u00e1riu, uctievan\u00fa ako Ute\u0161ite\u013eku a Kr\u00e1\u013eovn\u00fa Tur\u00edna a Piemontu a zveril jej v\u0161etk\u00fdch obyvate\u013eov, osobitne trpiacich. Pripomenul pritom N\u00e1rodn\u00fd de\u0148 boja proti leuk\u00e9mii.<\/p>\n<p><strong><a href=\"http:\/\/sk.radiovaticana.va\/news\/2015\/06\/21\/pr%C3%ADhovor_na_anjel_p%C3%A1na_tur%C3%ADnske_pl%C3%A1tno_pob%C3%A1da_d%C3%A1va%C5%A5_je%C5%BEi%C5%A1ov\/1153106\" target=\"_blank\" rel=\"noopener noreferrer\">Pr\u00edhovor na Anjel P\u00e1na: Tur\u00ednske pl\u00e1tno pob\u00e1da d\u00e1va\u0165 Je\u017ei\u0161ovu l\u00e1sku trpiacim<\/a><\/strong><\/p>\n","protected":false},"excerpt":{"rendered":"<p>Vatik\u00e1n\/Tur\u00edn 21. j\u00fana \u2013 Sv\u00e4t\u00fd Otec Franti\u0161ek je v\u00a0nede\u013eu a\u00a0pondelok na n\u00e1v\u0161teve Tur\u00edna pri pr\u00edle\u017eitosti vystavenia Tur\u00ednskeho pl\u00e1tna a\u00a0200. v\u00fdro\u010dia narodenia sv. J\u00e1na Bosca, zakladate\u013ea salezi\u00e1nov. Stretnutie so svetom pr\u00e1ce: Predch\u00e1dza\u0165 soci\u00e1lnemu konfliktu spravodlivos\u0165ou&#46;&#46;&#46;<\/p>\n","protected":false},"author":3,"featured_media":3766,"comment_status":"open","ping_status":"closed","sticky":false,"template":"","format":"standard","meta":{"ngg_post_thumbnail":0},"categories":[24,1],"tags":[],"_links":{"self":[{"href":"https:\/\/www.skmisia.ch\/index.php?rest_route=\/wp\/v2\/posts\/3765"}],"collection":[{"href":"https:\/\/www.skmisia.ch\/index.php?rest_route=\/wp\/v2\/posts"}],"about":[{"href":"https:\/\/www.skmisia.ch\/index.php?rest_route=\/wp\/v2\/types\/post"}],"author":[{"embeddable":true,"href":"https:\/\/www.skmisia.ch\/index.php?rest_route=\/wp\/v2\/users\/3"}],"replies":[{"embeddable":true,"href":"https:\/\/www.skmisia.ch\/index.php?rest_route=%2Fwp%2Fv2%2Fcomments&post=3765"}],"version-history":[{"count":2,"href":"https:\/\/www.skmisia.ch\/index.php?rest_route=\/wp\/v2\/posts\/3765\/revisions"}],"predecessor-version":[{"id":9331,"href":"https:\/\/www.skmisia.ch\/index.php?rest_route=\/wp\/v2\/posts\/3765\/revisions\/9331"}],"wp:featuredmedia":[{"embeddable":true,"href":"https:\/\/www.skmisia.ch\/index.php?rest_route=\/wp\/v2\/media\/3766"}],"wp:attachment":[{"href":"https:\/\/www.skmisia.ch\/index.php?rest_route=%2Fwp%2Fv2%2Fmedia&parent=3765"}],"wp:term":[{"taxonomy":"category","embeddable":true,"href":"https:\/\/www.skmisia.ch\/index.php?rest_route=%2Fwp%2Fv2%2Fcategories&post=3765"},{"taxonomy":"post_tag","embeddable":true,"href":"https:\/\/www.skmisia.ch\/index.php?rest_route=%2Fwp%2Fv2%2Ftags&post=3765"}],"curies":[{"name":"wp","href":"https:\/\/api.w.org\/{rel}","templated":true}]}}