{"id":3761,"date":"2015-06-22T21:13:32","date_gmt":"2015-06-22T20:13:32","guid":{"rendered":"https:\/\/www.skmisia.ch\/?p=3761"},"modified":"2019-04-08T21:09:15","modified_gmt":"2019-04-08T20:09:15","slug":"sv-otec-frantisek-v-turine","status":"publish","type":"post","link":"https:\/\/www.skmisia.ch\/?p=3761","title":{"rendered":"Sv. otec Franti\u0161ek v Tur\u00edne, popoludnie"},"content":{"rendered":"<p style=\"text-align: center;\"><a href=\"https:\/\/www.skmisia.ch\/wp-content\/uploads\/2015\/06\/OSSROM58607_Articolo.jpg\"><img decoding=\"async\" loading=\"lazy\" class=\"size-medium wp-image-3770 aligncenter\" alt=\"OSSROM58607_Articolo\" src=\"https:\/\/www.skmisia.ch\/wp-content\/uploads\/2015\/06\/OSSROM58607_Articolo-300x212.jpg\" width=\"300\" height=\"212\" srcset=\"https:\/\/www.skmisia.ch\/wp-content\/uploads\/2015\/06\/OSSROM58607_Articolo-300x212.jpg 300w, https:\/\/www.skmisia.ch\/wp-content\/uploads\/2015\/06\/OSSROM58607_Articolo.jpg 640w\" sizes=\"(max-width: 300px) 100vw, 300px\" \/><\/a>Turin, 21. j\u00fana &#8211; Popolud\u0148aj\u0161\u00ed program prv\u00e9ho d\u0148a n\u00e1v\u0161tevy Sv\u00e4t\u00e9ho Otca v\u00a0Tur\u00edne sa za\u010dal\u00a0<strong>n\u00e1v\u0161tevou p\u00fatnick\u00e9ho miesta Panny M\u00e1rie Ute\u0161ite\u013eky<\/strong>\u00a0(<em>Basilica della Consolata<\/em>), patr\u00f3nky mesta od 12. storo\u010dia. V\u00a0tomto benedikt\u00ednskom chr\u00e1me, inak najob\u013e\u00fabenej\u0161om obyvate\u013emi mesta, ktor\u00ed ho pova\u017euj\u00fa za symbol mari\u00e1nskej \u00facty, p\u00e1pe\u017e zotrval chv\u00ed\u013eku v\u00a0osobnej modlitbe pred obrazom Panny M\u00e1rie s\u00a0Die\u0165a\u0165om na hlavnom olt\u00e1ri.<\/p>\n<p>My si v\u0161ak v\u00a0s\u00favislosti s\u00a0200-ro\u010dnicou dona Bosca v\u0161imneme viac\u00a0<strong>Baziliku Panny M\u00e1rie Pomocnice,<\/strong>\u00a0ktor\u00fa nav\u0161t\u00edvil Sv\u00e4t\u00fd Otec hne\u010f potom. Pr\u00e1ve v\u00a0tomto hlavnom salezi\u00e1nskom chr\u00e1me, ktor\u00fd v\u00a0Tur\u00edne postavil sv. J\u00e1n Bosco, a\u00a0v ktorom s\u00fa aj ulo\u017een\u00e9 jeho pozostatky, sa o 15.00 uskuto\u010dnilo\u00a0<strong>stretnutie p\u00e1pe\u017ea Franti\u0161ka so salezi\u00e1nmi a Dc\u00e9rami Panny M\u00e1rie Pomocnice.<\/strong>\u00a0Na n\u00e1mest\u00ed pred bazilikou vz\u00e1cneho hos\u0165a priv\u00edtal bur\u00e1caj\u00faci dav mlad\u00fdch vychov\u00e1vate\u013eov a anim\u00e1torov orat\u00f3ri\u00ed, ktor\u00ed zaplnili n\u00e1mestie.<\/p>\n<p>Don Bosco cel\u00e9 svoje dielo zasv\u00e4til Pomocnici kres\u0165anov, aj samotn\u00fa stavbu chr\u00e1mu, ktor\u00fa za\u010dal z\u00a0ni\u010doho, slovami:\u00a0<em>\u201eKedy sme za\u010dali nejak\u00e9 dielo maj\u00fac peniaze u\u017e pripraven\u00e9? Mus\u00edme necha\u0165 nie\u010do aj na Bo\u017eiu Prozrete\u013enos\u0165.\u201c<\/em>\u00a0Pr\u00e1ca bola zveren\u00e1 stavite\u013eovi Carlovi Buzzettimu, za\u010dali na jese\u0148 roku 1863. Bazilika Panny M\u00e1rie Pomocnice bola dokon\u010den\u00e1 v roku 1868 pod\u013ea projektu Antonia Spezia. V m\u00e1ji 1869 doviedli do baziliky chor\u00e9 diev\u010datko, o ktorom lek\u00e1ri kon\u0161tatovali, \u017ee jej niet pomoci. Bola to M\u00e1ria Starderov\u00e1, u\u017e rok bola \u00faplne slep\u00e1. Pomodlili sa pred olt\u00e1rom Panny M\u00e1rie. Potom poprosili o n\u00e1v\u0161tevu u dona Bosca. Don Bosco sa jej op\u00fdtal: \u201eChcela by si zase vidie\u0165?\u201c \u201eBo\u017ee m\u00f4j, pre\u010do sa to len p\u00fdtate\u201c &#8211; odpovedalo diev\u010da a dalo sa pla\u010du. \u201eD\u00f4veruj teda Panne M\u00e1rii Pomocnici a ona ti pom\u00f4\u017ee. Neboj sa, bude\u0161 vidie\u0165. Ku cti Bo\u017eej a blahoslavenej Panny povedz mi, \u010do dr\u017e\u00edm v ruke?\u201c Diev\u010da otvorilo slep\u00e9 o\u010di, zamierilo ich na Don Boscovu ruku a potom zrazu vykr\u00edklo: \u201eVid\u00edm medailu Panny M\u00e1rie!\u201c<\/p>\n<p>Obraz Panny M\u00e1rie Pomocnice, ktor\u00fd je na hlavnom olt\u00e1ri, sa zrodil v mysli dona Bosca. Objednal si ho u maliara Lorenzoneho roku 1865. Don Bosco to op\u00edsal takto:<\/p>\n<p><em>\u201ePanna je v popred\u00ed v mori svetla a majest\u00e1tnosti. Okolo nej z\u00e1stup anjelov, ktor\u00ed jej vzd\u00e1vaj\u00fa \u00factu ako svojej kr\u00e1\u013eovnej. V pravici dr\u017e\u00ed \u017eezlo, symbol moci, v \u013eavici\u00a0 Die\u0165a s otvoren\u00fdm n\u00e1ru\u010d\u00edm. Pon\u00faka tak svoje milosti a svoje milosrdenstvo t\u00fdm, \u010do h\u013eadaj\u00fa pomoc u jeho vzne\u0161enej Matky. Okolo nej a\u00a0 dole s\u00fa sv\u00e4t\u00ed apo\u0161toli a evanjelisti, unesen\u00ed v ne\u017enej ext\u00e1ze, akoby volali:\u00a0 \u201aKr\u00e1\u013eovn\u00e1 apo\u0161tolov, oroduj za n\u00e1s,\u2018 s poh\u013eadom upret\u00fdm na sv\u00e4t\u00fa Pannu. V spodnej \u010dasti obrazu je mesto Tur\u00edn, s chr\u00e1mom na Valdoccu a v pozad\u00ed s Bazilikou Superga.\u201c<\/em><\/p>\n<p>Socha Panny M\u00e1rie na kupole baziliky je od Camilla Boggiu. Monumentom v strede n\u00e1mestia pred bazilikou je od roku 1920 dielo soch\u00e1ra Gaettana Celliniho, pripom\u00ednaj\u00face najzn\u00e1mej\u0161ieho tur\u00ednskeho sv\u00e4tca a zakladate\u013ea Kongreg\u00e1cie salezi\u00e1nov, sv. J\u00e1na Bosca.<\/p>\n<p>V\u00a0tejto bazilike \u2013 \u201ev\u00a0dome dona Bosca a\u00a0predov\u0161etk\u00fdm v\u00a0dome Panny M\u00e1rie Pomocnice\u201c \u2013\u00a0<strong>priv\u00edtal Sv\u00e4t\u00e9ho Otca\u00a0<\/strong><strong>don \u00c1ngel Fern\u00e1ndez Artime,<\/strong>\u00a0hlavn\u00fd predstaven\u00fd salezi\u00e1nov. Po jeho slov\u00e1ch sa Sv\u00e4t\u00fd Otec rozhodol odovzda\u0165 mu svoj pripraven\u00fd pr\u00edhovor a\u00a0da\u0165 prednos\u0165 neform\u00e1lnemu spont\u00e1nnemu prejavu. Hovoril o\u00a0svojej osobnej sk\u00fasenosti so salezi\u00e1nmi. Vyzdvihol schopnos\u0165 dona Bosca vychov\u00e1va\u0165 k\u00a0citlivosti. A\u00a0to v\u010faka svojej mame, dobre a\u00a0l\u00e1skavej mame Margite.\u00a0<em>\u201eNemo\u017eno si predstavi\u0165 dona Bosca bez mamy Margity\u201c,<\/em>\u00a0povedal. Aj jeho osobne, ako sa priznal, sk\u00fasenos\u0165 so salezi\u00e1nmi nau\u010dila citlivosti, radosti, modlitbe. A\u00a0aj dnes \u010fakuje Bohu za to.\u00a0<em>\u201eV\u00e1\u0161 r\u00e1d ma formoval\u201c<\/em>\u00a0&#8211; povedal p\u00e1pe\u017e.\u00a0<em>\u201eVa\u0161a charizma m\u00e1 obrovsk\u00fa aktu\u00e1lnos\u0165\u201c\u00a0<\/em>\u2013 t\u00fdmito slovami povzbudil salezi\u00e1nsku rodinu pokra\u010dova\u0165 bez strachu z\u00a0rizika, s\u00a0osobitnou v\u010fakou za \u201emision\u00e1rskos\u0165\u201c salezi\u00e1nov. Po spont\u00e1nnom, ve\u013emi \u00faprimnom pr\u00edhovore, \u010dasto preru\u0161ovanom potleskom, a\u00a0kr\u00e1tkej modlitbe, Sv\u00e4t\u00fd Otec udelil 500 pr\u00edtomn\u00fdm apo\u0161tolsk\u00e9 po\u017eehnanie.<\/p>\n<p><strong><a href=\"http:\/\/sk.radiovaticana.va\/news\/2015\/06\/21\/pr%C3%ADhovor_p%C3%A1pe%C5%BEa_franti%C5%A1ka_salezi%C3%A1nom_tri_%C4%8Drty_dona_bosca\/1153197\" target=\"_blank\" rel=\"noopener noreferrer\">Text pr\u00edhovoru, ktor\u00fd Sv\u00e4t\u00fd Otec odovzdal salezi\u00e1nom na papieri<\/a><\/strong><\/p>\n<p>O\u00a016. hodine u\u017e \u010dakalo Sv\u00e4t\u00e9ho Otca\u00a0<strong>v\u00a0kostole Cottolengo stretnutie s\u00a0chor\u00fdmi a\u00a0postihnut\u00fdmi,<\/strong>\u00a0o\u00a0ktor\u00fdch sa v\u00a0tzv. Malom dome staraj\u00fa Sestry sv. Jozefa Cottolenga. Po pr\u00edhovore ich p\u00e1pe\u017e Franti\u0161ek jednotlivo pozdravoval a\u00a0po\u017eehn\u00e1val. Po prosbe o\u00a0modlitbu sa s\u00a0pr\u00edtomn\u00fdmi rozl\u00fa\u010dil a\u00a0odobral sa na n\u00e1mestie Piazza Vittorio, kde ho u\u017e o\u010dak\u00e1vali desa\u0165tis\u00edce nad\u0161en\u00fdch mlad\u00fdch spevom Emmanuel.<\/p>\n<p><strong><a href=\"http:\/\/sk.radiovaticana.va\/news\/2015\/06\/22\/p%C3%A1pe%C5%BEov_pr%C3%ADhovor_chor%C3%BDm_u_sv_jozefa_cottolenga_v_tur%C3%ADne\/1153411\" target=\"_blank\" rel=\"noopener noreferrer\">Hlavn\u00e9 \u010dasti pr\u00edhovoru Sv\u00e4t\u00e9ho Otca chor\u00fdm u sv. Jozefa Cottolenga\u00a0<\/a><\/strong><\/p>\n<p>O\u00a018.00 sa tu za\u010dalo\u00a0<strong>stretnutie p\u00e1pe\u017ea s\u00a0mlad\u00fdmi\u00a0<\/strong>slovami na priv\u00edtanie a symbolick\u00fdm gestom prevzatia kr\u00ed\u017ea SDM za spevu hymny \u201eNajv\u00e4\u010d\u0161ia l\u00e1ska\u201c. Zaznel \u00faryvok z J\u00e1novho evanjelia (15,12-17), z ktor\u00e9ho bolo motto Najv\u00e4\u010d\u0161ia l\u00e1ska prevzat\u00e9 a\u00a0vz\u00e1p\u00e4t\u00ed traja z\u00e1stupcovia mlad\u00fdch polo\u017eili Sv\u00e4t\u00e9mu Otcovi\u00a0ot\u00e1zky:<\/p>\n<p>19-ro\u010dn\u00e1 Chiara tlmo\u010dila t\u00fa\u017ebu mlad\u00fdch milova\u0165 a by\u0165 milovan\u00ed, ako v\u0161ak poznamenala, \u010dasto za\u017e\u00edvaj\u00fa sklamanie v l\u00e1ske.\u00a0<em>\u201eV \u010dom je ve\u013ekos\u0165 Je\u017ei\u0161ovej l\u00e1sky? Ako m\u00f4\u017eeme za\u017ei\u0165 jeho l\u00e1sku?\u201c<\/em><\/p>\n<p>27-ro\u010dn\u00e1 S\u00e1ra v mene nezamestnan\u00fdch povedala: \u201e<em>Mnoh\u00ed sa c\u00edtia bezn\u00e1dejne n\u00faten\u00ed nerobi\u0165 pl\u00e1ny pre \u017eivot a \u017ei\u0165 zo d\u0148a na de\u0148. Ako sa nenecha\u0165 odradi\u0165 a na\u010falej d\u00fafa\u0165?\u201c<\/em><\/p>\n<p>26-ro\u010dn\u00fd \u0161tudent Luigi, ktor\u00fd sa spolu s priate\u013emi sna\u017e\u00ed zanies\u0165 orat\u00f3rium medzi svojich rovesn\u00edkov, kde sa v\u0161ak stret\u00e1vaj\u00fa s \u0165a\u017ekos\u0165ami pri ohlasovan\u00ed evanjelia.\u00a0<em>\u201eM\u00f4\u017eete n\u00e1m pom\u00f4c\u0165 n\u00e1js\u0165 sp\u00f4soby, ktor\u00e9 by vyjadrovali na\u0161e priate\u013estvo s Je\u017ei\u0161om a jeho \u201anajv\u00e4\u010d\u0161iu l\u00e1sku\u2018 ku ka\u017ed\u00e9mu?\u201c<\/em><\/p>\n<p>Sv\u00e4t\u00fd Otec zhrnul svoju odpove\u010f mlad\u00fdm do spont\u00e1nneho pr\u00edhovoru. Aj tentoraz pripraven\u00fd text odovzdal na pre\u010d\u00edtanie. \u010eal\u0161\u00edm p\u00f4sobiv\u00fdm bodom stretnutia s\u00a0mlad\u00fdmi \u2013 posledn\u00e9ho v\u00a0dne\u0161n\u00fd de\u0148 \u2013 bolo uctenie si \u201eikony mlad\u00fdch p\u00fatnikov z\u00a0orat\u00f3ri\u00ed\u201c, nazvanej rovnako \u201eNajv\u00e4\u010d\u0161ia l\u00e1ska\u201c. Ide o\u00a0v\u00fdjav sc\u00e9ny ukri\u017eovania s\u00a0M\u00e1riou a\u00a0J\u00e1nom pod kr\u00ed\u017eom. V\u00a0jej r\u00e1me s\u00fa zobrazen\u00e9 tv\u00e1re \u00f4smich sv\u00e4t\u00fdch \u010di blahoslaven\u00fdch, ktor\u00ed s\u00fa nejak\u00fdm sp\u00f4sobom spojen\u00ed s mlad\u00fdmi: sv. J\u00e1na Bosca, sv. Leonarda Murialda, bl. Pier Giorgia Frassatiho, sv. Jozefa Benedetta Cottolenga, sv. Filipa Neriho, sv. Karola Boromejsk\u00e9ho, sv. Alojza Gonz\u00e1gu a sv. J\u00e1na Pavla II.\u00a0Po n\u00e1slednej modlitbe a po\u017eehnan\u00ed sa Sv\u00e4t\u00fd Otec s\u00a0mlad\u00fdmi Piemontu rozl\u00fa\u010dil a\u00a0odobral sa do arcibiskupsk\u00e9ho s\u00eddla. -jk-<\/p>\n<p><a href=\"http:\/\/sk.radiovaticana.va\/news\/2015\/06\/22\/dial%C3%B3g_p%C3%A1pe%C5%BEa_franti%C5%A1ka_s_mlad%C3%BDm_v_tur%C3%ADne_%E2%80%9Ebu%C4%8Fte_%C4%8Dist%C3%AD!%E2%80%9C\/1153397\" target=\"_blank\" rel=\"noopener noreferrer\"><strong>Obsah odpoved\u00ed p\u00e1pe\u017ea Franti\u0161ka na ot\u00e1zky mlad\u00fdch<\/strong><\/a><\/p>\n","protected":false},"excerpt":{"rendered":"<p>Turin, 21. j\u00fana &#8211; Popolud\u0148aj\u0161\u00ed program prv\u00e9ho d\u0148a n\u00e1v\u0161tevy Sv\u00e4t\u00e9ho Otca v\u00a0Tur\u00edne sa za\u010dal\u00a0n\u00e1v\u0161tevou p\u00fatnick\u00e9ho miesta Panny M\u00e1rie Ute\u0161ite\u013eky\u00a0(Basilica della Consolata), patr\u00f3nky mesta od 12. storo\u010dia. V\u00a0tomto benedikt\u00ednskom chr\u00e1me, inak najob\u013e\u00fabenej\u0161om obyvate\u013emi mesta, ktor\u00ed&#46;&#46;&#46;<\/p>\n","protected":false},"author":3,"featured_media":3763,"comment_status":"open","ping_status":"closed","sticky":false,"template":"","format":"standard","meta":{"ngg_post_thumbnail":0},"categories":[24,1],"tags":[],"_links":{"self":[{"href":"https:\/\/www.skmisia.ch\/index.php?rest_route=\/wp\/v2\/posts\/3761"}],"collection":[{"href":"https:\/\/www.skmisia.ch\/index.php?rest_route=\/wp\/v2\/posts"}],"about":[{"href":"https:\/\/www.skmisia.ch\/index.php?rest_route=\/wp\/v2\/types\/post"}],"author":[{"embeddable":true,"href":"https:\/\/www.skmisia.ch\/index.php?rest_route=\/wp\/v2\/users\/3"}],"replies":[{"embeddable":true,"href":"https:\/\/www.skmisia.ch\/index.php?rest_route=%2Fwp%2Fv2%2Fcomments&post=3761"}],"version-history":[{"count":4,"href":"https:\/\/www.skmisia.ch\/index.php?rest_route=\/wp\/v2\/posts\/3761\/revisions"}],"predecessor-version":[{"id":9330,"href":"https:\/\/www.skmisia.ch\/index.php?rest_route=\/wp\/v2\/posts\/3761\/revisions\/9330"}],"wp:featuredmedia":[{"embeddable":true,"href":"https:\/\/www.skmisia.ch\/index.php?rest_route=\/wp\/v2\/media\/3763"}],"wp:attachment":[{"href":"https:\/\/www.skmisia.ch\/index.php?rest_route=%2Fwp%2Fv2%2Fmedia&parent=3761"}],"wp:term":[{"taxonomy":"category","embeddable":true,"href":"https:\/\/www.skmisia.ch\/index.php?rest_route=%2Fwp%2Fv2%2Fcategories&post=3761"},{"taxonomy":"post_tag","embeddable":true,"href":"https:\/\/www.skmisia.ch\/index.php?rest_route=%2Fwp%2Fv2%2Ftags&post=3761"}],"curies":[{"name":"wp","href":"https:\/\/api.w.org\/{rel}","templated":true}]}}