{"id":3753,"date":"2017-04-02T06:01:45","date_gmt":"2017-04-02T05:01:45","guid":{"rendered":"https:\/\/www.skmisia.ch\/?p=3753"},"modified":"2019-04-08T21:08:48","modified_gmt":"2019-04-08T20:08:48","slug":"detska-sv-omsa-na-zaver-skolskeho-roka-28-6","status":"publish","type":"post","link":"https:\/\/www.skmisia.ch\/?p=3753","title":{"rendered":"Detsk\u00e1 sv. om\u0161a v nede\u013eu 9. apr\u00edla 2017 o 11:30"},"content":{"rendered":"<p style=\"text-align: center;\"><a href=\"https:\/\/www.skmisia.ch\/wp-content\/uploads\/2015\/11\/Detska-omsa-1.jpg\"><img decoding=\"async\" loading=\"lazy\" class=\"size-full wp-image-4419 alignleft\" src=\"https:\/\/www.skmisia.ch\/wp-content\/uploads\/2015\/11\/Detska-omsa-1.jpg\" alt=\"Detska omsa 1\" width=\"201\" height=\"251\" \/><\/a><span style=\"color: #000000;\">Slovensk\u00e1 katol\u00edcka misia v Z\u00fcrichu<\/span><\/p>\n<p style=\"text-align: center;\"><span style=\"color: #000000;\"><em>poz\u00fdva na<\/em><\/span><\/p>\n<h6 style=\"text-align: center;\"><span style=\"color: #000000;\"><strong>detsk\u00e9 sv\u00e4t\u00e9 om\u0161e<\/strong><\/span><\/h6>\n<p><span style=\"color: #000000;\">Poz\u00fdvame v\u00e1s na detsk\u00e9 sv. om\u0161e, ktor\u00e9 sa uskuto\u010d\u0148uj\u00fa pribli\u017ene jedenkr\u00e1t za mesiac. Pr\u00ed\u010fte medzi n\u00e1s a\u00a0spolo\u010dne na\u010derpajme zo \u017divej vody a\u00a0zo spolo\u010denstva Cirkvi.<\/span><\/p>\n<p><span style=\"color: #000000;\"><em>V\u0161etky deti, ktor\u00e9 maj\u00fa chu\u0165 spieva\u0165, z\u00e1rove\u0148\u00a0 poz\u00fdvame prida\u0165 sa do detsk\u00e9ho zboru, ktor\u00fd nacvi\u010duje pribli\u017ene jedenkr\u00e1t do mesiaca. D\u00e1tumy n\u00e1cvikov, n\u00e1jdete na: www.skmisia.ch<\/em><\/span><\/p>\n<h6><span style=\"color: #000000;\"><strong>Term\u00edny detsk\u00fdch sv\u00e4t\u00fdch om\u0161\u00ed 2016\/17:<\/strong><\/span><\/h6>\n<p><span style=\"color: #000000;\">OKT\u00d3BER:<\/span><\/p>\n<p><span style=\"color: #800000;\">2.10. 2016 &#8211; Detsk\u00e1 sv. om\u0161a o 11:30<\/span><\/p>\n<p><span style=\"color: #666699;\">23.10. 2016 &#8211; N\u00e1cvik spevu o 10:30<\/span><\/p>\n<p><span style=\"color: #000000;\">NOVEMBER:<\/span><\/p>\n<p><span style=\"color: #666699;\"><span style=\"color: #800000;\">6.11.\u00a02016 &#8211; Detsk\u00e1 sv. om\u0161a o 11:30<\/span><a style=\"color: #666699;\" href=\"https:\/\/www.skmisia.ch\/wp-content\/uploads\/2015\/11\/Detska-omsa-2.jpg\"><img decoding=\"async\" loading=\"lazy\" class=\"size-medium wp-image-4420 alignright\" src=\"https:\/\/www.skmisia.ch\/wp-content\/uploads\/2015\/11\/Detska-omsa-2-300x225.jpg\" alt=\"Detska omsa 2\" width=\"300\" height=\"225\" srcset=\"https:\/\/www.skmisia.ch\/wp-content\/uploads\/2015\/11\/Detska-omsa-2-300x225.jpg 300w, https:\/\/www.skmisia.ch\/wp-content\/uploads\/2015\/11\/Detska-omsa-2.jpg 459w\" sizes=\"(max-width: 300px) 100vw, 300px\" \/><\/a><\/span><\/p>\n<p><span style=\"color: #666699;\">20.11. 2016- N\u00e1cvik spevu o 10:30<\/span><\/p>\n<p><span style=\"color: #000000;\">DECEMBER:<\/span><\/p>\n<p><span style=\"color: #800000;\">4.12.\u00a02016 &#8211; Detsk\u00e1 sv. om\u0161a o 11:30<\/span><\/p>\n<p><span style=\"color: #666699;\">18.12. 2016\u00a0&#8211; N\u00e1cvik spevu o 10:30<\/span><\/p>\n<p><span style=\"color: #000000;\">JANU\u00c1R:<\/span><\/p>\n<p><span style=\"color: #800000;\">8.1.\u00a02017 &#8211; Detsk\u00e1 sv. om\u0161a o 11:30<\/span><\/p>\n<p><span style=\"color: #666699;\">15.1. 2017- N\u00e1cvik spevu o 10:30<\/span><\/p>\n<p><span style=\"color: #000000;\">FEBRU\u00c1R:<\/span><\/p>\n<p><span style=\"color: #800000;\">5.2.\u00a02017 &#8211; Detsk\u00e1 sv. om\u0161a o 11:30<\/span><\/p>\n<p><span style=\"color: #666699;\">19.2. 2017- N\u00e1cvik spevu o 10:30<\/span><\/p>\n<p><span style=\"color: #000000;\">MAREC:<\/span><\/p>\n<p><span style=\"color: #800000;\">5.3.\u00a02017 &#8211; Detsk\u00e1 sv. om\u0161a o 11:30<\/span><\/p>\n<p><span style=\"color: #666699;\">19.3. 2017- N\u00e1cvik spevu o 10:30<br \/>\n<\/span><\/p>\n<p><span style=\"color: #000000;\">APR\u00cdL:<\/span><\/p>\n<p><span style=\"color: #800000;\">9.4.\u00a02017 &#8211; Detsk\u00e1 sv. om\u0161a o 11:30<\/span><\/p>\n<p><span style=\"color: #000000;\">M\u00c1J:<\/span><\/p>\n<p><span style=\"color: #800000;\">7.5. 2017 &#8211; Detsk\u00e1 sv. om\u0161a o 11:30<\/span><\/p>\n<p><span style=\"color: #666699;\">21.5. 2017- N\u00e1cvik spevu o 10:30<\/span><\/p>\n<p><span style=\"color: #000000;\">J\u00daN:<\/span><\/p>\n<p><span style=\"color: #800000;\">11.6. 2017 &#8211; Detsk\u00e1 sv. om\u0161a o 11:30<\/span><\/p>\n<p><span style=\"color: #666699;\">18.6. 2017- N\u00e1cvik spevu o 10:30<\/span><\/p>\n<p><span style=\"color: #000000;\">J\u00daL:<\/span><\/p>\n<p><span style=\"color: #800000;\">2.7. 2017 &#8211; Detsk\u00e1 sv. om\u0161a o 11:30<\/span><\/p>\n<p>&nbsp;<\/p>\n<p><span style=\"color: #800000;\"><strong>&#8230; P\u00e1n ve\u013ek\u00fa sadbu chyst\u00e1 a v\u0161etko zaplat\u00ed, pozvan\u00ed su na \u0148u v\u0161etci i deti!<\/strong><\/span><\/p>\n<h5><span style=\"color: #999999;\">\u00a0<\/span><\/h5>\n<h5><span style=\"color: #800000;\"><a style=\"color: #800000;\" href=\"https:\/\/www.skmisia.ch\/wp-content\/uploads\/2014\/05\/DSC2177.jpg\"><img decoding=\"async\" loading=\"lazy\" class=\"wp-image-4319 alignleft\" src=\"https:\/\/www.skmisia.ch\/wp-content\/uploads\/2015\/06\/detska-omsa-II-300x199.jpg\" alt=\"detska omsa II\" width=\"267\" height=\"177\" srcset=\"https:\/\/www.skmisia.ch\/wp-content\/uploads\/2015\/06\/detska-omsa-II-300x199.jpg 300w, https:\/\/www.skmisia.ch\/wp-content\/uploads\/2015\/06\/detska-omsa-II-1024x681.jpg 1024w\" sizes=\"(max-width: 267px) 100vw, 267px\" \/><img decoding=\"async\" loading=\"lazy\" class=\" wp-image-1389 alignright\" src=\"https:\/\/www.skmisia.ch\/wp-content\/uploads\/2014\/05\/DSC2177-300x199.jpg\" alt=\"_DSC2177\" width=\"210\" height=\"139\" srcset=\"https:\/\/www.skmisia.ch\/wp-content\/uploads\/2014\/05\/DSC2177-300x199.jpg 300w, https:\/\/www.skmisia.ch\/wp-content\/uploads\/2014\/05\/DSC2177.jpg 448w\" sizes=\"(max-width: 210px) 100vw, 210px\" \/><\/a><\/span><span style=\"color: #800000;\"><br \/>\n<\/span><\/h5>\n","protected":false},"excerpt":{"rendered":"<p>Slovensk\u00e1 katol\u00edcka misia v Z\u00fcrichu poz\u00fdva na detsk\u00e9 sv\u00e4t\u00e9 om\u0161e Poz\u00fdvame v\u00e1s na detsk\u00e9 sv. om\u0161e, ktor\u00e9 sa uskuto\u010d\u0148uj\u00fa pribli\u017ene jedenkr\u00e1t za mesiac. Pr\u00ed\u010fte medzi n\u00e1s a\u00a0spolo\u010dne na\u010derpajme zo \u017divej vody a\u00a0zo spolo\u010denstva Cirkvi.&#46;&#46;&#46;<\/p>\n","protected":false},"author":3,"featured_media":4320,"comment_status":"open","ping_status":"closed","sticky":false,"template":"","format":"standard","meta":{"ngg_post_thumbnail":0},"categories":[24,1],"tags":[],"_links":{"self":[{"href":"https:\/\/www.skmisia.ch\/index.php?rest_route=\/wp\/v2\/posts\/3753"}],"collection":[{"href":"https:\/\/www.skmisia.ch\/index.php?rest_route=\/wp\/v2\/posts"}],"about":[{"href":"https:\/\/www.skmisia.ch\/index.php?rest_route=\/wp\/v2\/types\/post"}],"author":[{"embeddable":true,"href":"https:\/\/www.skmisia.ch\/index.php?rest_route=\/wp\/v2\/users\/3"}],"replies":[{"embeddable":true,"href":"https:\/\/www.skmisia.ch\/index.php?rest_route=%2Fwp%2Fv2%2Fcomments&post=3753"}],"version-history":[{"count":23,"href":"https:\/\/www.skmisia.ch\/index.php?rest_route=\/wp\/v2\/posts\/3753\/revisions"}],"predecessor-version":[{"id":4318,"href":"https:\/\/www.skmisia.ch\/index.php?rest_route=\/wp\/v2\/posts\/3753\/revisions\/4318"}],"wp:featuredmedia":[{"embeddable":true,"href":"https:\/\/www.skmisia.ch\/index.php?rest_route=\/wp\/v2\/media\/4320"}],"wp:attachment":[{"href":"https:\/\/www.skmisia.ch\/index.php?rest_route=%2Fwp%2Fv2%2Fmedia&parent=3753"}],"wp:term":[{"taxonomy":"category","embeddable":true,"href":"https:\/\/www.skmisia.ch\/index.php?rest_route=%2Fwp%2Fv2%2Fcategories&post=3753"},{"taxonomy":"post_tag","embeddable":true,"href":"https:\/\/www.skmisia.ch\/index.php?rest_route=%2Fwp%2Fv2%2Ftags&post=3753"}],"curies":[{"name":"wp","href":"https:\/\/api.w.org\/{rel}","templated":true}]}}