{"id":367,"date":"2014-03-04T21:04:59","date_gmt":"2014-03-04T20:04:59","guid":{"rendered":"https:\/\/www.skmisia.ch\/?p=367"},"modified":"2019-04-08T21:09:19","modified_gmt":"2019-04-08T20:09:19","slug":"slovenske-sv-omse-v-zurichu","status":"publish","type":"post","link":"https:\/\/www.skmisia.ch\/?p=367","title":{"rendered":"Slovensk\u00e9 sv. om\u0161e v Z\u00fcrichu"},"content":{"rendered":"<p><strong><a href=\"https:\/\/www.skmisia.ch\/wp-content\/uploads\/2013\/12\/kostol-Liebfrauen.jpg\"><img decoding=\"async\" loading=\"lazy\" class=\" wp-image-87 alignright\" alt=\"kostol Liebfrauen\" src=\"https:\/\/www.skmisia.ch\/wp-content\/uploads\/2013\/12\/kostol-Liebfrauen.jpg\" width=\"259\" height=\"194\" \/><\/a>Nede\u013en\u00e9 sv. om\u0161e b\u00fdvaj\u00fa pravidelne ka\u017ed\u00fa nede\u013eu\u00a0o 9:30\u00a0v krypte kostola\u00a0<a href=\"http:\/\/maps.google.com\/maps?q=Liebfrauenkirche+Zurich\">Liebfrauen<\/a>,\u00a0Wienbergstrasse 34, Z\u00fcrich. Po sv. om\u0161i je rodinn\u00e9 stretnutie veriacich pri k\u00e1ve v bl\u00edzkom pastora\u010dnom centre.<\/strong><\/p>\n<p><strong>Ml\u00e1de\u017en\u00edcka sv. om\u0161a b\u00fdva\u00a0pravidelne ka\u017ed\u00fa stredu o\u00a020:00\u00a0v\u00a0kostole\u00a0<a href=\"http:\/\/maps.google.com\/maps?q=Feldstrasse+109+Zurich\">sv. J\u00e1na Boska\u00a0<\/a><a href=\"http:\/\/maps.google.com\/maps?q=Feldstrasse+109+Zurich\">(talianska misia)<\/a>, Feldstr. 109. \u2013\u00a0z\u00a0hl. \u017eelezni\u010dnej stanice sa d\u00e1 pr\u00eds\u0165\u00a0trolejbusom \u010d.31. Je to piata zast\u00e1vka\u00a0(smer Schlieren)- \u201eBaeckeranlage\u201c. S\u00a0autom je mo\u017en\u00e9 parkova\u0165 na farskom\u00a0dvore. Po sv. om\u0161i je v\u017edy\u00a0stretnutie\u00a0veriacich, v priestoroch salezi\u00e1nskeho\u00a0orat\u00f3ria, pod kostolom.<\/strong><\/p>\n<p><strong>Ml\u00e1de\u017en\u00edcka sv. om\u0161a je sprev\u00e1dzan\u00e1 spev\u00e1ckym\u00a0zborom, ktor\u00fd sa stret\u00e1 30 min. pred sv. om\u0161ou\u00a0na n\u00e1cvik, ktor\u00fd b\u00fdva v priestoroch orat\u00f3ria pod kostolom. Radi prijmeme medzi seba nov\u00fdch spev\u00e1kov.<\/strong><\/p>\n<p><strong>\u00a0<\/strong><\/p>\n","protected":false},"excerpt":{"rendered":"<p>Nede\u013en\u00e9 sv. om\u0161e b\u00fdvaj\u00fa pravidelne ka\u017ed\u00fa nede\u013eu\u00a0o 9:30\u00a0v krypte kostola\u00a0Liebfrauen,\u00a0Wienbergstrasse 34, Z\u00fcrich. Po sv. om\u0161i je rodinn\u00e9 stretnutie veriacich pri k\u00e1ve v bl\u00edzkom pastora\u010dnom centre. Ml\u00e1de\u017en\u00edcka sv. om\u0161a b\u00fdva\u00a0pravidelne ka\u017ed\u00fa stredu o\u00a020:00\u00a0v\u00a0kostole\u00a0sv. J\u00e1na Boska\u00a0(talianska&#46;&#46;&#46;<\/p>\n","protected":false},"author":3,"featured_media":87,"comment_status":"open","ping_status":"open","sticky":false,"template":"","format":"standard","meta":{"ngg_post_thumbnail":0},"categories":[24,4],"tags":[],"_links":{"self":[{"href":"https:\/\/www.skmisia.ch\/index.php?rest_route=\/wp\/v2\/posts\/367"}],"collection":[{"href":"https:\/\/www.skmisia.ch\/index.php?rest_route=\/wp\/v2\/posts"}],"about":[{"href":"https:\/\/www.skmisia.ch\/index.php?rest_route=\/wp\/v2\/types\/post"}],"author":[{"embeddable":true,"href":"https:\/\/www.skmisia.ch\/index.php?rest_route=\/wp\/v2\/users\/3"}],"replies":[{"embeddable":true,"href":"https:\/\/www.skmisia.ch\/index.php?rest_route=%2Fwp%2Fv2%2Fcomments&post=367"}],"version-history":[{"count":9,"href":"https:\/\/www.skmisia.ch\/index.php?rest_route=\/wp\/v2\/posts\/367\/revisions"}],"predecessor-version":[{"id":721,"href":"https:\/\/www.skmisia.ch\/index.php?rest_route=\/wp\/v2\/posts\/367\/revisions\/721"}],"wp:featuredmedia":[{"embeddable":true,"href":"https:\/\/www.skmisia.ch\/index.php?rest_route=\/wp\/v2\/media\/87"}],"wp:attachment":[{"href":"https:\/\/www.skmisia.ch\/index.php?rest_route=%2Fwp%2Fv2%2Fmedia&parent=367"}],"wp:term":[{"taxonomy":"category","embeddable":true,"href":"https:\/\/www.skmisia.ch\/index.php?rest_route=%2Fwp%2Fv2%2Fcategories&post=367"},{"taxonomy":"post_tag","embeddable":true,"href":"https:\/\/www.skmisia.ch\/index.php?rest_route=%2Fwp%2Fv2%2Ftags&post=367"}],"curies":[{"name":"wp","href":"https:\/\/api.w.org\/{rel}","templated":true}]}}