{"id":3284,"date":"2015-05-15T12:07:42","date_gmt":"2015-05-15T11:07:42","guid":{"rendered":"https:\/\/www.skmisia.ch\/?p=3284"},"modified":"2019-04-08T21:09:15","modified_gmt":"2019-04-08T20:09:15","slug":"majova-marianska-put-slovakov","status":"publish","type":"post","link":"https:\/\/www.skmisia.ch\/?p=3284","title":{"rendered":"M\u00e1jov\u00e1 mari\u00e1nska p\u00fa\u0165 Slov\u00e1kov"},"content":{"rendered":"<p>&nbsp;<\/p>\n<p>Slov\u00e1ci \u017eij\u00faci vo \u0160vaj\u010diarsku sa zi\u0161li d\u0148a 10. m\u00e1ja 2015 na Mari\u00e1nskej p\u00fati v Bazilike v Mariastein. Toto stretnutie veriacich sa uskuto\u010dnilo u\u017e po 45 kr\u00e1t a to pri pr\u00edle\u017eotosti sviatku D\u0148a matiek. Sv\u00e4t\u00fa om\u0161u celebroval emeritn\u00fd arcibiskup ko\u0161ickej diec\u00e9zy Alojz Tk\u00e1\u010d, ktor\u00e9ho doprev\u00e1dzal k\u0148az \u0161piritu\u00e1l Mgr. Peter Ce\u013euch.<\/p>\n<p style=\"text-align: left;\" align=\"center\"><b>\u00a0 \u00a0 \u00a0Na sv. om\u0161i boli pr\u00edtomn\u00ed aj k\u0148azi p\u00f4sobiaci vo \u0160vaj\u010diarsku don Pavol Nizner, don Anton\u00edn \u0160pa\u010dek, don Jozef Bago i diakon Jozef Bernadi\u010d.<\/b><\/p>\n<p style=\"text-align: left;\" align=\"center\"><b><\/b><b>\u00a0 \u00a0 Otec arcibiskup vo svojej hom\u00edlii vyzdvihol d\u00f4le\u017eitos\u0165 Panny M\u00e1rie ako Matky n\u00e1\u0161ho P\u00e1na, ako Matky, ktor\u00e1 st\u00e1la pod kr\u00ed\u017eom a s ubolen\u00fdm poh\u013eadom pozerala na umu\u010den\u00e9ho Krista na kr\u00ed\u017ei. &#8222;Ve\u013eakr\u00e1t sa k nej utiekame v modlitb\u00e1ch a ona sa n\u00e1rodom odv\u010fa\u010duje svojimi z\u00e1zrakmi, ako aj z\u00e1zrakom v Mariastein, ke\u010f mal\u00fd chlap\u010dek spadol z vysokej skaly a pr\u00e1ve Pani odet\u00e1 v bielom \u0161ate &#8211; Matka Bo\u017eia, ho chytila do svojho n\u00e1ru\u010dia a chlapcovi sa ni\u010d nestalo. A tak rodi\u010dia zachr\u00e1nen\u00e9ho die\u0165a\u0165a dali postavi\u0165 z v\u010fa\u010dnosti k Matke M\u00e1ri\u00ed kaplnku a nesk\u00f4r chr\u00e1m &#8211; Baziliku, kde sa veriaci kres\u0165ania dodnes s \u00factou sch\u00e1dzaj\u00fa na p\u00fatnickom mieste v Mariastein.<\/b><\/p>\n<p style=\"text-align: left;\" align=\"center\"><b><\/b><b>\u00a0 \u00a0 \u00a0M\u00e1me kr\u00e1sne p\u00fatnicke miesta aj na Slovensku &#8211; \u0160a\u0161t\u00edn, Star\u00e9 hory, Levo\u010du &#8211; na\u0161e skvosty, kde rok \u010do rok prich\u00e1dzaj\u00fa na\u0161i veriaci p\u00fatnici &#8211; deti, ml\u00e1de\u017e, mu\u017ei i \u017eeny v stredn\u00fdch i v star\u0161\u00edch rokoch. A pr\u00e1ve tam na t\u00fdchto vz\u00e1cnych miestach si uctievaj\u00fa Nebesk\u00e9ho Otca a jeho Matku M\u00e1riu, ku ktorej sa utiekame v \u0165a\u017ekostiach, ktorej \u010fakujeme za r\u00f4zne z\u00e1zraky, uzdravenia, obr\u00e1tenia a ktor\u00fa pros\u00edme \u010dasto o pomoc a ochranu.&#8220; \u00a0 \u00a0 \u00a0\u00a0<\/b><\/p>\n<p style=\"text-align: left;\" align=\"center\"><b><\/b><b>\u00a0 \u00a0 \u00a0Otec arcibiskup sa zvl\u00e1\u0161\u0165 prihovoril k mlad\u00fdm \u013eu\u010fom, ke\u010f pouk\u00e1zal na soci\u00e1lne rozdiely na Slovensku a vo \u0160vaj\u010diarsku. &#8222;Tu je krajina bohat\u00e1 a mlad\u00ed \u013eudia ovplyvnen\u00ed materializmom, \u017eij\u00fa v blahobyte a v dostatku, no nesmiete zab\u00fada\u0165 a ani zabudn\u00fa\u0165 na svoje slovensk\u00e9 korene a svoj p\u00f4vod, na vieru, na domovinu, na \u00factu k Bohu a k Panne M\u00e1ri\u00ed. Kres\u0165an sa nemus\u00ed ni\u010doho b\u00e1\u0165, ak vo svojom srdci prechov\u00e1va l\u00e1sku k M\u00e1ri\u00ed, lebo &#8230; M\u00e1ria je ochrana od Boha n\u00e1m dan\u00e1. Nemus\u00edm sa ja b\u00e1\u0165, lebo je pri mne ma\u0165 M\u00e1ria, M\u00e1ria&#8230;&#8220;<\/b><\/p>\n<p style=\"text-align: left;\" align=\"center\"><b><\/b><b>\u00a0 \u00a0 \u00a0Najv\u00e4\u010d\u0161iu rados\u0165 z celej sl\u00e1vnosti mal 9-ro\u010dn\u00fd Alex, ktor\u00fd prist\u00fapil k Sviatosti prv\u00e9ho sv\u00e4t\u00e9ho prij\u00edmania a z r\u00fak otca arcibiskupa prijal Je\u017ei\u0161ka do svojho srdie\u010dka.<\/b><\/p>\n<p style=\"text-align: left;\" align=\"center\"><b><\/b><b>\u00a0 \u00a0 \u00a0Cel\u00fa sl\u00e1vnos\u0165 skr\u00e1\u0161lili veriaci v slovensk\u00fdch krojoch a hostia &#8211; s\u00fabor Kalvar\u010dan, ktor\u00fd svoj\u00edm n\u00e1dhern\u00fdm spevom spr\u00edjemnili nielen priebeh sv\u00e4tej om\u0161e, ale aj vyst\u00fapenie pri spolo\u010denskom poseden\u00ed. Kr\u00e1sa ich krojov, hudba a spev, a hlavne \u00fa\u017easn\u00e9 tance z v\u00fdchodu vy\u010darili \u00fasmev na tv\u00e1ri v\u0161etk\u00fdm hos\u0165om.<\/b><\/p>\n","protected":false},"excerpt":{"rendered":"<p>&nbsp; Slov\u00e1ci \u017eij\u00faci vo \u0160vaj\u010diarsku sa zi\u0161li d\u0148a 10. m\u00e1ja 2015 na Mari\u00e1nskej p\u00fati v Bazilike v Mariastein. Toto stretnutie veriacich sa uskuto\u010dnilo u\u017e po 45 kr\u00e1t a to pri pr\u00edle\u017eotosti sviatku D\u0148a matiek.&#46;&#46;&#46;<\/p>\n","protected":false},"author":3,"featured_media":3451,"comment_status":"open","ping_status":"closed","sticky":false,"template":"","format":"gallery","meta":{"ngg_post_thumbnail":0},"categories":[24,1],"tags":[],"_links":{"self":[{"href":"https:\/\/www.skmisia.ch\/index.php?rest_route=\/wp\/v2\/posts\/3284"}],"collection":[{"href":"https:\/\/www.skmisia.ch\/index.php?rest_route=\/wp\/v2\/posts"}],"about":[{"href":"https:\/\/www.skmisia.ch\/index.php?rest_route=\/wp\/v2\/types\/post"}],"author":[{"embeddable":true,"href":"https:\/\/www.skmisia.ch\/index.php?rest_route=\/wp\/v2\/users\/3"}],"replies":[{"embeddable":true,"href":"https:\/\/www.skmisia.ch\/index.php?rest_route=%2Fwp%2Fv2%2Fcomments&post=3284"}],"version-history":[{"count":10,"href":"https:\/\/www.skmisia.ch\/index.php?rest_route=\/wp\/v2\/posts\/3284\/revisions"}],"predecessor-version":[{"id":3526,"href":"https:\/\/www.skmisia.ch\/index.php?rest_route=\/wp\/v2\/posts\/3284\/revisions\/3526"}],"wp:featuredmedia":[{"embeddable":true,"href":"https:\/\/www.skmisia.ch\/index.php?rest_route=\/wp\/v2\/media\/3451"}],"wp:attachment":[{"href":"https:\/\/www.skmisia.ch\/index.php?rest_route=%2Fwp%2Fv2%2Fmedia&parent=3284"}],"wp:term":[{"taxonomy":"category","embeddable":true,"href":"https:\/\/www.skmisia.ch\/index.php?rest_route=%2Fwp%2Fv2%2Fcategories&post=3284"},{"taxonomy":"post_tag","embeddable":true,"href":"https:\/\/www.skmisia.ch\/index.php?rest_route=%2Fwp%2Fv2%2Ftags&post=3284"}],"curies":[{"name":"wp","href":"https:\/\/api.w.org\/{rel}","templated":true}]}}