{"id":3275,"date":"2016-05-21T07:14:18","date_gmt":"2016-05-21T06:14:18","guid":{"rendered":"https:\/\/www.skmisia.ch\/?p=3275"},"modified":"2019-04-08T21:08:49","modified_gmt":"2019-04-08T20:08:49","slug":"3275","status":"publish","type":"post","link":"https:\/\/www.skmisia.ch\/?p=3275","title":{"rendered":"De\u0148 det\u00ed- pozv\u00e1nka na 28.5. 2016"},"content":{"rendered":"<p align=\"center\"><i>Zdru\u017eenie Slov\u00e1kov vo \u0160vaj\u010diarsku a Slovensk\u00e1 \u0161kola a\u00a0\u0161k\u00f4lka v\u00a0Z\u00fcrichu<\/i><\/p>\n<p align=\"center\"><i><a href=\"https:\/\/www.skmisia.ch\/wp-content\/uploads\/2015\/05\/deti-leto.jpg\"><img decoding=\"async\" loading=\"lazy\" class=\" wp-image-3276 alignleft\" src=\"https:\/\/www.skmisia.ch\/wp-content\/uploads\/2015\/05\/deti-leto-300x228.jpg\" alt=\"Deti\" width=\"300\" height=\"228\" srcset=\"https:\/\/www.skmisia.ch\/wp-content\/uploads\/2015\/05\/deti-leto-300x228.jpg 300w, https:\/\/www.skmisia.ch\/wp-content\/uploads\/2015\/05\/deti-leto.jpg 700w\" sizes=\"(max-width: 300px) 100vw, 300px\" \/><\/a><\/i><\/p>\n<p align=\"center\"><strong>Poz\u00fdvaj\u00fa v\u0161etky deti a\u00a0rodi\u010dov na<\/strong><\/p>\n<p align=\"center\"><strong>\u0160portov\u00fd De\u0148 det\u00ed 2015,<\/strong><\/p>\n<p align=\"center\">ktor\u00fd sa uskuto\u010dn\u00ed v\u00a0\u0161portovom zariaden\u00ed<\/p>\n<p align=\"center\"><strong>Im Birch, Margrit-Rainer-Str. 5, 8050 Z\u00fcrich-Oerlikon<\/strong><\/p>\n<p align=\"center\"><strong><span style=\"text-decoration: underline;\">v\u00a0sobotu 28. m\u00e1ja 2015<\/span><\/strong><\/p>\n<p style=\"text-align: left;\"><b>\u00a0 \u00a0 \u00a0 \u00a0<\/b><\/p>\n<p style=\"text-align: left;\"><b>\u00a0 \u00a0 \u00a0 \u00a0<\/b><strong>Program:<\/strong><b><\/b><\/p>\n<p style=\"text-align: left;\"><b><i>\u00a0 \u00a0 \u00a0 \u00a0<\/i><\/b><strong><em>14.00 hod.<\/em><\/strong>\u00a0 \u00a0 \u00a0 \u00a0 \u00a0 \u00a0\u00a0\u0160tart<\/p>\n<ul>\n<li style=\"text-align: left;\">Losovanie s\u00fa\u0165a\u017eiacich t\u00edmov<\/li>\n<li style=\"text-align: left;\">Zah\u00e1jenie detsk\u00fdch s\u00fa\u0165a\u017e\u00ed<\/li>\n<li style=\"text-align: left;\">\u00a0Vyhl\u00e1senie v\u00ed\u0165azov<\/li>\n<li style=\"text-align: left;\">Vo\u013en\u00e9 \u0161portov\u00e9 discipl\u00edny pre deti a\u00a0dospel\u00fdch<\/li>\n<\/ul>\n<p style=\"text-align: left;\"><b><i>\u00a0 \u00a0 \u00a0<\/i><\/b><em><strong> 18.00 hod.<\/strong><\/em>\u00a0 \u00a0 \u00a0 \u00a0 \u00a0 Ukon\u010denie podujatia<\/p>\n<p style=\"text-align: center;\" align=\"center\"><strong>Vstupn\u00e9 na die\u0165a: CHF 5.-<\/strong><b> \/<\/b>v\u00a0cene n\u00e1poj a\u00a0ovocie\/<b><\/b><\/p>\n<p align=\"center\">Podujatie sa uskuto\u010dn\u00ed za ka\u017ed\u00e9ho po\u010dasia!<\/p>\n<p align=\"center\">Pros\u00edme nezabudn\u00fa\u0165: <strong>Vstup do telocvi\u010dne len v\u00a0obuvi,<\/strong><\/p>\n<p align=\"center\"><strong>ktor\u00e1 nezanech\u00e1va \u010dierne \u0161muhy!<\/strong> \u010eakujeme.<\/p>\n<p align=\"center\"><strong>Te\u0161\u00edme sa na mal\u00fdch i\u00a0ve\u013ek\u00fdch \u0161portovcov a\u00a0ich fan\u00fa\u0161ikov!<\/strong><\/p>\n<p align=\"center\"><strong>Pros\u00edme o\u00a0dochv\u00ed\u013enos\u0165!<\/strong><\/p>\n","protected":false},"excerpt":{"rendered":"<p>Zdru\u017eenie Slov\u00e1kov vo \u0160vaj\u010diarsku a Slovensk\u00e1 \u0161kola a\u00a0\u0161k\u00f4lka v\u00a0Z\u00fcrichu Poz\u00fdvaj\u00fa v\u0161etky deti a\u00a0rodi\u010dov na \u0160portov\u00fd De\u0148 det\u00ed 2015, ktor\u00fd sa uskuto\u010dn\u00ed v\u00a0\u0161portovom zariaden\u00ed Im Birch, Margrit-Rainer-Str. 5, 8050 Z\u00fcrich-Oerlikon v\u00a0sobotu 28. m\u00e1ja 2015 \u00a0&#46;&#46;&#46;<\/p>\n","protected":false},"author":3,"featured_media":3276,"comment_status":"open","ping_status":"closed","sticky":false,"template":"","format":"standard","meta":{"ngg_post_thumbnail":0},"categories":[24,1],"tags":[],"_links":{"self":[{"href":"https:\/\/www.skmisia.ch\/index.php?rest_route=\/wp\/v2\/posts\/3275"}],"collection":[{"href":"https:\/\/www.skmisia.ch\/index.php?rest_route=\/wp\/v2\/posts"}],"about":[{"href":"https:\/\/www.skmisia.ch\/index.php?rest_route=\/wp\/v2\/types\/post"}],"author":[{"embeddable":true,"href":"https:\/\/www.skmisia.ch\/index.php?rest_route=\/wp\/v2\/users\/3"}],"replies":[{"embeddable":true,"href":"https:\/\/www.skmisia.ch\/index.php?rest_route=%2Fwp%2Fv2%2Fcomments&post=3275"}],"version-history":[{"count":9,"href":"https:\/\/www.skmisia.ch\/index.php?rest_route=\/wp\/v2\/posts\/3275\/revisions"}],"predecessor-version":[{"id":5261,"href":"https:\/\/www.skmisia.ch\/index.php?rest_route=\/wp\/v2\/posts\/3275\/revisions\/5261"}],"wp:featuredmedia":[{"embeddable":true,"href":"https:\/\/www.skmisia.ch\/index.php?rest_route=\/wp\/v2\/media\/3276"}],"wp:attachment":[{"href":"https:\/\/www.skmisia.ch\/index.php?rest_route=%2Fwp%2Fv2%2Fmedia&parent=3275"}],"wp:term":[{"taxonomy":"category","embeddable":true,"href":"https:\/\/www.skmisia.ch\/index.php?rest_route=%2Fwp%2Fv2%2Fcategories&post=3275"},{"taxonomy":"post_tag","embeddable":true,"href":"https:\/\/www.skmisia.ch\/index.php?rest_route=%2Fwp%2Fv2%2Ftags&post=3275"}],"curies":[{"name":"wp","href":"https:\/\/api.w.org\/{rel}","templated":true}]}}