{"id":3172,"date":"2015-04-28T19:07:38","date_gmt":"2015-04-28T18:07:38","guid":{"rendered":"https:\/\/www.skmisia.ch\/?p=3172"},"modified":"2019-04-08T21:09:16","modified_gmt":"2019-04-08T20:09:16","slug":"velkonocne-sviatky","status":"publish","type":"post","link":"https:\/\/www.skmisia.ch\/?p=3172","title":{"rendered":"Ve\u013ekono\u010dn\u00e9 sviatky &#8230;"},"content":{"rendered":"<p>&nbsp;<\/p>\n<p>Ve\u013ek\u00e1 noc je najstar\u0161\u00edm a najv\u00fdznamnej\u0161\u00edm sviatkom kres\u0165ansk\u00e9ho cirkevn\u00e9ho<\/p>\n<p>roka. Pod vplyvom kres\u0165anstva z\u00edskali ve\u013ekono\u010dn\u00e9 sviatky n\u00e1bo\u017eensk\u00fd charakter a<\/p>\n<p>boli zasv\u00e4ten\u00e9 pamiatke umu\u010denia a vzkriesenia Je\u017ei\u0161a Krista.<\/p>\n<p>Ve\u013ekono\u010dn\u00fd t\u00fd\u017ede\u0148, naz\u00fdvan\u00fd aj tich\u00fd, sv\u00e4t\u00fd alebo ve\u013ek\u00fd, sme za\u010dali Kvetnou<\/p>\n<p>nede\u013eou. Otec Pavol po\u017eehnal na n\u00e1dvor\u00ed kostola ratolesti a olivov\u00e9 vetvi\u010dky<\/p>\n<p>a sl\u00e1vnostnou procesiou sme si pripomenuli vstup Je\u017ei\u0161a do Jeruzalema. Ticho<\/p>\n<p>a skromne pri\u0161iel na osliatku, hoci vedel, \u017ee sa pribli\u017euje k Ve\u013ek\u00e9mu piatku a ku kr\u00ed\u017eu<\/p>\n<p>u\u017e inej cesty nemal&#8230; a \u013eudia ho nad\u0161ene v\u00edtali palmov\u00fdmi ratoles\u0165ami&#8230;<\/p>\n<p>V priebehu Ve\u013ek\u00e9ho t\u00fd\u017ed\u0148a sa veriaci Sk misie v Zurichu zi\u0161li na Zelen\u00fd \u0161tvrtok pri<\/p>\n<p>sl\u00e1ven\u00ed sv. om\u0161e. V tento de\u0148 pri Poslednej ve\u010deri Kristus ustanovil sviatos\u0165 k\u0148azstva<\/p>\n<p>a sviatos\u0165 olt\u00e1rnu &#8211; Eucharistiu. Chlieb premenil na svoje telo a v\u00edno na svoju krv.<\/p>\n<p>Obrady Ve\u013ek\u00e9ho piatku sa tradi\u010dne pre\u017e\u00edvali vo ve\u013ekom sm\u00fatku a v p\u00f4ste.<\/p>\n<p>Pripomenuli sme si umu\u010denie a smr\u0165 Spasite\u013ea. Liturgia v tento de\u0148 mala tri \u010dasti:<\/p>\n<p>bohoslu\u017ebu slova, poklonu kr\u00ed\u017eu a sv\u00e4t\u00e9 prij\u00edmanie.<\/p>\n<p>Ve\u013ek\u00e1 noc pod\u013ea r\u00edmskokatol\u00edckej trad\u00edcie sa za\u010dala vig\u00edliou Nedele Vzkriesenia<\/p>\n<p>(ktor\u00e1 zavr\u0161uje ve\u013ekono\u010dn\u00e9 triduum Zelen\u00fd \u0161tvrtok, Ve\u013ek\u00fd piatok a Biela sobota). Na<\/p>\n<p>Bielu sobotu po z\u00e1pade slnka sa v\u0161etci veriaci Slov\u00e1ci aj \u0160vaj\u010diari zhroma\u017edili na<\/p>\n<p>n\u00e1dvor\u00ed kostola Liebfrauen. K\u0148azi spolo\u010dne po\u017eehnali ohe\u0148\u00a0 a ve\u013ekono\u010dn\u00fa sviecu<\/p>\n<p>Pa\u0161k\u00e1l. Ve\u013ekono\u010dn\u00e1 bohoslu\u017eba sa za\u010dala zap\u00e1len\u00edm ve\u013ekono\u010dn\u00e9ho oh\u0148a, ktor\u00fd<\/p>\n<p>symbolizuje v\u00ed\u0165azstvo Je\u017ei\u0161a Krista nad temnotou a smr\u0165ou. Od tohto oh\u0148a si potom<\/p>\n<p>veriaci zap\u00e1lili ve\u013ekono\u010dn\u00e9 svie\u010dky. Sl\u00e1vnostnou procesiou\u00a0 vst\u00fapili do chr\u00e1mu<\/p>\n<p>a zaznel oslavn\u00fd chv\u00e1lospev, \u017ealmy a \u010d\u00edtania zo sv. p\u00edsma a\u017e nastalo sl\u00e1vnostn\u00e9<\/p>\n<p>Aleluja a rozozvu\u010dali sa zvony&#8230; Nastala rados\u0165 v srdciach kres\u0165anov, lebo P\u00e1n Je\u017ei\u0161<\/p>\n<p>zv\u00ed\u0165azil nad smr\u0165ou&#8230;<\/p>\n","protected":false},"excerpt":{"rendered":"<p>&nbsp; Ve\u013ek\u00e1 noc je najstar\u0161\u00edm a najv\u00fdznamnej\u0161\u00edm sviatkom kres\u0165ansk\u00e9ho cirkevn\u00e9ho roka. Pod vplyvom kres\u0165anstva z\u00edskali ve\u013ekono\u010dn\u00e9 sviatky n\u00e1bo\u017eensk\u00fd charakter a boli zasv\u00e4ten\u00e9 pamiatke umu\u010denia a vzkriesenia Je\u017ei\u0161a Krista. Ve\u013ekono\u010dn\u00fd t\u00fd\u017ede\u0148, naz\u00fdvan\u00fd aj tich\u00fd, sv\u00e4t\u00fd&#46;&#46;&#46;<\/p>\n","protected":false},"author":8,"featured_media":3173,"comment_status":"open","ping_status":"closed","sticky":false,"template":"","format":"gallery","meta":{"ngg_post_thumbnail":0},"categories":[24,1],"tags":[],"_links":{"self":[{"href":"https:\/\/www.skmisia.ch\/index.php?rest_route=\/wp\/v2\/posts\/3172"}],"collection":[{"href":"https:\/\/www.skmisia.ch\/index.php?rest_route=\/wp\/v2\/posts"}],"about":[{"href":"https:\/\/www.skmisia.ch\/index.php?rest_route=\/wp\/v2\/types\/post"}],"author":[{"embeddable":true,"href":"https:\/\/www.skmisia.ch\/index.php?rest_route=\/wp\/v2\/users\/8"}],"replies":[{"embeddable":true,"href":"https:\/\/www.skmisia.ch\/index.php?rest_route=%2Fwp%2Fv2%2Fcomments&post=3172"}],"version-history":[{"count":3,"href":"https:\/\/www.skmisia.ch\/index.php?rest_route=\/wp\/v2\/posts\/3172\/revisions"}],"predecessor-version":[{"id":3250,"href":"https:\/\/www.skmisia.ch\/index.php?rest_route=\/wp\/v2\/posts\/3172\/revisions\/3250"}],"wp:featuredmedia":[{"embeddable":true,"href":"https:\/\/www.skmisia.ch\/index.php?rest_route=\/wp\/v2\/media\/3173"}],"wp:attachment":[{"href":"https:\/\/www.skmisia.ch\/index.php?rest_route=%2Fwp%2Fv2%2Fmedia&parent=3172"}],"wp:term":[{"taxonomy":"category","embeddable":true,"href":"https:\/\/www.skmisia.ch\/index.php?rest_route=%2Fwp%2Fv2%2Fcategories&post=3172"},{"taxonomy":"post_tag","embeddable":true,"href":"https:\/\/www.skmisia.ch\/index.php?rest_route=%2Fwp%2Fv2%2Ftags&post=3172"}],"curies":[{"name":"wp","href":"https:\/\/api.w.org\/{rel}","templated":true}]}}