{"id":3144,"date":"2015-04-01T18:03:43","date_gmt":"2015-04-01T17:03:43","guid":{"rendered":"https:\/\/www.skmisia.ch\/?p=3144"},"modified":"2019-04-08T21:09:16","modified_gmt":"2019-04-08T20:09:16","slug":"detska-krizova-cesta","status":"publish","type":"post","link":"https:\/\/www.skmisia.ch\/?p=3144","title":{"rendered":"Detsk\u00e1 kr\u00ed\u017eov\u00e1 cesta"},"content":{"rendered":"<p><span style=\"line-height: 1.5em;\">V p\u00f4stnom \u010dase v nede\u013eu 15.3.2015 sme si pod\u013ea trad\u00edcie pripomenuli kr\u00ed\u017eovou cestou posledn\u00e9 udalosti Je\u017ei\u0161ovho \u017eivota. Tento <\/span><span style=\"line-height: 1.5em;\">kr\u00e1t to bola kr\u00ed\u017eov\u00e1 cesta \u00a0v les\u00edku ponad Spreitenbach a pozvane boli najm\u00e4 rodiny s de\u0165mi. Zi\u0161lo sa n\u00e1s asi 6 rod\u00edn s men\u0161\u00edmi, aj v\u00e4\u010d\u0161\u00edmi de\u0165mi a nieko\u013eko sympatizantov k tomu.\u00a0 Otec Pavol pripravil kr\u00e1tke zamyslenia k jednotliv\u00fdm zastaveniam, mohli sme v tichu les\u00edka rozm\u00fd\u0161\u013ea\u0165 o Je\u017ei\u0161ov\u00fdch posledn\u00fdch chv\u00ed\u013each, h\u013eada\u0165 paralely so svojim vlastn\u00fdm \u017eivotom a povzbudi\u0165 sa jeho pr\u00edkladom obety na kr\u00ed\u017ei. Deti sa usilovne striedali v nosen\u00ed kr\u00edza a medzi zastaveniami sa spievali piesne do prev\u00e1dzane gitarou.<\/span><\/p>\n<p>Ke\u010f\u017ee slnie\u010dko bolo dos\u0165 zubat\u00e9, po kr\u00edzovej ceste sme si umrznut\u00ed radi sadli k tepl\u00e9mu ohn\u00ed\u010dku a opiekli sme si dobroty z vlastn\u00fdch ruksakov. \u010eakujeme Otcovi Pavlovi a os<span style=\"line-height: 1.5em;\">tatn\u00fdm organiz\u00e1torom za pr\u00edpravu. (Luba Batkova)<\/span><\/p>\n<p>&nbsp;<\/p>\n","protected":false},"excerpt":{"rendered":"<p>V p\u00f4stnom \u010dase v nede\u013eu 15.3.2015 sme si pod\u013ea trad\u00edcie pripomenuli kr\u00ed\u017eovou cestou posledn\u00e9 udalosti Je\u017ei\u0161ovho \u017eivota. Tento kr\u00e1t to bola kr\u00ed\u017eov\u00e1 cesta \u00a0v les\u00edku ponad Spreitenbach a pozvane boli najm\u00e4 rodiny s de\u0165mi.&#46;&#46;&#46;<\/p>\n","protected":false},"author":4,"featured_media":3150,"comment_status":"open","ping_status":"closed","sticky":false,"template":"","format":"gallery","meta":{"ngg_post_thumbnail":0},"categories":[24,1],"tags":[],"_links":{"self":[{"href":"https:\/\/www.skmisia.ch\/index.php?rest_route=\/wp\/v2\/posts\/3144"}],"collection":[{"href":"https:\/\/www.skmisia.ch\/index.php?rest_route=\/wp\/v2\/posts"}],"about":[{"href":"https:\/\/www.skmisia.ch\/index.php?rest_route=\/wp\/v2\/types\/post"}],"author":[{"embeddable":true,"href":"https:\/\/www.skmisia.ch\/index.php?rest_route=\/wp\/v2\/users\/4"}],"replies":[{"embeddable":true,"href":"https:\/\/www.skmisia.ch\/index.php?rest_route=%2Fwp%2Fv2%2Fcomments&post=3144"}],"version-history":[{"count":5,"href":"https:\/\/www.skmisia.ch\/index.php?rest_route=\/wp\/v2\/posts\/3144\/revisions"}],"predecessor-version":[{"id":3256,"href":"https:\/\/www.skmisia.ch\/index.php?rest_route=\/wp\/v2\/posts\/3144\/revisions\/3256"}],"wp:featuredmedia":[{"embeddable":true,"href":"https:\/\/www.skmisia.ch\/index.php?rest_route=\/wp\/v2\/media\/3150"}],"wp:attachment":[{"href":"https:\/\/www.skmisia.ch\/index.php?rest_route=%2Fwp%2Fv2%2Fmedia&parent=3144"}],"wp:term":[{"taxonomy":"category","embeddable":true,"href":"https:\/\/www.skmisia.ch\/index.php?rest_route=%2Fwp%2Fv2%2Fcategories&post=3144"},{"taxonomy":"post_tag","embeddable":true,"href":"https:\/\/www.skmisia.ch\/index.php?rest_route=%2Fwp%2Fv2%2Ftags&post=3144"}],"curies":[{"name":"wp","href":"https:\/\/api.w.org\/{rel}","templated":true}]}}