{"id":3101,"date":"2015-03-20T11:11:40","date_gmt":"2015-03-20T10:11:40","guid":{"rendered":"https:\/\/www.skmisia.ch\/?p=3101"},"modified":"2019-04-08T21:09:16","modified_gmt":"2019-04-08T20:09:16","slug":"vyhlasenie-konferencie-biskupov-slovenska-ku-prenasledovaniu-krestanov","status":"publish","type":"post","link":"https:\/\/www.skmisia.ch\/?p=3101","title":{"rendered":"Vyhl\u00e1senie Konferencie biskupov Slovenska ku prenasledovaniu kres\u0165anov"},"content":{"rendered":"<p>Konferencia biskupov Slovenska s ve\u013ek\u00fdm znepokojen\u00edm sleduje rast\u00face prenasledovanie kres\u0165anov a in\u00fdch n\u00e1bo\u017eensk\u00fdch skup\u00edn na Bl\u00edzkom a Strednom v\u00fdchode i v niektor\u00fdch africk\u00fdch \u0161t\u00e1toch. Sme \u0161okovan\u00ed brutalitou, ktorej s\u00fa vystaven\u00ed kres\u0165ania zo strany radik\u00e1lnych islamsk\u00fdch fundamentalistov.<\/p>\n<p>Obraciame sa na vl\u00e1du Slovenskej republiky, aby starostlivos\u0165 o prenasledovan\u00fdch zaradila medzi svoje zahrani\u010dnopolitick\u00e9 priority. Uvedomujeme si, \u017ee nedostato\u010dn\u00e9 \u00fasilie aj eur\u00f3pskych n\u00e1rodov a in\u0161tit\u00faci\u00ed prehlbuje humanit\u00e1rnu katastrofu a n\u00fati kres\u0165anov k odchodu z oblast\u00ed, kde \u017eili dve tis\u00edcro\u010dia. Oce\u0148ujeme v\u0161etk\u00fdch verejn\u00fdch \u010dinite\u013eov a ob\u010dianskych aktivistov, ktor\u00ed neprest\u00e1vaj\u00fa upozor\u0148ova\u0165 verejnos\u0165 na t\u00fato nespravodlivos\u0165 a poru\u0161ovanie z\u00e1kladn\u00fdch \u013eudsk\u00fdch pr\u00e1v.<\/p>\n<p>V snahe zmierni\u0165 utrpenie na\u0161ich bratov a sestier vo viere, v spolupr\u00e1ci so Slovenskou katol\u00edckou charitou a v solidarite s \u0165a\u017eko sk\u00fa\u0161an\u00fdmi cirkvami vyhlasujeme celoslovensk\u00fa zbierku na pomoc prenasledovan\u00fdm kres\u0165anom, ktor\u00e1 sa uskuto\u010dn\u00ed pri v\u0161etk\u00fdch bohoslu\u017eb\u00e1ch na Kvetn\u00fa nede\u013eu, d\u0148a 29. marca 2015. Rovnako sa obraciame na v\u0161etk\u00fdch veriacich s naliehavou prosbou o modlitby za mier a zmierenie medzi n\u00e1rodmi.<\/p>\n<p>Nech na\u0161a konkr\u00e9tna pomoc a modlitba prispej\u00fa k zmierneniu utrpenia a k skon\u010deniu \u0161pir\u00e1ly n\u00e1silia. Tieto tragick\u00e9 udalosti potvrdzuj\u00fa, \u017ee zachov\u00e1vanie n\u00e1bo\u017eenskej slobody je z\u00e1kladn\u00fdm predpokladom rozvoja ka\u017edej spolo\u010dnosti. Mel\u010dice, 17. marca 2015<\/p>\n","protected":false},"excerpt":{"rendered":"<p>Konferencia biskupov Slovenska s ve\u013ek\u00fdm znepokojen\u00edm sleduje rast\u00face prenasledovanie kres\u0165anov a in\u00fdch n\u00e1bo\u017eensk\u00fdch skup\u00edn na Bl\u00edzkom a Strednom v\u00fdchode i v niektor\u00fdch africk\u00fdch \u0161t\u00e1toch. Sme \u0161okovan\u00ed brutalitou, ktorej s\u00fa vystaven\u00ed kres\u0165ania zo strany radik\u00e1lnych&#46;&#46;&#46;<\/p>\n","protected":false},"author":3,"featured_media":2636,"comment_status":"open","ping_status":"closed","sticky":false,"template":"","format":"standard","meta":{"ngg_post_thumbnail":0},"categories":[24,1],"tags":[],"_links":{"self":[{"href":"https:\/\/www.skmisia.ch\/index.php?rest_route=\/wp\/v2\/posts\/3101"}],"collection":[{"href":"https:\/\/www.skmisia.ch\/index.php?rest_route=\/wp\/v2\/posts"}],"about":[{"href":"https:\/\/www.skmisia.ch\/index.php?rest_route=\/wp\/v2\/types\/post"}],"author":[{"embeddable":true,"href":"https:\/\/www.skmisia.ch\/index.php?rest_route=\/wp\/v2\/users\/3"}],"replies":[{"embeddable":true,"href":"https:\/\/www.skmisia.ch\/index.php?rest_route=%2Fwp%2Fv2%2Fcomments&post=3101"}],"version-history":[{"count":1,"href":"https:\/\/www.skmisia.ch\/index.php?rest_route=\/wp\/v2\/posts\/3101\/revisions"}],"predecessor-version":[{"id":3102,"href":"https:\/\/www.skmisia.ch\/index.php?rest_route=\/wp\/v2\/posts\/3101\/revisions\/3102"}],"wp:featuredmedia":[{"embeddable":true,"href":"https:\/\/www.skmisia.ch\/index.php?rest_route=\/wp\/v2\/media\/2636"}],"wp:attachment":[{"href":"https:\/\/www.skmisia.ch\/index.php?rest_route=%2Fwp%2Fv2%2Fmedia&parent=3101"}],"wp:term":[{"taxonomy":"category","embeddable":true,"href":"https:\/\/www.skmisia.ch\/index.php?rest_route=%2Fwp%2Fv2%2Fcategories&post=3101"},{"taxonomy":"post_tag","embeddable":true,"href":"https:\/\/www.skmisia.ch\/index.php?rest_route=%2Fwp%2Fv2%2Ftags&post=3101"}],"curies":[{"name":"wp","href":"https:\/\/api.w.org\/{rel}","templated":true}]}}