{"id":3099,"date":"2015-03-20T11:04:54","date_gmt":"2015-03-20T10:04:54","guid":{"rendered":"https:\/\/www.skmisia.ch\/?p=3099"},"modified":"2019-04-08T21:09:16","modified_gmt":"2019-04-08T20:09:16","slug":"postna-duchovna-obnova-v-zurichu","status":"publish","type":"post","link":"https:\/\/www.skmisia.ch\/?p=3099","title":{"rendered":"P\u00f4stn\u00e1 duchovn\u00e1 obnova v Zurichu &#8230;"},"content":{"rendered":"<p>&nbsp;<\/p>\n<p><span style=\"line-height: 1.5em;\">\u00a0 \u00a0 \u00a0P\u00f4stne obdobie je pre Cirkev, spolo\u010denstv\u00e1 i jednotliv\u00fdch veriacich \u010dasom pok\u00e1nia a duchovnej obnovy. Je to obdobie, v ktorom si \u010dlovek dobrovo\u013ene \u00faplne alebo \u010diasto\u010dne odriekne jedlo, sladkosti, faj\u010denie alebo in\u00e9 p\u00f4\u017eitky. Je to aj \u010das, kedy sa pr\u00e1ve kres\u0165ania viac preh\u013abuj\u00fa k vn\u00fatornemu o\u010distovaniu a pok\u00e1niu.<\/span><\/p>\n<p>Naplni\u0165 si srdcia pokojom a na\u010derpa\u0165 duchovn\u00fa silu vyu\u017eili veriaci SKM na p\u00f4stnej duchovnej obnove v Zurichu, ktor\u00e1 sa uskuto\u010dnila v d\u0148och 6. &#8211; 8. marca 2015. Duchovn\u00e9 cvi\u010denia viedol don \u010capla J\u00e1n, SDB &#8211; far\u00e1r pastora\u010dnej komunity, ktorej je zveren\u00e1 starostlivos\u0165 o farnos\u0165 na Mileti\u010dovej v Bratislave. V prvej \u010dasti predn\u00e1\u0161ky don \u010capla zd\u00f4raznil d\u00f4le\u017eitos\u0165 kres\u0165ana v Cirkvi, povolanie v \u017eivote a \u00falohy zasv\u00e4ten\u00fdch \u013eud\u00ed. Pripomenul ich nezi\u0161tn\u00e9 hodnoty pri \u0161\u00edren\u00ed evanjeliz\u00e1cie, pri pomoci chudobn\u00fdm, chor\u00fdm a biednym, ale aj pri pomoci a v\u00fdchove deti a ml\u00e1de\u017ee. Vyzdvihol skuto\u010dnos\u0165, \u017ee pri zasv\u00e4tenom \u017eivote sa \u010dlovek zasv\u00e4cuje Bohu a prij\u00edma nasledovn\u00e9 evanjeliov\u00e9 rady:<\/p>\n<p>&#8211; chudobu &#8211; vyzn\u00e1va, \u017ee iba Boh je jedin\u00e9 bohatstvo \u010dloveka,<\/p>\n<p>&#8211; \u010distotu &#8211; odovzdanie sa Bohu s nerozdelen\u00fdm srdcom,<\/p>\n<p>&nbsp;<\/p>\n<p>&#8211; poslu\u0161nos\u0165 &#8211; pod\u013ea vzoru Krista, pre ktor\u00e9ho bolo najd\u00f4le\u017eitej\u0161ie plni\u0165 Bo\u017eiu v\u00f4\u013eu.<\/p>\n<p>V predn\u00e1\u0161ke rozl\u00ed\u0161il a vysvetlil \u017eivot reho\u013en\u00edkov a pustovn\u00edkov. Reho\u013en\u00fd sp\u00f4sob \u017eivota je typick\u00fd spolo\u010dn\u00fdm \u017eivotom v kl\u00e1\u0161tornom spolo\u010denstve a pustovn\u00edci zasv\u00e4cuj\u00fa \u017eivot Bohu na sp\u00e1su sveta pr\u00edsnym odl\u00fa\u010den\u00edm sa od sveta, tichom samoty, modlitbou a pok\u00e1nim. Po\u010das \u010fal\u0161\u00edch stretnut\u00ed pouk\u00e1zal na\u00a0 Je\u017ei\u0161ovo evanjelium, ktor\u00e9 prin\u00e1\u0161a do \u013eudsk\u00e9ho \u017eivota k\u013e\u00fa\u010d &#8211; u\u010d\u00ed, \u017ee evanjeliov\u00e1 sloboda vyrast\u00e1 pr\u00e1ve zo Z\u00e1kona a je jeho ovoc\u00edm. U\u017e v Starom z\u00e1kone Boh vychov\u00e1val \u010dloveka s ve\u013ek\u00fdm re\u0161pektom &#8211; ak chce\u0161. Vyber si &#8211; cestu \u017eivota alebo cestu smrti. M\u00fadros\u0165 alebo hriech. Podstatou d\u00f4stojnosti ka\u017ed\u00e9ho \u010dloveka je, \u017ee si m\u00f4\u017ee s\u00e1m vybra\u0165, \u010do chce, alebo nechce. Alebo presnej\u0161ie &#8211; pre\u010do chce a pre\u010do nechce.<\/p>\n<p>Don \u010capla sa podelil\u00a0 aj so svoj\u00edmi z\u00e1\u017eitkami z jeho misijn\u00e9ho \u017eivota po\u010das p\u00f4sobenia v meste Baku v Azerbajd\u017eane. Priebeh DU bol obohaten\u00fd ador\u00e1ciou, sv. om\u0161ou a veriaci mali mo\u017enos\u0165 prist\u00fapi\u0165 k sviatosti zmierenia. V \u010dase\u00a0\u0161tyridsa\u0165denn\u00e9ho p\u00f4stu, kedy\u00a0 sa\u00a0 pripravujeme na sl\u00e1venie najd\u00f4le\u017eitej\u0161\u00edch sviatkov kres\u0165anstva priniesla p\u00f4stn\u00e1 duchovn\u00e1 obnova\u00a0 do s\u0155dc\u00a0 veriacich pokoj, pokoru, pohodu a nov\u00e9 poznatky a duchovn\u00e9 z\u00e1\u017eitky.<\/p>\n","protected":false},"excerpt":{"rendered":"<p>&nbsp; \u00a0 \u00a0 \u00a0P\u00f4stne obdobie je pre Cirkev, spolo\u010denstv\u00e1 i jednotliv\u00fdch veriacich \u010dasom pok\u00e1nia a duchovnej obnovy. Je to obdobie, v ktorom si \u010dlovek dobrovo\u013ene \u00faplne alebo \u010diasto\u010dne odriekne jedlo, sladkosti, faj\u010denie alebo in\u00e9&#46;&#46;&#46;<\/p>\n","protected":false},"author":3,"featured_media":3105,"comment_status":"open","ping_status":"closed","sticky":false,"template":"","format":"gallery","meta":{"ngg_post_thumbnail":0},"categories":[24,1],"tags":[],"_links":{"self":[{"href":"https:\/\/www.skmisia.ch\/index.php?rest_route=\/wp\/v2\/posts\/3099"}],"collection":[{"href":"https:\/\/www.skmisia.ch\/index.php?rest_route=\/wp\/v2\/posts"}],"about":[{"href":"https:\/\/www.skmisia.ch\/index.php?rest_route=\/wp\/v2\/types\/post"}],"author":[{"embeddable":true,"href":"https:\/\/www.skmisia.ch\/index.php?rest_route=\/wp\/v2\/users\/3"}],"replies":[{"embeddable":true,"href":"https:\/\/www.skmisia.ch\/index.php?rest_route=%2Fwp%2Fv2%2Fcomments&post=3099"}],"version-history":[{"count":7,"href":"https:\/\/www.skmisia.ch\/index.php?rest_route=\/wp\/v2\/posts\/3099\/revisions"}],"predecessor-version":[{"id":3121,"href":"https:\/\/www.skmisia.ch\/index.php?rest_route=\/wp\/v2\/posts\/3099\/revisions\/3121"}],"wp:featuredmedia":[{"embeddable":true,"href":"https:\/\/www.skmisia.ch\/index.php?rest_route=\/wp\/v2\/media\/3105"}],"wp:attachment":[{"href":"https:\/\/www.skmisia.ch\/index.php?rest_route=%2Fwp%2Fv2%2Fmedia&parent=3099"}],"wp:term":[{"taxonomy":"category","embeddable":true,"href":"https:\/\/www.skmisia.ch\/index.php?rest_route=%2Fwp%2Fv2%2Fcategories&post=3099"},{"taxonomy":"post_tag","embeddable":true,"href":"https:\/\/www.skmisia.ch\/index.php?rest_route=%2Fwp%2Fv2%2Ftags&post=3099"}],"curies":[{"name":"wp","href":"https:\/\/api.w.org\/{rel}","templated":true}]}}