{"id":3076,"date":"2015-03-05T10:01:37","date_gmt":"2015-03-05T09:01:37","guid":{"rendered":"https:\/\/www.skmisia.ch\/?p=3076"},"modified":"2019-04-08T21:09:16","modified_gmt":"2019-04-08T20:09:16","slug":"co-je-taize","status":"publish","type":"post","link":"https:\/\/www.skmisia.ch\/?p=3076","title":{"rendered":"\u010co je Taiz\u00e9?"},"content":{"rendered":"<p><span style=\"line-height: 1.5em;\">Taiz\u00e9 je stretnutie mlad\u00fdch veriacich<\/span><span style=\"line-height: 1.5em;\">. Zalo\u017eil ho Roger Schutz. Komunita Taiz\u00e9 je kres\u0165ansk\u00e9 ekumenick\u00e9 spole\u010denstvo kl\u00e1\u0161terneho typu nach\u00e1dzaj\u00face sa vo burgundskej dedinke Taiz\u00e9 vo Franc\u00fazku.<\/span><\/p>\n<p>Tento rok bolo Taiz\u00e9 v Prahe. Bolo to pre m\u0148a prv\u00e9 stretnutie tak\u00e9hoto typu. Ve\u013emi som bola prekavapen\u00e1 ko\u013eko veriacich sa tam stretlo. \u010co sam mi ve\u013emi p\u00e1\u010dilo bolo to \u017ee sme b\u00fdvali u niekoho v rodine. T\u00fdmto sme spoznali nov\u00fdch \u013eud\u00ed. Ja som b\u00fdvala s mojou sesternicou u 3 \u010dlenej rodiny, ke\u010f m\u00e1m by\u0165 prestn\u00e1 tak u 4 \u010dlenej, ak r\u00e1tam aj psa. Bolo n\u00e1m tam ve\u013emi dobre a c\u00edtili sme sa ako doma.<\/p>\n<p>Taiz\u00e9 program sme mali predd\u00e1ni. R\u00e1no sme sa stretli v na\u0161om najbli\u0161iom komunitnom centre u sv. Prokopa. Za\u010dali sme modlidbou a po nej sme diskutovali o danej t\u00e9me v skupink\u00e1ch napr\u00edklad: \u201e Byt\u2018 so\u013eou zeme.&#8220; Potom nasledovali Workshopy. Mohli sme si vybra\u0165 t\u00e9mu, ak\u00e1 n\u00e1s zaujala.<\/p>\n<p>Ve\u010der sme chodili na modlidbu do Le\u0165nan, ktor\u00e1 tam b\u00fdvala pravidelne ka\u017ed\u00fd ve\u010der, raz bola v <img decoding=\"async\" loading=\"lazy\" class=\"size-full wp-image-3078 alignright\" alt=\"t2\" src=\"https:\/\/www.skmisia.ch\/wp-content\/uploads\/2015\/03\/t2.jpg\" width=\"276\" height=\"183\" \/>Katedr\u00e1le sv. V\u00edta. Ale pred t\u00fdm sme si i\u0161li vyzdvihn\u00fa\u0165 jedlo, ktor\u00e9 bolo tie\u017e v Le\u0165nanoch.<\/p>\n<p>Pre m\u0148a osobne to bol ve\u013ek\u00fd z\u00e1\u017eitok. Stretla som tam ve\u013emi pr\u00edjemn\u00fdch \u013eud\u00ed . Ku tomu prispeli ve\u010dern\u00e9 spevy, ktor\u00e9 na m\u0148a p\u00f4sobili ve\u013emi ohromuj\u00faco, ke\u010f\u017ee spolo\u010dne spievalo obrovsk\u00e9 mno\u017estvo \u013eudi a naraz chv\u00e1lili P\u00e1na. Nesk\u00f4r som sa mohla st\u00ed\u0161i\u0165 a neru\u0161ene porozm\u00fd\u0161la\u0165 o mojom \u017eivote.<\/p>\n<div><span style=\"line-height: 1.5em;\">Megy<\/span><\/div>\n","protected":false},"excerpt":{"rendered":"<p>Taiz\u00e9 je stretnutie mlad\u00fdch veriacich. Zalo\u017eil ho Roger Schutz. Komunita Taiz\u00e9 je kres\u0165ansk\u00e9 ekumenick\u00e9 spole\u010denstvo kl\u00e1\u0161terneho typu nach\u00e1dzaj\u00face sa vo burgundskej dedinke Taiz\u00e9 vo Franc\u00fazku. Tento rok bolo Taiz\u00e9 v Prahe. Bolo to pre&#46;&#46;&#46;<\/p>\n","protected":false},"author":3,"featured_media":3077,"comment_status":"open","ping_status":"closed","sticky":false,"template":"","format":"standard","meta":{"ngg_post_thumbnail":0},"categories":[24,1],"tags":[],"_links":{"self":[{"href":"https:\/\/www.skmisia.ch\/index.php?rest_route=\/wp\/v2\/posts\/3076"}],"collection":[{"href":"https:\/\/www.skmisia.ch\/index.php?rest_route=\/wp\/v2\/posts"}],"about":[{"href":"https:\/\/www.skmisia.ch\/index.php?rest_route=\/wp\/v2\/types\/post"}],"author":[{"embeddable":true,"href":"https:\/\/www.skmisia.ch\/index.php?rest_route=\/wp\/v2\/users\/3"}],"replies":[{"embeddable":true,"href":"https:\/\/www.skmisia.ch\/index.php?rest_route=%2Fwp%2Fv2%2Fcomments&post=3076"}],"version-history":[{"count":2,"href":"https:\/\/www.skmisia.ch\/index.php?rest_route=\/wp\/v2\/posts\/3076\/revisions"}],"predecessor-version":[{"id":3080,"href":"https:\/\/www.skmisia.ch\/index.php?rest_route=\/wp\/v2\/posts\/3076\/revisions\/3080"}],"wp:featuredmedia":[{"embeddable":true,"href":"https:\/\/www.skmisia.ch\/index.php?rest_route=\/wp\/v2\/media\/3077"}],"wp:attachment":[{"href":"https:\/\/www.skmisia.ch\/index.php?rest_route=%2Fwp%2Fv2%2Fmedia&parent=3076"}],"wp:term":[{"taxonomy":"category","embeddable":true,"href":"https:\/\/www.skmisia.ch\/index.php?rest_route=%2Fwp%2Fv2%2Fcategories&post=3076"},{"taxonomy":"post_tag","embeddable":true,"href":"https:\/\/www.skmisia.ch\/index.php?rest_route=%2Fwp%2Fv2%2Ftags&post=3076"}],"curies":[{"name":"wp","href":"https:\/\/api.w.org\/{rel}","templated":true}]}}