{"id":3043,"date":"2019-02-09T09:00:05","date_gmt":"2019-02-09T08:00:05","guid":{"rendered":"https:\/\/www.skmisia.ch\/?p=3043"},"modified":"2019-04-08T21:08:45","modified_gmt":"2019-04-08T20:08:45","slug":"info-ku-popolcovej-strede","status":"publish","type":"post","link":"https:\/\/www.skmisia.ch\/?p=3043","title":{"rendered":"Popolcov\u00e1 streda v HORNOM kostole LIEBFRAUEN"},"content":{"rendered":"<p><span style=\"color: #000000;\"><b><a href=\"https:\/\/www.skmisia.ch\/wp-content\/uploads\/2014\/03\/popolec.jpg\" target=\"_blank\" rel=\"noopener noreferrer\"><img decoding=\"async\" loading=\"lazy\" class=\"size-full wp-image-702 alignleft\" src=\"https:\/\/www.skmisia.ch\/wp-content\/uploads\/2014\/03\/popolec.jpg\" alt=\"popolec\" width=\"275\" height=\"184\" \/><\/a><b>Popolcov\u00e1 streda je toho roku 6.\u00a0marca 2019. Sv. om\u0161a bude<\/b>\u00a0<\/b><strong>v<\/strong>\u00a0<span style=\"color: #800000;\"><strong>HORNOM<\/strong><strong>\u00a0kostole LIEBFRAUEN<\/strong><\/span>\u00a0v Z\u00fcrichu o <span style=\"color: #993300;\"><strong>20:00<\/strong><\/span>. Stretnutie spevokolu je na mieste \u00bd\u00a0hodinku pred sv. om\u0161ou. Pri tejto sv. om\u0161i bude aj tradi\u010dn\u00e9 zna\u010denie popolom.<\/span><\/p>\n<p><span style=\"color: #000000;\">Popolcov\u00e1 streda, de\u0148 pok\u00e1nia v celej Cirkvi, je de\u0148 pr\u00edsneho p\u00f4stu. Zdr\u017eiavan\u00edm sa m\u00e4sit\u00e9ho pokrmu v tento de\u0148 s\u00fa viazan\u00ed t\u00ed,\u00a0ktor\u00ed dov\u0155\u0161ili \u0161trn\u00e1sty rok\u00a0\u017eivota. Posti\u0165 sa (t.j. len raz do s\u00fdtosti sa najes\u0165) s\u00fa viazan\u00ed dospel\u00ed od 18. do 60. roku\u00a0\u017eivota. Tento p\u00f4st sa nem\u00f4\u017ee nahradi\u0165 in\u00fdm skutkom pok\u00e1nia.<\/span><\/p>\n<p>&nbsp;<\/p>\n","protected":false},"excerpt":{"rendered":"<p>Popolcov\u00e1 streda je toho roku 6.\u00a0marca 2019. Sv. om\u0161a bude\u00a0v\u00a0HORNOM\u00a0kostole LIEBFRAUEN\u00a0v Z\u00fcrichu o 20:00. Stretnutie spevokolu je na mieste \u00bd\u00a0hodinku pred sv. om\u0161ou. Pri tejto sv. om\u0161i bude aj tradi\u010dn\u00e9 zna\u010denie popolom. Popolcov\u00e1 streda,&#46;&#46;&#46;<\/p>\n","protected":false},"author":3,"featured_media":3044,"comment_status":"open","ping_status":"closed","sticky":false,"template":"","format":"standard","meta":{"ngg_post_thumbnail":0},"categories":[24,1],"tags":[],"_links":{"self":[{"href":"https:\/\/www.skmisia.ch\/index.php?rest_route=\/wp\/v2\/posts\/3043"}],"collection":[{"href":"https:\/\/www.skmisia.ch\/index.php?rest_route=\/wp\/v2\/posts"}],"about":[{"href":"https:\/\/www.skmisia.ch\/index.php?rest_route=\/wp\/v2\/types\/post"}],"author":[{"embeddable":true,"href":"https:\/\/www.skmisia.ch\/index.php?rest_route=\/wp\/v2\/users\/3"}],"replies":[{"embeddable":true,"href":"https:\/\/www.skmisia.ch\/index.php?rest_route=%2Fwp%2Fv2%2Fcomments&post=3043"}],"version-history":[{"count":13,"href":"https:\/\/www.skmisia.ch\/index.php?rest_route=\/wp\/v2\/posts\/3043\/revisions"}],"predecessor-version":[{"id":9149,"href":"https:\/\/www.skmisia.ch\/index.php?rest_route=\/wp\/v2\/posts\/3043\/revisions\/9149"}],"wp:featuredmedia":[{"embeddable":true,"href":"https:\/\/www.skmisia.ch\/index.php?rest_route=\/wp\/v2\/media\/3044"}],"wp:attachment":[{"href":"https:\/\/www.skmisia.ch\/index.php?rest_route=%2Fwp%2Fv2%2Fmedia&parent=3043"}],"wp:term":[{"taxonomy":"category","embeddable":true,"href":"https:\/\/www.skmisia.ch\/index.php?rest_route=%2Fwp%2Fv2%2Fcategories&post=3043"},{"taxonomy":"post_tag","embeddable":true,"href":"https:\/\/www.skmisia.ch\/index.php?rest_route=%2Fwp%2Fv2%2Ftags&post=3043"}],"curies":[{"name":"wp","href":"https:\/\/api.w.org\/{rel}","templated":true}]}}