{"id":3020,"date":"2015-02-09T15:22:41","date_gmt":"2015-02-09T14:22:41","guid":{"rendered":"https:\/\/www.skmisia.ch\/?p=3020"},"modified":"2019-04-08T21:09:16","modified_gmt":"2019-04-08T20:09:16","slug":"pastoracna-a-ekonomicka-sprava-o-cinnosti-skm-2014","status":"publish","type":"post","link":"https:\/\/www.skmisia.ch\/?p=3020","title":{"rendered":"Pastora\u010dn\u00e1 a ekonomick\u00e1 spr\u00e1va o \u010dinnosti SKM 2014"},"content":{"rendered":"<p>Mil\u00ed na\u0161i veriaci, sympatizanti a dobrodincovia SKM.<\/p>\n<p>Janu\u00e1r 2015 bol na Slovenskej Katol\u00edckej Misii mesiacom uz\u00e1vierok pastora\u010dn\u00fdch a ekonomick\u00fdch \u0161tatist\u00edk za rok 2014. Okrem Gener\u00e1lneho vikari\u00e1tu v ZH, ktor\u00fd dokumentuje na\u0161u \u010dinnos\u0165, som pova\u017eoval za u\u017eito\u010dn\u00e9 tieto inform\u00e1cie sprostredkova\u0165 aj V\u00e1m a z\u00e1rove\u0148 V\u00e1m po\u010fakova\u0165 za celoro\u010dn\u00fa podporu a d\u00f4veru. Zo srdca \u010fakujem v\u0161etk\u00fdm, ktor\u00ed po\u010das uplynul\u00e9ho roka 2014 prilo\u017eili ruku k dielu pre dobro v\u0161etk\u00fdch bratov a sestier SKM. S pozdravom o. Pavol Nizner.<\/p>\n<p><strong>V\u00fd\u0165ah z pastora\u010dn\u00e9ho vyhodnotenia roka<\/strong>:<\/p>\n<p>D\u00f4le\u017eit\u00fdmi duchovn\u00fdmi udalos\u0165ami roka boli slovensk\u00e9\u00a0 p\u00fate v Mariastein, Reichenau a Einsiedeln i trojd\u0148ov\u00e1 duchovna obnova s predn\u00e1\u0161kami na na\u0161ej misii v Adventnom a P\u00f4stnom obdob\u00ed. Jarn\u00e1 bola ve\u013emi podnetn\u00e1 vzh\u013eadom na impulzy pre sviatostn\u00fd man\u017eesk\u00fd a rodinn\u00fd \u017eivot. Viedol ju dp. don Mari\u00e1n Val\u00e1bek, riadite\u013e Centra pre rodinu Bratislavskej arcidiec\u00e9zy. Posledn\u00fa viedol p\u00e1ter Michal Zamkovsk\u00fd s asistenciou Rieky \u017divota z Podol\u00ednca. P\u00fa\u0165 v Einsiedelne i duchovn\u00e9 obnovy sa stretli s ve\u013ek\u00fdm ohlasom. Pozit\u00edvom t\u00fdchto podujat\u00ed bola uspokojiv\u00e1 relat\u00edvne pekn\u00e1 \u00fa\u010das\u0165 veriacich a z\u00e1ujem o sprostredkovan\u00e9 duchovn\u00e9 posolstvo. Tie\u017e pozit\u00edvnou skuto\u010dnos\u0165ou je z\u00e1ujem o sviatostn\u00fd \u017eivot, sv. spovede a ochota pre slu\u017ebu pre spolo\u010denstvo SKM.<\/p>\n<p>Zo srdca \u010fakujem v\u0161etk\u00fdm, ktor\u00ed sa zap\u00e1jali do \u017eivota a \u010dinnosti Slovenskej Katol\u00edckej Misie v celej \u0161irke jej p\u00f4sobnosti tak v Z\u00fcrichu ako i v Bazilej, Bene, Lausanne ci \u017deneve. Oblasti v ktor\u00fdch sme boli najviac akt\u00edvni boli: litirgia (lektori, kostoln\u00edci, organisti, hudobn\u00e9 sprev\u00e1dzania sv. om\u0161\u00ed, \u00a0\u00a0mini\u0161tranti, at\u010f.), misijn\u00e1 rada, kafeservis, upratovanie, detsk\u00fd zbor, ml\u00e1de\u017en\u00edcke stretnutia a zbor, pomoc pri Katech\u00e9zach, \u010dasopis Misijn\u00fd inform\u00e1tor, \u0161portov\u00e9 stretnutia a mnoh\u00e9 in\u00e9 aktivity. V mene celej SKM V\u00e1m vyslovujem \u00faprimne P\u00e1n Boh zapla\u0165! Za v\u0161etk\u00fdch veriacich, dobrodincov a ich rodiny pravidelne sl\u00fa\u017eim sv. om\u0161u a mimoriadne som za nich obetoval \u010fakovn\u00fa sv. om\u0161u na Narodenie P\u00e1na i na Nov\u00fd rok.<\/p>\n<p><span style=\"line-height: 1.5em;\">Z\u00e1verom mi dovo\u013ete, bratia a sestry, odprosi\u0165 V\u00e1s za v\u0161etko, \u010d\u00edm som sa V\u00e1s v priebehu roka svoj\u00edm slovom alebo skutkom mohol dotkn\u00fa\u0165 alebo V\u00e1s urazi\u0165. Preto V\u00e1s pros\u00edm o modlitbu za svojho duchovn\u00e9ho otca.<\/span><\/p>\n<p><b>Sakramente <\/b>(Sviatosti)<b>:<\/b><\/p>\n<table border=\"1\" cellspacing=\"0\" cellpadding=\"0\">\n<tbody>\n<tr>\n<td valign=\"top\" width=\"299\"><b>Taufen <\/b>(Krsty)<\/td>\n<td valign=\"top\" width=\"302\"><b>14<\/b><\/td>\n<\/tr>\n<tr>\n<td valign=\"top\" width=\"299\"><b>1. Kommunion<\/b> (1. SP)<\/td>\n<td valign=\"top\" width=\"302\"><b>14<\/b><\/td>\n<\/tr>\n<tr>\n<td valign=\"top\" width=\"299\"><b>Firmungen<\/b> (Birmovanie)<b><\/b><\/td>\n<td valign=\"top\" width=\"302\"><b>4<\/b><\/td>\n<\/tr>\n<tr>\n<td valign=\"top\" width=\"299\"><b>Trauungen<\/b> (Sob\u00e1\u0161ne n\u00e1uky + Sob\u00e1\u0161e)<\/td>\n<td valign=\"top\" width=\"302\"><b>19 <\/b><b>Ehe Paare = 60 Ehevorbereitugskurses<\/b><b> + 3\u00a0 Trauungen<\/b><\/td>\n<\/tr>\n<\/tbody>\n<\/table>\n<p>&nbsp;<\/p>\n<p><strong>Ekonomick\u00e9 \u0161tatistiky:<\/strong><\/p>\n<table border=\"1\" cellspacing=\"0\" cellpadding=\"0\">\n<tbody>\n<tr>\n<td valign=\"top\" nowrap=\"nowrap\" width=\"356\"><strong>Pr\u00edjmy 2014<\/strong><\/td>\n<td valign=\"top\" nowrap=\"nowrap\" width=\"95\"><\/td>\n<\/tr>\n<tr>\n<td valign=\"top\" nowrap=\"nowrap\" width=\"356\"><\/td>\n<td valign=\"top\" nowrap=\"nowrap\" width=\"95\"><\/td>\n<\/tr>\n<tr>\n<td valign=\"top\" nowrap=\"nowrap\" width=\"356\">Zvon\u010dek<\/td>\n<td valign=\"top\" nowrap=\"nowrap\" width=\"95\">21987.55<\/td>\n<\/tr>\n<tr>\n<td valign=\"top\" nowrap=\"nowrap\" width=\"356\">Ro\u010dn\u00e1 dot\u00e1cia z Vikari\u00e1tu<\/td>\n<td valign=\"top\" nowrap=\"nowrap\" width=\"95\">12468.6<\/td>\n<\/tr>\n<tr>\n<td valign=\"top\" nowrap=\"nowrap\" width=\"356\">Mimoriadna dot\u00e1cia z Vikari\u00e1tu, BS, \u00fa\u010dastn\u00edcke poplatky<\/td>\n<td valign=\"top\" nowrap=\"nowrap\" width=\"95\">4431.55<\/td>\n<\/tr>\n<tr>\n<td valign=\"top\" nowrap=\"nowrap\" width=\"356\">Z predaja kn\u00edh<\/td>\n<td valign=\"top\" nowrap=\"nowrap\" width=\"95\">1088.41<\/td>\n<\/tr>\n<tr>\n<td valign=\"top\" nowrap=\"nowrap\" width=\"356\">Milodary na MI + SKM + viazan\u00e9 dary<\/td>\n<td valign=\"top\" nowrap=\"nowrap\" width=\"95\">8386<\/td>\n<\/tr>\n<tr>\n<td valign=\"top\" nowrap=\"nowrap\" width=\"356\">Milodary zo strany mison\u00e1ra<\/td>\n<td valign=\"top\" nowrap=\"nowrap\" width=\"95\">7372.9<\/td>\n<\/tr>\n<tr>\n<td valign=\"top\" nowrap=\"nowrap\" width=\"356\"><b>SUMA<\/b><\/td>\n<td valign=\"top\" nowrap=\"nowrap\" width=\"95\"><b>55735.01<\/b><\/td>\n<\/tr>\n<\/tbody>\n<\/table>\n<p>&nbsp;<\/p>\n<p>&nbsp;<\/p>\n<table border=\"1\" cellspacing=\"0\" cellpadding=\"0\">\n<tbody>\n<tr>\n<td valign=\"top\" nowrap=\"nowrap\" width=\"359\"><strong>V\u00fddaje 2014<\/strong><\/td>\n<td valign=\"top\" nowrap=\"nowrap\" width=\"93\"><\/td>\n<\/tr>\n<\/tbody>\n<\/table>\n<table border=\"1\" cellspacing=\"0\" cellpadding=\"0\">\n<tbody>\n<tr>\n<td valign=\"top\" nowrap=\"nowrap\" width=\"359\">1.Q<\/td>\n<td valign=\"top\" nowrap=\"nowrap\" width=\"93\">7139.28<\/td>\n<\/tr>\n<tr>\n<td valign=\"top\" nowrap=\"nowrap\" width=\"359\">2.Q<\/td>\n<td valign=\"top\" nowrap=\"nowrap\" width=\"93\">9823.69<\/td>\n<\/tr>\n<tr>\n<td valign=\"top\" nowrap=\"nowrap\" width=\"359\">3.Q<\/td>\n<td valign=\"top\" nowrap=\"nowrap\" width=\"93\">4165.02<\/td>\n<\/tr>\n<tr>\n<td valign=\"top\" nowrap=\"nowrap\" width=\"359\">4.Q<\/td>\n<td valign=\"top\" nowrap=\"nowrap\" width=\"93\">8525.01<\/td>\n<\/tr>\n<tr>\n<td valign=\"top\" nowrap=\"nowrap\" width=\"359\">Polo\u017eky 1.Q \u2013 4.Q: Chod a kancel\u00e1rske potreby, ob\u00e1lky, Gar\u00e1\u017e, parkpvn\u00e9 poplatky, Po\u0161tovn\u00e9, Misijn\u00fd inform\u00e1tor, Liturgick\u00e9 a pastora\u010dn\u00e9 pom\u00f4cky, knihy, ISP, Birmovka, Pastora\u010dn\u00e1 v\u00fdpomoc, \u0161tipendi\u00e1, Ob\u010derstvenia-P\u00fate, Duchovn\u00e9 obnovy, Mikul\u00e1\u0161, Duchovn\u00e1 obnova rod\u00edn, Reprezent\u00e1cia misie, Internet, Telef\u00f3n, web, PC<\/td>\n<td valign=\"top\" nowrap=\"nowrap\" width=\"93\">29563<\/td>\n<\/tr>\n<tr>\n<td valign=\"top\" nowrap=\"nowrap\" width=\"359\">PHM<\/td>\n<td valign=\"top\" nowrap=\"nowrap\" width=\"93\">2483.24<\/td>\n<\/tr>\n<tr>\n<td valign=\"top\" nowrap=\"nowrap\" width=\"359\">Odveden\u00e9 zbierky<\/td>\n<td valign=\"top\" nowrap=\"nowrap\" width=\"93\">1491.3<\/td>\n<\/tr>\n<tr>\n<td valign=\"top\" nowrap=\"nowrap\" width=\"359\">Milodary<\/td>\n<td valign=\"top\" nowrap=\"nowrap\" width=\"93\">1550<\/td>\n<\/tr>\n<tr>\n<td valign=\"top\" nowrap=\"nowrap\" width=\"359\">K\u00fapa, prevod a prev\u00e1dzka Auta<\/td>\n<td valign=\"top\" nowrap=\"nowrap\" width=\"93\">20516.05<\/td>\n<\/tr>\n<tr>\n<td valign=\"top\" nowrap=\"nowrap\" width=\"359\"><b>SUMA<\/b><\/td>\n<td valign=\"top\" nowrap=\"nowrap\" width=\"93\"><b>55693.59<\/b><\/td>\n<\/tr>\n<\/tbody>\n<\/table>\n<p>&nbsp;<\/p>\n<table border=\"1\" cellspacing=\"0\" cellpadding=\"0\">\n<tbody>\n<tr>\n<td valign=\"top\" nowrap=\"nowrap\" width=\"356\"><strong>Rozdiel prijmy 2014 &#8211; v\u00fddaje 2014 =<\/strong><\/td>\n<td valign=\"top\" nowrap=\"nowrap\" width=\"95\"><strong>41.42<\/strong><\/td>\n<\/tr>\n<\/tbody>\n<\/table>\n<p>In\u00e9 ekononomick\u00e9 dokumenty:<\/p>\n<p>Doklady ku k\u00fape Auta:<\/p>\n<p><a href=\"https:\/\/www.skmisia.ch\/wp-content\/uploads\/2015\/02\/\u017diados\u0165-na-reho\u013en\u00e9ho-predstaven\u00e9ho.pdf\">\u017diados\u0165 na reho\u013en\u00e9ho predstaven\u00e9ho<\/a><\/p>\n<p><a href=\"https:\/\/www.skmisia.ch\/wp-content\/uploads\/2015\/02\/S\u00fahlas-Reho\u013en\u00e9ho-predstaven\u00e9ho.pdf\">S\u00fahlas Reho\u013en\u00e9ho predstaven\u00e9ho<\/a><\/p>\n<p><a href=\"https:\/\/www.skmisia.ch\/wp-content\/uploads\/2015\/02\/Stanovisko-Misijnej-rady.pdf\">Stanovisko Misijnej rady<\/a><\/p>\n<p><a href=\"https:\/\/www.skmisia.ch\/wp-content\/uploads\/2015\/02\/\u017diados\u0165-na-Ordin\u00e1ra.pdf\">\u017diados\u0165 na Ordin\u00e1ra<\/a><\/p>\n<p><a href=\"https:\/\/www.skmisia.ch\/wp-content\/uploads\/2015\/02\/S\u00fahlas-Ordin\u00e1ra.pdf\">S\u00fahlas Ordin\u00e1ra<\/a><\/p>\n<p><a href=\"https:\/\/www.skmisia.ch\/wp-content\/uploads\/2015\/02\/Predajn\u00e1-zmluva.pdf\">Predajn\u00e1 zmluva<\/a><\/p>\n<p><a href=\"https:\/\/www.skmisia.ch\/wp-content\/uploads\/2015\/02\/Fakt\u00far.-doklad.pdf\">Fakt\u00far. doklad<\/a><\/p>\n<p>&nbsp;<\/p>\n","protected":false},"excerpt":{"rendered":"<p>Mil\u00ed na\u0161i veriaci, sympatizanti a dobrodincovia SKM. Janu\u00e1r 2015 bol na Slovenskej Katol\u00edckej Misii mesiacom uz\u00e1vierok pastora\u010dn\u00fdch a ekonomick\u00fdch \u0161tatist\u00edk za rok 2014. Okrem Gener\u00e1lneho vikari\u00e1tu v ZH, ktor\u00fd dokumentuje na\u0161u \u010dinnos\u0165, som pova\u017eoval&#46;&#46;&#46;<\/p>\n","protected":false},"author":3,"featured_media":3021,"comment_status":"open","ping_status":"closed","sticky":false,"template":"","format":"standard","meta":{"ngg_post_thumbnail":0},"categories":[24,1],"tags":[],"_links":{"self":[{"href":"https:\/\/www.skmisia.ch\/index.php?rest_route=\/wp\/v2\/posts\/3020"}],"collection":[{"href":"https:\/\/www.skmisia.ch\/index.php?rest_route=\/wp\/v2\/posts"}],"about":[{"href":"https:\/\/www.skmisia.ch\/index.php?rest_route=\/wp\/v2\/types\/post"}],"author":[{"embeddable":true,"href":"https:\/\/www.skmisia.ch\/index.php?rest_route=\/wp\/v2\/users\/3"}],"replies":[{"embeddable":true,"href":"https:\/\/www.skmisia.ch\/index.php?rest_route=%2Fwp%2Fv2%2Fcomments&post=3020"}],"version-history":[{"count":4,"href":"https:\/\/www.skmisia.ch\/index.php?rest_route=\/wp\/v2\/posts\/3020\/revisions"}],"predecessor-version":[{"id":3034,"href":"https:\/\/www.skmisia.ch\/index.php?rest_route=\/wp\/v2\/posts\/3020\/revisions\/3034"}],"wp:featuredmedia":[{"embeddable":true,"href":"https:\/\/www.skmisia.ch\/index.php?rest_route=\/wp\/v2\/media\/3021"}],"wp:attachment":[{"href":"https:\/\/www.skmisia.ch\/index.php?rest_route=%2Fwp%2Fv2%2Fmedia&parent=3020"}],"wp:term":[{"taxonomy":"category","embeddable":true,"href":"https:\/\/www.skmisia.ch\/index.php?rest_route=%2Fwp%2Fv2%2Fcategories&post=3020"},{"taxonomy":"post_tag","embeddable":true,"href":"https:\/\/www.skmisia.ch\/index.php?rest_route=%2Fwp%2Fv2%2Ftags&post=3020"}],"curies":[{"name":"wp","href":"https:\/\/api.w.org\/{rel}","templated":true}]}}