{"id":2997,"date":"2015-02-18T07:39:27","date_gmt":"2015-02-18T06:39:27","guid":{"rendered":"https:\/\/www.skmisia.ch\/?p=2997"},"modified":"2019-04-08T21:09:16","modified_gmt":"2019-04-08T20:09:16","slug":"pozvanka-na-rodinny-vikend-pre-manzelov-a-rodiny","status":"publish","type":"post","link":"https:\/\/www.skmisia.ch\/?p=2997","title":{"rendered":"Pozv\u00e1nka na Rodinn\u00fd v\u00edkend: Pre man\u017eelov a rodiny"},"content":{"rendered":"<p><b style=\"line-height: 1.5em;\">Mil\u00ed man\u017eelia, vesel\u00e9 rodinky!<\/b><\/p>\n<p><b>Srde<\/b><b>\u010d<\/b><b>ne V<\/b><b>\u00e1<\/b><b>s poz<\/b><b>\u00fd<\/b><b>vame na druh<\/b><b>\u00fd<\/b><b> ro<\/b><b>\u010d<\/b><b>n<\/b><b>\u00ed<\/b><b>k Rodinn<\/b><b>\u00e9<\/b><b>ho v\u00edkendu. Chceme nadviaza<\/b><b>\u0165<\/b><b> na minuloro<\/b><b>\u010d<\/b><b>n<\/b><b>\u00e9<\/b><b> v<\/b><b>\u00ed<\/b><b>kendov<\/b><b>\u00e9<\/b><b> stretnutie, ktor<\/b><b>\u00e9<\/b><b> sa nieslo v duchu radostn<\/b><b>\u00e9<\/b><b>ho spolo<\/b><b>\u010d<\/b><b>enstva viery, podelenia sa o<\/b><b>\u00a0<\/b><b>radostiach a starostiach slovensk<\/b><b>\u00fd<\/b><b>ch rod<\/b><b>\u00ed<\/b><b>n, ale i<\/b><b>\u00a0<\/b><b>odreagovania, relaxu <\/b><b>\u010d<\/b><b>i ve<\/b><b>\u010d<\/b><b>era hitov a \u201e<\/b><b>\u013e<\/b><b>udov<\/b><b>\u00fd<\/b><b>ch trad<\/b><b>\u00ed<\/b><b>ci<\/b><b>\u00ed\u201c<\/b><b>. Ka\u017ed\u00fd je pozvan\u00fd prispie<\/b><b>\u0165<\/b><b> do programu v<\/b><b>\u00a0<\/b><b>r<\/b><b>\u00e1<\/b><b>mci svojich mo\u017enost\u00ed a\u00a0schopnost\u00ed.\u00a0<\/b><\/p>\n<p><b>Ak V\u00e1s oslovilo toto pozvanie, nev\u00e1hajte vyplni\u0165 ni\u017e\u0161ie prilo\u017een\u00fa prihl\u00e1\u0161ku, ktor\u00fa odovzd\u00e1te o. Pavlovi Niznerovi najlep\u0161ie do konca mesiaca febru\u00e1ra 2015. Rodinn\u00e9 stretnutie sa uskuto\u010dn\u00ed 6. &#8211; 7. j\u00fana 2015 v &#8211; Zentrum Eckstein, Langgasse 9, 6340 Baar.<\/b><\/p>\n<p>Foto z\u00a0minuloro\u010dn\u00e9ho stretnutia n\u00e1jdete na tomto linku:\u00a0<a href=\"https:\/\/www.skmisia.ch\/?p=1521\" target=\"_blank\" rel=\"noopener noreferrer\">https:\/\/www.skmisia.ch\/?p=1521<\/a><\/p>\n<p>Prihl\u00e1\u0161ka vo form\u00e1te PDF tu:\u00a0<a href=\"https:\/\/www.skmisia.ch\/wp-content\/uploads\/2015\/02\/Rodinn\u00e9-stretnutie-2015.pdf\" target=\"_blank\" rel=\"noopener noreferrer\">Rodinn\u00e9 stretnutie 2015<\/a><\/p>\n<p>&nbsp;<\/p>\n<p>&nbsp;<\/p>\n<p><a href=\"https:\/\/www.skmisia.ch\/wp-content\/uploads\/2015\/02\/Image0010.jpg\" target=\"_blank\" rel=\"noopener noreferrer\"><img decoding=\"async\" loading=\"lazy\" class=\"alignnone size-medium wp-image-2999\" alt=\"Image0010\" src=\"https:\/\/www.skmisia.ch\/wp-content\/uploads\/2015\/02\/Image0010-212x300.jpg\" width=\"212\" height=\"300\" srcset=\"https:\/\/www.skmisia.ch\/wp-content\/uploads\/2015\/02\/Image0010-212x300.jpg 212w, https:\/\/www.skmisia.ch\/wp-content\/uploads\/2015\/02\/Image0010-724x1024.jpg 724w, https:\/\/www.skmisia.ch\/wp-content\/uploads\/2015\/02\/Image0010.jpg 1910w\" sizes=\"(max-width: 212px) 100vw, 212px\" \/><\/a><a href=\"https:\/\/www.skmisia.ch\/wp-content\/uploads\/2015\/02\/Image0011.jpg\" target=\"_blank\" rel=\"noopener noreferrer\"><img decoding=\"async\" loading=\"lazy\" class=\"alignnone size-medium wp-image-3000\" alt=\"Image0011\" src=\"https:\/\/www.skmisia.ch\/wp-content\/uploads\/2015\/02\/Image0011-212x300.jpg\" width=\"212\" height=\"300\" srcset=\"https:\/\/www.skmisia.ch\/wp-content\/uploads\/2015\/02\/Image0011-212x300.jpg 212w, https:\/\/www.skmisia.ch\/wp-content\/uploads\/2015\/02\/Image0011-724x1024.jpg 724w, https:\/\/www.skmisia.ch\/wp-content\/uploads\/2015\/02\/Image0011.jpg 1910w\" sizes=\"(max-width: 212px) 100vw, 212px\" \/><\/a><\/p>\n","protected":false},"excerpt":{"rendered":"<p>Mil\u00ed man\u017eelia, vesel\u00e9 rodinky! Srde\u010dne V\u00e1s poz\u00fdvame na druh\u00fd ro\u010dn\u00edk Rodinn\u00e9ho v\u00edkendu. Chceme nadviaza\u0165 na minuloro\u010dn\u00e9 v\u00edkendov\u00e9 stretnutie, ktor\u00e9 sa nieslo v duchu radostn\u00e9ho spolo\u010denstva viery, podelenia sa o\u00a0radostiach a starostiach slovensk\u00fdch rod\u00edn, ale&#46;&#46;&#46;<\/p>\n","protected":false},"author":3,"featured_media":1780,"comment_status":"open","ping_status":"closed","sticky":false,"template":"","format":"standard","meta":{"ngg_post_thumbnail":0},"categories":[24,1],"tags":[],"_links":{"self":[{"href":"https:\/\/www.skmisia.ch\/index.php?rest_route=\/wp\/v2\/posts\/2997"}],"collection":[{"href":"https:\/\/www.skmisia.ch\/index.php?rest_route=\/wp\/v2\/posts"}],"about":[{"href":"https:\/\/www.skmisia.ch\/index.php?rest_route=\/wp\/v2\/types\/post"}],"author":[{"embeddable":true,"href":"https:\/\/www.skmisia.ch\/index.php?rest_route=\/wp\/v2\/users\/3"}],"replies":[{"embeddable":true,"href":"https:\/\/www.skmisia.ch\/index.php?rest_route=%2Fwp%2Fv2%2Fcomments&post=2997"}],"version-history":[{"count":6,"href":"https:\/\/www.skmisia.ch\/index.php?rest_route=\/wp\/v2\/posts\/2997\/revisions"}],"predecessor-version":[{"id":9332,"href":"https:\/\/www.skmisia.ch\/index.php?rest_route=\/wp\/v2\/posts\/2997\/revisions\/9332"}],"wp:featuredmedia":[{"embeddable":true,"href":"https:\/\/www.skmisia.ch\/index.php?rest_route=\/wp\/v2\/media\/1780"}],"wp:attachment":[{"href":"https:\/\/www.skmisia.ch\/index.php?rest_route=%2Fwp%2Fv2%2Fmedia&parent=2997"}],"wp:term":[{"taxonomy":"category","embeddable":true,"href":"https:\/\/www.skmisia.ch\/index.php?rest_route=%2Fwp%2Fv2%2Fcategories&post=2997"},{"taxonomy":"post_tag","embeddable":true,"href":"https:\/\/www.skmisia.ch\/index.php?rest_route=%2Fwp%2Fv2%2Ftags&post=2997"}],"curies":[{"name":"wp","href":"https:\/\/api.w.org\/{rel}","templated":true}]}}